{"id":68569,"date":"2015-07-03T20:00:45","date_gmt":"2015-07-03T23:00:45","guid":{"rendered":"http:\/\/www.24baires.com\/?p=68569"},"modified":"2015-07-03T19:14:57","modified_gmt":"2015-07-03T22:14:57","slug":"scioli-en-presidente-peron-queremos-llegar-al-rincon-de-cada-barrio-de-la-provincia","status":"publish","type":"post","link":"http:\/\/www.24baires.com\/?p=68569","title":{"rendered":"Scioli en Presidente Per\u00f3n: \u201cQueremos llegar al rinc\u00f3n de cada barrio de la Provincia\u201d"},"content":{"rendered":"<p><img data-recalc-dims=\"1\" loading=\"lazy\" decoding=\"async\" class=\"aligncenter size-full wp-image-63605\" src=\"https:\/\/i0.wp.com\/www.24baires.com\/wp-content\/uploads\/2015\/03\/poli-local-lp.jpg?resize=560%2C379\" alt=\"poli local lp\" width=\"560\" height=\"379\" srcset=\"https:\/\/i0.wp.com\/www.24baires.com\/wp-content\/uploads\/2015\/03\/poli-local-lp.jpg?w=560 560w, https:\/\/i0.wp.com\/www.24baires.com\/wp-content\/uploads\/2015\/03\/poli-local-lp.jpg?resize=300%2C203 300w\" sizes=\"auto, (max-width: 560px) 100vw, 560px\" \/>El gobernador bonaerense asegur\u00f3 que est\u00e1 llevando adelante \u00abla mayor renovaci\u00f3n cuantitativa y cualitativa de la historia de la polic\u00eda\u00bb, al encabezar el acto de egreso de 131 oficiales de la polic\u00eda local en la localidad de Presidente Per\u00f3n.<!--more--><\/p>\n<p>\u00abQuiero una polic\u00eda local con autoridad, no autoritaria, que tenga una fuerte apego a la ley y respeto a los derechos humanos\u00bb, afirm\u00f3 el mandatario bonaerense, qui\u00e9n resalt\u00f3 que la creaci\u00f3n de esta fuerza surgi\u00f3 como consecuencia de la propuesta que le acerc\u00f3 el ministro de Seguridad bonaerense, Alejandro Granados, \u00aba partir la experiencia exitosa que tuvo en Ezeiza\u00bb cuando fue intendente de esa comuna.<\/p>\n<p>Daniel Scioli, en el acto que se realiz\u00f3 en el Club Cultural Social y Deportivo Guernica, estuvo acompa\u00f1ado por el titular de la c\u00e1mara de Diputados de la Naci\u00f3n y precandidato a gobernador bonaerense, Juli\u00e1n Dom\u00ednguez; el secretario de Seguridad, Sergio Berni; el intendente de La Matanza y precandidato a vice gobernador, Fernando Espinoza; el ministro de seguridad, Alejandro Granados, y la intendenta Carina Biroulet, entre otros.<\/p>\n<p>Durante su alocuci\u00f3n, el gobernador record\u00f3 que durante el verano \u00abla presencia policial fue m\u00e1s cercana\u00bb a los turistas que poblaron la costa atl\u00e1ntica, \u00abacci\u00f3n que se realiz\u00f3 sin descuidar el cuidado del conurbano ni las principales ciudades bonaerenses\u00bb.<\/p>\n<p>\u00abEstamos llevando adelante una inversi\u00f3n hist\u00f3rica, nos hicimos eco de esta preocupaci\u00f3n de los vecinos y pusimos en marcha estas polic\u00edas locales\u00bb, enfatiz\u00f3 Scioli, tras lo cual manifest\u00f3 que estas polic\u00edas de prevenci\u00f3n \u00abest\u00e1n familiarizadas con el territorio\u00bb en el que trabajan ya que \u00abconocen a los vecinos y las necesidad de los barrios\u00bb.<\/p>\n<p>Luego destac\u00f3 los primeros resultados beneficiosos para la comunidad que se est\u00e1n dando con la creaci\u00f3n de las polic\u00edas locales, precis\u00f3 que ya son 4.000 los efectivos que \u00abforman parte de los 15.000 que finalmente egresar\u00e1n\u00bb y remarc\u00f3 que \u00abya son 54 los municipios\u00bb bonaerenses adheridos.<\/p>\n<p>Tras elogiar la capacidad del secretario Berni, de quien dijo que \u00abes un hombre de acci\u00f3n\u00bb, Scioli tambi\u00e9n mencion\u00f3 a Dom\u00ednguez y Espinoza, porque comparten con \u00e9l \u00abla misma visi\u00f3n\u00bb y \u00abest\u00e1n dispuestos a tomar la posta\u00bb en la provincia de Buenos Aires.<\/p>\n<p>Scioli, por \u00faltimo, dirigi\u00e9ndose a los egresados, les pidi\u00f3 \u00abun fuerte compromiso de lucha\u00bb y les requiri\u00f3 que \u00abdesplieguen todo ese compromiso y responsabilidad que ahora asumen ante la sociedad que les ha confiado un arma y uniforme para que cuiden a los ciudadanos\u00bb.<\/p>\n<p>&nbsp;<\/p>\n<p>&nbsp;<\/p>\n<p>&nbsp;<\/p>\n<p>&nbsp;<\/p>\n<p>&nbsp;<\/p>\n<p>&nbsp;<\/p>\n","protected":false},"excerpt":{"rendered":"<p>El gobernador bonaerense asegur\u00f3 que est\u00e1 llevando adelante \u00abla mayor renovaci\u00f3n cuantitativa y cualitativa de la historia de la polic\u00eda\u00bb, al encabezar el acto de egreso de 131 oficiales de la polic\u00eda local en la localidad de Presidente Per\u00f3n.<\/p>\n","protected":false},"author":8,"featured_media":0,"comment_status":"open","ping_status":"open","sticky":false,"template":"","format":"standard","meta":{"_jetpack_newsletter_access":"","_jetpack_dont_email_post_to_subs":false,"_jetpack_newsletter_tier_id":0,"_jetpack_memberships_contains_paywalled_content":false,"_jetpack_memberships_contains_paid_content":false,"footnotes":""},"categories":[51],"tags":[],"class_list":["post-68569","post","type-post","status-publish","format-standard","hentry","category-politica"],"jetpack_shortlink":"https:\/\/wp.me\/p2JWE0-hPX","jetpack-related-posts":[{"id":103162,"url":"http:\/\/www.24baires.com\/?p=103162","url_meta":{"origin":68569,"position":0},"title":"Berisso es el primer municipio en eliminar la Polic\u00eda Local","author":"AF","date":"04\/07\/2018","format":false,"excerpt":"La municipalidad de Berisso se convirti\u00f3 en la primera comuna de la provincia en fusionar la Polic\u00eda Local con la bonaerense, siguiendo los planes del Gobierno provincial para eliminar la fuerza creada durante la gesti\u00f3n de Daniel Scioli. El intendente de Berisso, Jorge Nedela, firm\u00f3 ayer un convenio con el\u2026","rel":"","context":"En \u00abLocales\u00bb","block_context":{"text":"Locales","link":"http:\/\/www.24baires.com\/?cat=38"},"img":{"alt_text":"","src":"https:\/\/i0.wp.com\/www.24baires.com\/wp-content\/uploads\/2015\/10\/policia-local-mdp.jpg?resize=350%2C200","width":350,"height":200,"srcset":"https:\/\/i0.wp.com\/www.24baires.com\/wp-content\/uploads\/2015\/10\/policia-local-mdp.jpg?resize=350%2C200 1x, https:\/\/i0.wp.com\/www.24baires.com\/wp-content\/uploads\/2015\/10\/policia-local-mdp.jpg?resize=525%2C300 1.5x"},"classes":[]},{"id":53252,"url":"http:\/\/www.24baires.com\/?p=53252","url_meta":{"origin":68569,"position":1},"title":"Presidente Per\u00f3n suma la Polic\u00eda Local","author":"AF","date":"08\/09\/2014","format":false,"excerpt":"El gobernador Daniel Scioli visita el distrito de Presidente Per\u00f3n para presidir la firma del convenio, junto a la intendenta Carina Biroulet, para la creaci\u00f3n de dicha fuerza de seguridad en el distrito, en el marco de una ceremonia y acto central que se realizar\u00e1, en el Club Cultural de\u2026","rel":"","context":"En \u00abLocales\u00bb","block_context":{"text":"Locales","link":"http:\/\/www.24baires.com\/?cat=38"},"img":{"alt_text":"polic\u00eda municipal","src":"https:\/\/i0.wp.com\/www.24baires.com\/wp-content\/uploads\/2014\/07\/polic%C3%ADa-municipal.jpg?resize=350%2C200","width":350,"height":200,"srcset":"https:\/\/i0.wp.com\/www.24baires.com\/wp-content\/uploads\/2014\/07\/polic%C3%ADa-municipal.jpg?resize=350%2C200 1x, https:\/\/i0.wp.com\/www.24baires.com\/wp-content\/uploads\/2014\/07\/polic%C3%ADa-municipal.jpg?resize=525%2C300 1.5x"},"classes":[]},{"id":63106,"url":"http:\/\/www.24baires.com\/?p=63106","url_meta":{"origin":68569,"position":2},"title":"\u00abMacri lavate la boca, no pod\u00e9s hablar de peronismo\u00bb, dijo Espinoza","author":"GB","date":"13\/03\/2015","format":false,"excerpt":"El intendente de La Matanza y presidente del PJ bonaerense, Fernando Espinoza, particip\u00f3 en un acto organizado por la UOCRA en la localidad de San Nicol\u00e1s donde estuvieron presentes el gobernador, Daniel Scioli, el intendente local, Ismael Passaglia, el diputado nacional y Secretario general de la UOCRA, Carlos Romero y\u2026","rel":"","context":"En \u00abPol\u00edtica\u00bb","block_context":{"text":"Pol\u00edtica","link":"http:\/\/www.24baires.com\/?cat=51"},"img":{"alt_text":"pj bona","src":"https:\/\/i0.wp.com\/www.24baires.com\/wp-content\/uploads\/2014\/10\/pj-bona.jpg?resize=350%2C200","width":350,"height":200,"srcset":"https:\/\/i0.wp.com\/www.24baires.com\/wp-content\/uploads\/2014\/10\/pj-bona.jpg?resize=350%2C200 1x, https:\/\/i0.wp.com\/www.24baires.com\/wp-content\/uploads\/2014\/10\/pj-bona.jpg?resize=525%2C300 1.5x"},"classes":[]},{"id":73713,"url":"http:\/\/www.24baires.com\/?p=73713","url_meta":{"origin":68569,"position":3},"title":"Scioli y An\u00edbal celebran el D\u00eda de la Lealtad con un acto en La Matanza","author":"AF","date":"17\/10\/2015","format":false,"excerpt":"Los candidatos del FpV a presidente y gobernador bonaerense, Daniel Scioli y An\u00edbal Fern\u00e1ndez, participar\u00e1n este s\u00e1bado de la celebraci\u00f3n, que organizar\u00e1 el Partido Justicialista (PJ) bonaerense en la localidad de Gonz\u00e1lez Cat\u00e1n, partido de La Matanza. De esta manera, Scioli, Fern\u00e1ndez y el intendente de La Matanza, Fernando Espinoza,\u2026","rel":"","context":"En \u00abPol\u00edtica\u00bb","block_context":{"text":"Pol\u00edtica","link":"http:\/\/www.24baires.com\/?cat=51"},"img":{"alt_text":"zannini scioli bossio an\u00edbal","src":"https:\/\/i0.wp.com\/www.24baires.com\/wp-content\/uploads\/2015\/07\/zannini-scioli-bossio-an%C3%ADbal.jpg?resize=350%2C200","width":350,"height":200,"srcset":"https:\/\/i0.wp.com\/www.24baires.com\/wp-content\/uploads\/2015\/07\/zannini-scioli-bossio-an%C3%ADbal.jpg?resize=350%2C200 1x, https:\/\/i0.wp.com\/www.24baires.com\/wp-content\/uploads\/2015\/07\/zannini-scioli-bossio-an%C3%ADbal.jpg?resize=525%2C300 1.5x"},"classes":[]},{"id":32011,"url":"http:\/\/www.24baires.com\/?p=32011","url_meta":{"origin":68569,"position":4},"title":"Cristina inaugur\u00f3 las obras de ampliaci\u00f3n de SanCor en Chivilcoy","author":"AF","date":"17\/09\/2013","format":false,"excerpt":"Cristina encabez\u00f3 la inauguraci\u00f3n de las obras de ampliaci\u00f3n en la planta de la empresa l\u00e1ctea en esa localidad bonaerense. La acompa\u00f1aron el gobernador Scioli y el candidato a diputado Mart\u00edn Insaurralde. Del acto participaron el gobernador Daniel Scioli, el primer candidato a diputado nacional por el Frente para la\u2026","rel":"","context":"En \u00abPol\u00edtica\u00bb","block_context":{"text":"Pol\u00edtica","link":"http:\/\/www.24baires.com\/?cat=51"},"img":{"alt_text":"","src":"","width":0,"height":0},"classes":[]},{"id":71836,"url":"http:\/\/www.24baires.com\/?p=71836","url_meta":{"origin":68569,"position":5},"title":"Scioli encabez\u00f3 egreso de la Polic\u00eda Local en San Mart\u00edn","author":"GB","date":"08\/09\/2015","format":false,"excerpt":"El Gobernador bonaerense y candidato presidencial del FpV, Daniel Scioli encabez\u00f3 el acto junto a 235 oficiales que se incorporar\u00e1n a la fuerza a partir del 9 de septiembre. Durante el acto de egreso de los m\u00e1s de doscientos polic\u00edas de la localidad de San Mart\u00edn donde tambi\u00e9n estuvo presente\u2026","rel":"","context":"En \u00abPol\u00edtica\u00bb","block_context":{"text":"Pol\u00edtica","link":"http:\/\/www.24baires.com\/?cat=51"},"img":{"alt_text":"poli local lp","src":"https:\/\/i0.wp.com\/www.24baires.com\/wp-content\/uploads\/2015\/03\/poli-local-lp.jpg?resize=350%2C200","width":350,"height":200,"srcset":"https:\/\/i0.wp.com\/www.24baires.com\/wp-content\/uploads\/2015\/03\/poli-local-lp.jpg?resize=350%2C200 1x, https:\/\/i0.wp.com\/www.24baires.com\/wp-content\/uploads\/2015\/03\/poli-local-lp.jpg?resize=525%2C300 1.5x"},"classes":[]}],"jetpack_sharing_enabled":true,"jetpack_likes_enabled":true,"jetpack_featured_media_url":"","_links":{"self":[{"href":"http:\/\/www.24baires.com\/index.php?rest_route=\/wp\/v2\/posts\/68569","targetHints":{"allow":["GET"]}}],"collection":[{"href":"http:\/\/www.24baires.com\/index.php?rest_route=\/wp\/v2\/posts"}],"about":[{"href":"http:\/\/www.24baires.com\/index.php?rest_route=\/wp\/v2\/types\/post"}],"author":[{"embeddable":true,"href":"http:\/\/www.24baires.com\/index.php?rest_route=\/wp\/v2\/users\/8"}],"replies":[{"embeddable":true,"href":"http:\/\/www.24baires.com\/index.php?rest_route=%2Fwp%2Fv2%2Fcomments&post=68569"}],"version-history":[{"count":1,"href":"http:\/\/www.24baires.com\/index.php?rest_route=\/wp\/v2\/posts\/68569\/revisions"}],"predecessor-version":[{"id":68570,"href":"http:\/\/www.24baires.com\/index.php?rest_route=\/wp\/v2\/posts\/68569\/revisions\/68570"}],"wp:attachment":[{"href":"http:\/\/www.24baires.com\/index.php?rest_route=%2Fwp%2Fv2%2Fmedia&parent=68569"}],"wp:term":[{"taxonomy":"category","embeddable":true,"href":"http:\/\/www.24baires.com\/index.php?rest_route=%2Fwp%2Fv2%2Fcategories&post=68569"},{"taxonomy":"post_tag","embeddable":true,"href":"http:\/\/www.24baires.com\/index.php?rest_route=%2Fwp%2Fv2%2Ftags&post=68569"}],"curies":[{"name":"wp","href":"https:\/\/api.w.org\/{rel}","templated":true}]}}