{"id":68558,"date":"2015-07-03T17:22:17","date_gmt":"2015-07-03T20:22:17","guid":{"rendered":"http:\/\/www.24baires.com\/?p=68558"},"modified":"2015-07-03T17:22:17","modified_gmt":"2015-07-03T20:22:17","slug":"cristina-viajara-a-paraguay-en-la-visita-oficial-del-papa-francisco","status":"publish","type":"post","link":"http:\/\/www.24baires.com\/?p=68558","title":{"rendered":"Cristina viajar\u00e1 a Paraguay en la visita oficial del papa Francisco"},"content":{"rendered":"<p><img data-recalc-dims=\"1\" loading=\"lazy\" decoding=\"async\" class=\"aligncenter size-full wp-image-53970\" src=\"https:\/\/i0.wp.com\/www.24baires.com\/wp-content\/uploads\/2014\/09\/cristina-y-francisco.jpg?resize=560%2C314\" alt=\"cristina y francisco\" width=\"560\" height=\"314\" srcset=\"https:\/\/i0.wp.com\/www.24baires.com\/wp-content\/uploads\/2014\/09\/cristina-y-francisco.jpg?w=560 560w, https:\/\/i0.wp.com\/www.24baires.com\/wp-content\/uploads\/2014\/09\/cristina-y-francisco.jpg?resize=300%2C168 300w\" sizes=\"auto, (max-width: 560px) 100vw, 560px\" \/>La mandataria estar\u00e1 all\u00ed desde el 11 hasta el 13 de julio. El Sumo Pont\u00edfice llegar\u00e1 un d\u00eda antes, tras visitar Ecuador y Bolivia, en el marco de su gira sudamericana que comenzar\u00e1 este domingo.<!--more--><\/p>\n<p>El papa Francisco llegar\u00e1 a Ecuador este domingo, en el marco de la gira sudamericana que luego tendr\u00e1 como destinos Bolivia y Paraguay. En este \u00faltimo pa\u00eds contar\u00e1 con la presencia de la presidenta Cristina Kirchner.<\/p>\n<p>Ecuador -con unos diez millones de habitantes-, Bolivia -con unos 15 millones- y Paraguay -con unos siete-, son tres pa\u00edses donde los cat\u00f3licos son mayor\u00eda y en donde los \u00edndices de pobreza, pese a los progresos de los \u00faltimos a\u00f1os, contin\u00faan en la agenda de los respectivos gobiernos.<br \/>\nEl viaje hacia esas tres naciones representa un valor muy significativo tras la publicaci\u00f3n de la enc\u00edclica \u00abLaudato si\u00bb, que Francisco dedic\u00f3 a la custodia de lo creado, al tiempo que son pa\u00edses con fuertes componentes ind\u00edgenas, mestizados de etnias y culturas, seg\u00fan un despacho de la agencia Ansa.<br \/>\nEl viaje plantea, adem\u00e1s, algunos desaf\u00edos geogr\u00e1ficos, como en la etapa de El Alto, vecina a La Paz, donde el Santo Padre deber\u00e1 afrontar una altura de 4.600 metros sobre el nivel.<br \/>\n\u00abSabemos que puede ser un reto para hacer un viaje con estos cambios de altitud, pero el Papa no tiene la m\u00e1s m\u00ednima preocupaci\u00f3n o incertidumbre, quiso hacer esta etapa\u00bb en Am\u00e9rica Latina \u00aby la hace con la total convicci\u00f3n de poder hacerla bien\u00bb, dijo el vocero.<br \/>\nEl arco natural que abarcan los tres pa\u00edses va desde los Andes hasta el Amazonas, son pa\u00edses que Jorge Bergoglio tambi\u00e9n visit\u00f3 antes de convertirse en Papa, y donde tiene amigos, como en el Colegio Javier de los jesuitas ecuatorianos, inform\u00f3 la agencia Ansa.<br \/>\nAm\u00e9rica Latina hace prever una gran participaci\u00f3n en las misas p\u00fablicas y en los diversos traslados que el pont\u00edfice eligi\u00f3 realizar a lo largo de kil\u00f3metros, con el papam\u00f3vil descubierto.<br \/>\nEl viaje anticipa una agenda muy cargada ya que Francisco estar\u00e1 unas 48 horas en cada naci\u00f3n, visitando al menos dos ciudades en cada una, con citas que incluir\u00e1n a los ancianos en Ecuador, los detenidos en Bolivia y los ni\u00f1os enfermos en Paraguay.<br \/>\nEl hilo conductor de las visitas -dijo Lombardi- es \u00abla alegr\u00eda del anuncio del Evangelio. Los textos que tener presentes son el \u00abEvangelii gaudium\u00bb del papa Francisco y el documento de Aparecida, redactado por el entonces arzobispo Bergoglio\u00bb.<br \/>\nEntre los momentos a tener particularmente en cuenta se encuentra la participaci\u00f3n del Papa, en Santa Cruz, el 9 de julio, en la jornada final del II Encuentro Mundial de Movimientos Populares.<br \/>\n\u00abProbablemente -anunci\u00f3 Lombardi- los movimientos entregar\u00e1n el documento final al Papa, para que lo tenga presente tambi\u00e9n en vista de su visita a la ONU en septiembre\u00bb.<\/p>\n<p>&nbsp;<\/p>\n<p>&nbsp;<\/p>\n<p>&nbsp;<\/p>\n<p>&nbsp;<\/p>\n<p>&nbsp;<\/p>\n<p>&nbsp;<\/p>\n<p>&nbsp;<\/p>\n<p>&nbsp;<\/p>\n<p>&nbsp;<\/p>\n<p>&nbsp;<\/p>\n<p>&nbsp;<\/p>\n<p>&nbsp;<\/p>\n<p>&nbsp;<\/p>\n<p>&nbsp;<\/p>\n<p>&nbsp;<\/p>\n<p>&nbsp;<\/p>\n<p>&nbsp;<\/p>\n<p>&nbsp;<\/p>\n","protected":false},"excerpt":{"rendered":"<p>La mandataria estar\u00e1 all\u00ed desde el 11 hasta el 13 de julio. El Sumo Pont\u00edfice llegar\u00e1 un d\u00eda antes, tras visitar Ecuador y Bolivia, en el marco de su gira sudamericana que comenzar\u00e1 este domingo.<\/p>\n","protected":false},"author":8,"featured_media":0,"comment_status":"open","ping_status":"open","sticky":false,"template":"","format":"standard","meta":{"_jetpack_newsletter_access":"","_jetpack_dont_email_post_to_subs":false,"_jetpack_newsletter_tier_id":0,"_jetpack_memberships_contains_paywalled_content":false,"_jetpack_memberships_contains_paid_content":false,"footnotes":""},"categories":[51],"tags":[],"class_list":["post-68558","post","type-post","status-publish","format-standard","hentry","category-politica"],"jetpack_shortlink":"https:\/\/wp.me\/p2JWE0-hPM","jetpack-related-posts":[{"id":68617,"url":"http:\/\/www.24baires.com\/?p=68617","url_meta":{"origin":68558,"position":0},"title":"Francisco ya est\u00e1 en Ecuador para comenzar su gira por Sudam\u00e9rica","author":"GB","date":"05\/07\/2015","format":false,"excerpt":"El papa lleg\u00f3 a las 14:45 (16:45 hora argentina) a Ecuador, 15 minutos antes de lo previsto, en el inicio de su visita y tras una ceremonia de bienvenida con honores protocolares, encabezada por el presidente Rafael Correa, se trasladar\u00e1 en un jeep adaptado para emular al Papam\u00f3vil hasta la\u2026","rel":"","context":"En \u00abSociedad\u00bb","block_context":{"text":"Sociedad","link":"http:\/\/www.24baires.com\/?cat=1"},"img":{"alt_text":"","src":"https:\/\/i0.wp.com\/www.24baires.com\/wp-content\/uploads\/2015\/07\/papa-correa.jpg?resize=350%2C200","width":350,"height":200,"srcset":"https:\/\/i0.wp.com\/www.24baires.com\/wp-content\/uploads\/2015\/07\/papa-correa.jpg?resize=350%2C200 1x, https:\/\/i0.wp.com\/www.24baires.com\/wp-content\/uploads\/2015\/07\/papa-correa.jpg?resize=525%2C300 1.5x"},"classes":[]},{"id":68950,"url":"http:\/\/www.24baires.com\/?p=68950","url_meta":{"origin":68558,"position":1},"title":"Cristina salud\u00f3 al Papa tras la misa en Paraguay","author":"AF","date":"12\/07\/2015","format":false,"excerpt":"La Presidenta asisti\u00f3 a la multitudinaria misa celebrada por Francisco en el parque \u00d1u Guas\u00fa y, concluida la ceremonia, salud\u00f3 al sumo pont\u00edfice y le entreg\u00f3 un obsequio. La misa coron\u00f3 la gira del Papa por Ecuador, Bolivia y Paraguay. La misa en el Parque \u00d1u Guasu, en cercan\u00edas de\u2026","rel":"","context":"En \u00abLocales\u00bb","block_context":{"text":"Locales","link":"http:\/\/www.24baires.com\/?cat=38"},"img":{"alt_text":"","src":"","width":0,"height":0},"classes":[]},{"id":68589,"url":"http:\/\/www.24baires.com\/?p=68589","url_meta":{"origin":68558,"position":2},"title":"Francisco iniciar\u00e1 el domingo su viaje por Sudam\u00e9rica","author":"GB","date":"04\/07\/2015","format":false,"excerpt":"La gira del Papa incluir\u00e1 tambi\u00e9n a Bolivia y Paraguay. Ser\u00e1 seguida en vivo por millones de fieles de la regi\u00f3n. En total oficiar\u00e1 cinco misas, pronunciar\u00e1 12 discursos y har\u00e1 visitas de cortes\u00eda a los presidentes de los tres Estados. Francisco arribar\u00e1 al aeropuerto internacional Mariscal Sucre de Quito\u2026","rel":"","context":"En \u00abSociedad\u00bb","block_context":{"text":"Sociedad","link":"http:\/\/www.24baires.com\/?cat=1"},"img":{"alt_text":"papa francisco","src":"https:\/\/i0.wp.com\/www.24baires.com\/wp-content\/uploads\/2014\/03\/papa-francisco.jpg?resize=350%2C200","width":350,"height":200,"srcset":"https:\/\/i0.wp.com\/www.24baires.com\/wp-content\/uploads\/2014\/03\/papa-francisco.jpg?resize=350%2C200 1x, https:\/\/i0.wp.com\/www.24baires.com\/wp-content\/uploads\/2014\/03\/papa-francisco.jpg?resize=525%2C300 1.5x"},"classes":[]},{"id":111103,"url":"http:\/\/www.24baires.com\/?p=111103","url_meta":{"origin":68558,"position":3},"title":"Papa Francisco: \u00abMe gustar\u00eda visitar la Argentina el a\u00f1o pr\u00f3ximo\u00bb","author":"AF","date":"07\/07\/2019","format":false,"excerpt":"Tras muchas dilaciones desde que asumi\u00f3 en 2013, y luego de haber visitado varios pa\u00edses de Latinoam\u00e9rica, el Pont\u00edfice har\u00eda su primera visita como jefe de la Iglesia tras las elecciones. El papa Francisco declar\u00f3 que le \"gustar\u00eda visitar la Argentina el a\u00f1o pr\u00f3ximo\". Tras a\u00f1os de dilaciones, la primera\u2026","rel":"","context":"En \u00abSociedad\u00bb","block_context":{"text":"Sociedad","link":"http:\/\/www.24baires.com\/?cat=1"},"img":{"alt_text":"","src":"https:\/\/i0.wp.com\/www.24baires.com\/wp-content\/uploads\/2013\/12\/francisco.jpg?resize=350%2C200","width":350,"height":200,"srcset":"https:\/\/i0.wp.com\/www.24baires.com\/wp-content\/uploads\/2013\/12\/francisco.jpg?resize=350%2C200 1x, https:\/\/i0.wp.com\/www.24baires.com\/wp-content\/uploads\/2013\/12\/francisco.jpg?resize=525%2C300 1.5x"},"classes":[]},{"id":68929,"url":"http:\/\/www.24baires.com\/?p=68929","url_meta":{"origin":68558,"position":4},"title":"El Papa elogi\u00f3 a Paraguay \u00abpor saber recuperarse ante la adversidad\u00bb","author":"AF","date":"11\/07\/2015","format":false,"excerpt":"El papa Francisco reconoci\u00f3 el esfuerzo de Paraguay por \"sanear su democracia y combatir el narcotr\u00e1fico\" y elogi\u00f3 al pueblo paraguayo \"por saber recuperarse ante la adversidad\" al hablar hoy tras la audiencia que mantuvo con el presidente Horacio Cartes en el Palacio de L\u00f3pez, sede del gobierno de ese\u2026","rel":"","context":"En \u00abInternacionales\u00bb","block_context":{"text":"Internacionales","link":"http:\/\/www.24baires.com\/?cat=73"},"img":{"alt_text":"papa francisco","src":"https:\/\/i0.wp.com\/www.24baires.com\/wp-content\/uploads\/2013\/10\/papa-francisco.jpg?resize=350%2C200","width":350,"height":200,"srcset":"https:\/\/i0.wp.com\/www.24baires.com\/wp-content\/uploads\/2013\/10\/papa-francisco.jpg?resize=350%2C200 1x, https:\/\/i0.wp.com\/www.24baires.com\/wp-content\/uploads\/2013\/10\/papa-francisco.jpg?resize=525%2C300 1.5x"},"classes":[]},{"id":119126,"url":"http:\/\/www.24baires.com\/?p=119126","url_meta":{"origin":68558,"position":5},"title":"\u00abTenemos que estar m\u00e1s unidos que nunca\u00bb","author":"AF","date":"21\/07\/2022","format":false,"excerpt":"El Presidente inst\u00f3 a sus pares a \"resolver las asimetr\u00edas\" dentro del bloque, y llam\u00f3 en su discurso explorar la posibilidad de hacer un acuerdo comercial conjunto con China, en medio de las negociaciones que lleva acabo Uruguay con el gigante asi\u00e1tico. El presidente Alberto Fern\u00e1ndez inst\u00f3 este jueves a\u2026","rel":"","context":"En \u00abPol\u00edtica\u00bb","block_context":{"text":"Pol\u00edtica","link":"http:\/\/www.24baires.com\/?cat=51"},"img":{"alt_text":"","src":"https:\/\/i0.wp.com\/www.24baires.com\/wp-content\/uploads\/2022\/07\/alberto-f.jpg?resize=350%2C200","width":350,"height":200,"srcset":"https:\/\/i0.wp.com\/www.24baires.com\/wp-content\/uploads\/2022\/07\/alberto-f.jpg?resize=350%2C200 1x, https:\/\/i0.wp.com\/www.24baires.com\/wp-content\/uploads\/2022\/07\/alberto-f.jpg?resize=525%2C300 1.5x, https:\/\/i0.wp.com\/www.24baires.com\/wp-content\/uploads\/2022\/07\/alberto-f.jpg?resize=700%2C400 2x"},"classes":[]}],"jetpack_sharing_enabled":true,"jetpack_likes_enabled":true,"jetpack_featured_media_url":"","_links":{"self":[{"href":"http:\/\/www.24baires.com\/index.php?rest_route=\/wp\/v2\/posts\/68558","targetHints":{"allow":["GET"]}}],"collection":[{"href":"http:\/\/www.24baires.com\/index.php?rest_route=\/wp\/v2\/posts"}],"about":[{"href":"http:\/\/www.24baires.com\/index.php?rest_route=\/wp\/v2\/types\/post"}],"author":[{"embeddable":true,"href":"http:\/\/www.24baires.com\/index.php?rest_route=\/wp\/v2\/users\/8"}],"replies":[{"embeddable":true,"href":"http:\/\/www.24baires.com\/index.php?rest_route=%2Fwp%2Fv2%2Fcomments&post=68558"}],"version-history":[{"count":1,"href":"http:\/\/www.24baires.com\/index.php?rest_route=\/wp\/v2\/posts\/68558\/revisions"}],"predecessor-version":[{"id":68559,"href":"http:\/\/www.24baires.com\/index.php?rest_route=\/wp\/v2\/posts\/68558\/revisions\/68559"}],"wp:attachment":[{"href":"http:\/\/www.24baires.com\/index.php?rest_route=%2Fwp%2Fv2%2Fmedia&parent=68558"}],"wp:term":[{"taxonomy":"category","embeddable":true,"href":"http:\/\/www.24baires.com\/index.php?rest_route=%2Fwp%2Fv2%2Fcategories&post=68558"},{"taxonomy":"post_tag","embeddable":true,"href":"http:\/\/www.24baires.com\/index.php?rest_route=%2Fwp%2Fv2%2Ftags&post=68558"}],"curies":[{"name":"wp","href":"https:\/\/api.w.org\/{rel}","templated":true}]}}