{"id":68526,"date":"2015-07-03T10:22:16","date_gmt":"2015-07-03T13:22:16","guid":{"rendered":"http:\/\/www.24baires.com\/?p=68526"},"modified":"2015-07-04T09:59:41","modified_gmt":"2015-07-04T12:59:41","slug":"anibal-maximo-ha-organizado-la-agrupacion-con-mas-mistica-del-pais","status":"publish","type":"post","link":"http:\/\/www.24baires.com\/?p=68526","title":{"rendered":"An\u00edbal: \u00abM\u00e1ximo ha organizado la agrupaci\u00f3n con m\u00e1s m\u00edstica del pa\u00eds\u00bb"},"content":{"rendered":"<p><img data-recalc-dims=\"1\" loading=\"lazy\" decoding=\"async\" src=\"https:\/\/i0.wp.com\/www.24baires.com\/wp-content\/uploads\/2012\/11\/fern%C3%A1ndez-an%C3%ADbal2.jpg?resize=560%2C361\" alt=\"fern\u00e1ndez an\u00edbal2\" width=\"560\" height=\"361\" class=\"aligncenter size-full wp-image-5267\" srcset=\"https:\/\/i0.wp.com\/www.24baires.com\/wp-content\/uploads\/2012\/11\/fern%C3%A1ndez-an%C3%ADbal2.jpg?w=560 560w, https:\/\/i0.wp.com\/www.24baires.com\/wp-content\/uploads\/2012\/11\/fern%C3%A1ndez-an%C3%ADbal2.jpg?resize=300%2C193 300w\" sizes=\"auto, (max-width: 560px) 100vw, 560px\" \/>El jefe de Gabinete destac\u00f3 que si el hijo de la presidenta Cristina Fern\u00e1ndez de Kirchner ahora \u00abha decidido mostrarse, no hay duda de que tiene un mont\u00f3n de trabajo realizado para poner sobre la mesa\u00bb.<!--more--><\/p>\n<p>Fern\u00e1ndez analiz\u00f3 as\u00ed la presencia del candidato a diputado nacional por la provincia de Santa Cruz en el acto realizado anoche en R\u00edo Gallegos en homenaje al ex presidente N\u00e9stor Kirchner, donde particip\u00f3 la f\u00f3rmula presidencial del Frente para la Victoria, Daniel Scioli y Carlos Zannini.<\/p>\n<p>En declaraciones a la prensa previo a su ingreso a la Casa Rosada, el ministro coordinador a\u00f1adi\u00f3 que La C\u00e1mpora \u00abtiene legitimidad en la juventud\u00bb y \u00abtiene presencia en todos los distritos del pa\u00eds\u00bb.<\/p>\n","protected":false},"excerpt":{"rendered":"<p>El jefe de Gabinete destac\u00f3 que si el hijo de la presidenta Cristina Fern\u00e1ndez de Kirchner ahora \u00abha decidido mostrarse, no hay duda de que tiene un mont\u00f3n de trabajo realizado para poner sobre la mesa\u00bb.<\/p>\n","protected":false},"author":4,"featured_media":0,"comment_status":"open","ping_status":"open","sticky":false,"template":"","format":"standard","meta":{"_jetpack_newsletter_access":"","_jetpack_dont_email_post_to_subs":false,"_jetpack_newsletter_tier_id":0,"_jetpack_memberships_contains_paywalled_content":false,"_jetpack_memberships_contains_paid_content":false,"footnotes":""},"categories":[51],"tags":[],"class_list":["post-68526","post","type-post","status-publish","format-standard","hentry","category-politica"],"jetpack_shortlink":"https:\/\/wp.me\/p2JWE0-hPg","jetpack-related-posts":[{"id":112084,"url":"http:\/\/www.24baires.com\/?p=112084","url_meta":{"origin":68526,"position":0},"title":"\u00abEl pueblo argentino tiene que recuperar el derecho a ser feliz\u00bb","author":"AF","date":"15\/09\/2019","format":false,"excerpt":"\u201cHay alg\u00fan torcedor de Racing, del equipo de Kirchner\u201d, pregunta Lula apenas ingresa a la sala donde se realiz\u00f3 la entrevista. La amistad construida con los Kirchner siempre aparece en los encuentros con el ex presidente brasile\u00f1o. La afinidad entre presidentes fue un elemento que potenci\u00f3 la agenda de integraci\u00f3n.\u2026","rel":"","context":"En \u00abPol\u00edtica\u00bb","block_context":{"text":"Pol\u00edtica","link":"http:\/\/www.24baires.com\/?cat=51"},"img":{"alt_text":"","src":"https:\/\/i0.wp.com\/www.24baires.com\/wp-content\/uploads\/2018\/04\/lula-2.jpg?resize=350%2C200","width":350,"height":200,"srcset":"https:\/\/i0.wp.com\/www.24baires.com\/wp-content\/uploads\/2018\/04\/lula-2.jpg?resize=350%2C200 1x, https:\/\/i0.wp.com\/www.24baires.com\/wp-content\/uploads\/2018\/04\/lula-2.jpg?resize=525%2C300 1.5x"},"classes":[]},{"id":120266,"url":"http:\/\/www.24baires.com\/?p=120266","url_meta":{"origin":68526,"position":1},"title":"El Gasoducto N\u00e9stor Kirchner es la mayor obra energ\u00e9tica en 30 a\u00f1os","author":"GB","date":"10\/07\/2023","format":false,"excerpt":"Con la esperada foto de unidad, Cristina, Massa, Alberto y Rossi inauguraron la obra energ\u00e9tica m\u00e1s imponente e importante de las \u00faltimas d\u00e9cadas: el gasoducto presidente N\u00e9stor Kirchner. El presidente Alberto Fern\u00e1ndez, la vicepresidenta Cristina Fern\u00e1ndez de Kirchner y el ministro de Econom\u00eda y precandidato presidencial de Uni\u00f3n por la\u2026","rel":"","context":"En \u00abPol\u00edtica\u00bb","block_context":{"text":"Pol\u00edtica","link":"http:\/\/www.24baires.com\/?cat=51"},"img":{"alt_text":"","src":"https:\/\/i0.wp.com\/www.24baires.com\/wp-content\/uploads\/2023\/07\/gasoducto.jpeg?resize=350%2C200","width":350,"height":200,"srcset":"https:\/\/i0.wp.com\/www.24baires.com\/wp-content\/uploads\/2023\/07\/gasoducto.jpeg?resize=350%2C200 1x, https:\/\/i0.wp.com\/www.24baires.com\/wp-content\/uploads\/2023\/07\/gasoducto.jpeg?resize=525%2C300 1.5x, https:\/\/i0.wp.com\/www.24baires.com\/wp-content\/uploads\/2023\/07\/gasoducto.jpeg?resize=700%2C400 2x, https:\/\/i0.wp.com\/www.24baires.com\/wp-content\/uploads\/2023\/07\/gasoducto.jpeg?resize=1050%2C600 3x"},"classes":[]},{"id":119319,"url":"http:\/\/www.24baires.com\/?p=119319","url_meta":{"origin":68526,"position":2},"title":"Alberto asistir\u00e1 a la \u00abMisa por la paz y la fraternidad\u00bb en Luj\u00e1n","author":"AF","date":"09\/09\/2022","format":false,"excerpt":"La convocatoria, que tiene como prop\u00f3sito \"rencausar la convivencia democr\u00e1tica\" tras el intento de asesinato a la vicepresidenta Cristina Fern\u00e1ndez, formar\u00e1 parte de una serie de actividades que incluir\u00e1 actos en Parque Lezama, Parque Patricios y San Justo. El presidente Alberto Fern\u00e1ndez asistir\u00e1 este s\u00e1bado a la \"Misa por la\u2026","rel":"","context":"En \u00abSociedad\u00bb","block_context":{"text":"Sociedad","link":"http:\/\/www.24baires.com\/?cat=1"},"img":{"alt_text":"","src":"https:\/\/i0.wp.com\/www.24baires.com\/wp-content\/uploads\/2020\/11\/alberto-fernandez-anuncia-la-construccion-centros-la-ninez.jpg?resize=350%2C200","width":350,"height":200,"srcset":"https:\/\/i0.wp.com\/www.24baires.com\/wp-content\/uploads\/2020\/11\/alberto-fernandez-anuncia-la-construccion-centros-la-ninez.jpg?resize=350%2C200 1x, https:\/\/i0.wp.com\/www.24baires.com\/wp-content\/uploads\/2020\/11\/alberto-fernandez-anuncia-la-construccion-centros-la-ninez.jpg?resize=525%2C300 1.5x, https:\/\/i0.wp.com\/www.24baires.com\/wp-content\/uploads\/2020\/11\/alberto-fernandez-anuncia-la-construccion-centros-la-ninez.jpg?resize=700%2C400 2x"},"classes":[]},{"id":118232,"url":"http:\/\/www.24baires.com\/?p=118232","url_meta":{"origin":68526,"position":3},"title":"Fern\u00e1ndez llam\u00f3 a votar por el \u00abfuturo de una Argentina que crece al 10% por a\u00f1o\u00bb","author":"AF","date":"05\/11\/2021","format":false,"excerpt":"El Presidente tambi\u00e9n destac\u00f3 los logros de la gesti\u00f3n de N\u00e9stor y Cristina Kirchner por tener un super\u00e1vit fiscal y comercial, acumulaci\u00f3n de reservas y desendeudamiento, en un acto en Costa Salguero junto a Andr\u00e9s Rodr\u00edguez (UPCN). El presidente Alberto Fern\u00e1ndez afirm\u00f3 que \"hay una Argentina que est\u00e1 muy cerca\",\u2026","rel":"","context":"En \u00abPol\u00edtica\u00bb","block_context":{"text":"Pol\u00edtica","link":"http:\/\/www.24baires.com\/?cat=51"},"img":{"alt_text":"","src":"https:\/\/i0.wp.com\/www.24baires.com\/wp-content\/uploads\/2021\/03\/fern%C3%A1ndez.jpg?resize=350%2C200","width":350,"height":200,"srcset":"https:\/\/i0.wp.com\/www.24baires.com\/wp-content\/uploads\/2021\/03\/fern%C3%A1ndez.jpg?resize=350%2C200 1x, https:\/\/i0.wp.com\/www.24baires.com\/wp-content\/uploads\/2021\/03\/fern%C3%A1ndez.jpg?resize=525%2C300 1.5x"},"classes":[]},{"id":120192,"url":"http:\/\/www.24baires.com\/?p=120192","url_meta":{"origin":68526,"position":4},"title":"Alberto Fern\u00e1ndez: \u201cCon Cristina compartimos un mismo proyecto\u201d","author":"AF","date":"15\/06\/2023","format":false,"excerpt":"El Presidente encabez\u00f3 una recorrida del Centro Espacial Punta Indio en la Provincia de Buenos Aires donde se desarrolla el lanzador argentino de sat\u00e9lites Tronador II, acompa\u00f1ado por el ministro de Ciencia,Tecnolog\u00eda e Innovaci\u00f3n Productiva, Daniel Filmus. El presidente Alberto Fern\u00e1ndez valor\u00f3 este jueves, durante un acto en el Centro\u2026","rel":"","context":"En \u00abPol\u00edtica\u00bb","block_context":{"text":"Pol\u00edtica","link":"http:\/\/www.24baires.com\/?cat=51"},"img":{"alt_text":"","src":"https:\/\/i0.wp.com\/www.24baires.com\/wp-content\/uploads\/2023\/06\/alberto.jpg?resize=350%2C200","width":350,"height":200,"srcset":"https:\/\/i0.wp.com\/www.24baires.com\/wp-content\/uploads\/2023\/06\/alberto.jpg?resize=350%2C200 1x, https:\/\/i0.wp.com\/www.24baires.com\/wp-content\/uploads\/2023\/06\/alberto.jpg?resize=525%2C300 1.5x"},"classes":[]},{"id":108392,"url":"http:\/\/www.24baires.com\/?p=108392","url_meta":{"origin":68526,"position":5},"title":"Alberto y Cristina Fern\u00e1ndez presentaron su candidatura en Merlo","author":"AF","date":"26\/05\/2019","format":false,"excerpt":"El precandidato a presidente se present\u00f3 con su candidata a vice, la ex mandataria Cristina Kirchner: \"Yo estuve en el laberinto de la crisis y se c\u00f3mo salir\", enfatiz\u00f3 Alberto. Alberto Fern\u00e1ndez present\u00f3 su f\u00f3rmula junto a Cristina Kirchner de cara a las elecciones presidenciales de octubre en la que\u2026","rel":"","context":"En \u00abPol\u00edtica\u00bb","block_context":{"text":"Pol\u00edtica","link":"http:\/\/www.24baires.com\/?cat=51"},"img":{"alt_text":"","src":"https:\/\/i0.wp.com\/www.24baires.com\/wp-content\/uploads\/2019\/05\/alberto-cristina-fernandez-merlo.jpg?resize=350%2C200","width":350,"height":200,"srcset":"https:\/\/i0.wp.com\/www.24baires.com\/wp-content\/uploads\/2019\/05\/alberto-cristina-fernandez-merlo.jpg?resize=350%2C200 1x, https:\/\/i0.wp.com\/www.24baires.com\/wp-content\/uploads\/2019\/05\/alberto-cristina-fernandez-merlo.jpg?resize=525%2C300 1.5x"},"classes":[]}],"jetpack_sharing_enabled":true,"jetpack_likes_enabled":true,"jetpack_featured_media_url":"","_links":{"self":[{"href":"http:\/\/www.24baires.com\/index.php?rest_route=\/wp\/v2\/posts\/68526","targetHints":{"allow":["GET"]}}],"collection":[{"href":"http:\/\/www.24baires.com\/index.php?rest_route=\/wp\/v2\/posts"}],"about":[{"href":"http:\/\/www.24baires.com\/index.php?rest_route=\/wp\/v2\/types\/post"}],"author":[{"embeddable":true,"href":"http:\/\/www.24baires.com\/index.php?rest_route=\/wp\/v2\/users\/4"}],"replies":[{"embeddable":true,"href":"http:\/\/www.24baires.com\/index.php?rest_route=%2Fwp%2Fv2%2Fcomments&post=68526"}],"version-history":[{"count":1,"href":"http:\/\/www.24baires.com\/index.php?rest_route=\/wp\/v2\/posts\/68526\/revisions"}],"predecessor-version":[{"id":68527,"href":"http:\/\/www.24baires.com\/index.php?rest_route=\/wp\/v2\/posts\/68526\/revisions\/68527"}],"wp:attachment":[{"href":"http:\/\/www.24baires.com\/index.php?rest_route=%2Fwp%2Fv2%2Fmedia&parent=68526"}],"wp:term":[{"taxonomy":"category","embeddable":true,"href":"http:\/\/www.24baires.com\/index.php?rest_route=%2Fwp%2Fv2%2Fcategories&post=68526"},{"taxonomy":"post_tag","embeddable":true,"href":"http:\/\/www.24baires.com\/index.php?rest_route=%2Fwp%2Fv2%2Ftags&post=68526"}],"curies":[{"name":"wp","href":"https:\/\/api.w.org\/{rel}","templated":true}]}}