{"id":68512,"date":"2015-07-02T19:38:16","date_gmt":"2015-07-02T22:38:16","guid":{"rendered":"http:\/\/www.24baires.com\/?p=68512"},"modified":"2015-07-02T19:38:16","modified_gmt":"2015-07-02T22:38:16","slug":"apelaran-el-fallo-que-declaro-invalida-la-designacion-de-duran","status":"publish","type":"post","link":"http:\/\/www.24baires.com\/?p=68512","title":{"rendered":"Apelar\u00e1n el fallo que declar\u00f3 \u00abinv\u00e1lida\u00bb la designaci\u00f3n de Dur\u00e1n"},"content":{"rendered":"<p>El Consejo de la Magistratura apelar\u00e1 el fallo del juez federal, Alberto Recondo, sobre la designaci\u00f3n del juez subrogante del Juzgado Federal N\u00b0 1 de La Plata.<!--more--><\/p>\n<p>El Consejo de la Magistratura apelar\u00e1 el fallo del juez federal, Alberto Recondo, que declar\u00f3 \u00abinv\u00e1lida\u00bb la designaci\u00f3n del juez subrogante del Juzgado Federal N\u00b0 1 de La Plata, Laureano Dur\u00e1n, al resolver un planteo presentado por los apoderados de la Uni\u00f3n C\u00edvica Radical (UCR) que objetaron la resoluci\u00f3n del Consejo.<\/p>\n<p>Seg\u00fan informaron a T\u00e9lam fuentes del Consejo de la Magistratura, ese organismo est\u00e1 preparando la apelaci\u00f3n al fallo de Recondo, porque Dur\u00e1n \u00abcumple con todos los requisitos que establece la Corte en el fallo Rosza\u00bb.<\/p>\n<p>Asimismo, desde el organismo que preside la jueza Gabriela V\u00e1zquez resaltaron que el juez Laureano Dur\u00e1n \u201cest\u00e1 en pleno ejercicio de sus funciones, ya que no hay ninguna cautelar que lo haya apartado del cargo\u201d y agregaron que \u00abser\u00e1 la C\u00e1mara Federal de la Plata la que deba dictaminar sobre el tema\u00bb.<\/p>\n<p>A su vez, destacaron que ayer el pliego de Dur\u00e1n consigui\u00f3 el respaldo del Senado de la Naci\u00f3n, por lo que se cae uno de los principales planteos para querer remover al juez de La Plata.<\/p>\n<p>Recondo declar\u00f3 hoy \u00abinv\u00e1lida\u00bb la designaci\u00f3n de Dur\u00e1n como subrogante en el Juzgado Federal en lo Criminal y Correccional 1 de La Plata con competencia electoral, tras un planteo de los apoderados de la UCR platense y de Magdalena, Rodolfo Uriarte y Mart\u00edn Villena, que solicitaron se declare inconstitucional la Resoluci\u00f3n 331\/14 del Consejo de la Magistratura de la Naci\u00f3n y el art\u00edculo 7\u00b0 del Reglamento de Subrogaciones de los Tribunales Inferiores de la Naci\u00f3n.<\/p>\n<p>All\u00ed se contempla la posibilidad de cubrir vacantes con secretarios judiciales en casos excepcionales con el fin de \u201cevitar la interrupci\u00f3n del servicio de justicia\u201d.<\/p>\n<p>Dur\u00e1n asumi\u00f3 el 19 de diciembre pasado, tras desempe\u00f1arse tanto en el cargo de secretario durante siete a\u00f1os en ese juzgado, como en el de profesor en distintas universidades, tanto p\u00fablicas como privadas.<\/p>\n<p>&nbsp;<\/p>\n<p>&nbsp;<\/p>\n<p>&nbsp;<\/p>\n<p>&nbsp;<\/p>\n","protected":false},"excerpt":{"rendered":"<p>El Consejo de la Magistratura apelar\u00e1 el fallo del juez federal, Alberto Recondo, sobre la designaci\u00f3n del juez subrogante del Juzgado Federal N\u00b0 1 de La Plata.<\/p>\n","protected":false},"author":8,"featured_media":0,"comment_status":"open","ping_status":"open","sticky":false,"template":"","format":"standard","meta":{"_jetpack_newsletter_access":"","_jetpack_dont_email_post_to_subs":false,"_jetpack_newsletter_tier_id":0,"_jetpack_memberships_contains_paywalled_content":false,"_jetpack_memberships_contains_paid_content":false,"footnotes":""},"categories":[51],"tags":[],"class_list":["post-68512","post","type-post","status-publish","format-standard","hentry","category-politica"],"jetpack_shortlink":"https:\/\/wp.me\/p2JWE0-hP2","jetpack-related-posts":[{"id":68580,"url":"http:\/\/www.24baires.com\/?p=68580","url_meta":{"origin":68512,"position":0},"title":"La C\u00e1mara Federal ratific\u00f3 al juez Dur\u00e1n en el juzgado electoral de La Plata","author":"GB","date":"04\/07\/2015","format":false,"excerpt":"Fue tras la presentaci\u00f3n \u201cen queja\u201d del Consejo de la Magistratura ante el tribunal de alzada, luego de que Recondo aceptara esta ma\u00f1ana la apelaci\u00f3n pero sostuviera el apartamiento de Dur\u00e1n. La C\u00e1mara Federal de La Plata rechaz\u00f3 ayer el alcance del fallo del juez Alberto Osvaldo Recondo, y dej\u00f3\u2026","rel":"","context":"En \u00abPol\u00edtica\u00bb","block_context":{"text":"Pol\u00edtica","link":"http:\/\/www.24baires.com\/?cat=51"},"img":{"alt_text":"","src":"https:\/\/i0.wp.com\/www.24baires.com\/wp-content\/uploads\/2015\/07\/duran.jpg?resize=350%2C200","width":350,"height":200},"classes":[]},{"id":94322,"url":"http:\/\/www.24baires.com\/?p=94322","url_meta":{"origin":68512,"position":1},"title":"Frenan la designaci\u00f3n del juez electoral para la Provincia","author":"GB","date":"05\/05\/2017","format":false,"excerpt":"La Justicia declar\u00f3 insconstitucional la designaci\u00f3n de Juan Manuel Culotta, hombre cercano al gobierno, que iba a decidir las impugnaciones a los candidatos en territorio bonaerense. El Gobierno nacional sufri\u00f3 un rev\u00e9s en su intento en poner a un hombre cercano como juez con competencia electoral en la estrat\u00e9gica Provincia\u2026","rel":"","context":"En \u00abPol\u00edtica\u00bb","block_context":{"text":"Pol\u00edtica","link":"http:\/\/www.24baires.com\/?cat=51"},"img":{"alt_text":"","src":"https:\/\/i0.wp.com\/www.24baires.com\/wp-content\/uploads\/2015\/10\/elecciones1.jpg?resize=350%2C200","width":350,"height":200,"srcset":"https:\/\/i0.wp.com\/www.24baires.com\/wp-content\/uploads\/2015\/10\/elecciones1.jpg?resize=350%2C200 1x, https:\/\/i0.wp.com\/www.24baires.com\/wp-content\/uploads\/2015\/10\/elecciones1.jpg?resize=525%2C300 1.5x"},"classes":[]},{"id":1102,"url":"http:\/\/www.24baires.com\/?p=1102","url_meta":{"origin":68512,"position":2},"title":"Alak denunci\u00f3 maniobras \u00abfuncionales al Grupo Clar\u00edn\u00bb contra la vigencia plena de la Ley de Medios","author":"Grupo Sierra","date":"05\/10\/2012","format":false,"excerpt":"El ministro de Justicia se\u00a0refiri\u00f3\u00a0a la decisi\u00f3n de cinco integrantes de la Magistratura de bloquear la designaci\u00f3n del juez titular que deber\u00e1 fallar sobre la cl\u00e1usula que obliga al grupo Clar\u00edn a desinvertir. Alak advirti\u00f3 sobre una \"maniobra que apunta a tener en suspenso el art\u00edculo 161 de la ley\u2026","rel":"","context":"En \u00abMedios\u00bb","block_context":{"text":"Medios","link":"http:\/\/www.24baires.com\/?cat=54"},"img":{"alt_text":"","src":"","width":0,"height":0},"classes":[]},{"id":1757,"url":"http:\/\/www.24baires.com\/?p=1757","url_meta":{"origin":68512,"position":3},"title":"Alak pide \u00abjueces naturales\u00bb y cuestion\u00f3 a los miembros de la oposici\u00f3n en la Magistratura","author":"Grupo Sierra","date":"12\/10\/2012","format":false,"excerpt":"El ministro de Justicia, Julio Alak, cuestion\u00f3 a los miembros de la oposici\u00f3n en el Consejo de la Magistratura y los acus\u00f3 de \"privar a los argentinos de tener un juez natural\". Los cuestionamientos fueron dirigidos a los miembros de la oposici\u00f3n en el Consejo de la Magistratura que ayer\u2026","rel":"","context":"En \u00abMedios\u00bb","block_context":{"text":"Medios","link":"http:\/\/www.24baires.com\/?cat=54"},"img":{"alt_text":"","src":"https:\/\/i0.wp.com\/www.24baires.com\/wp-content\/uploads\/2012\/10\/alak.jpg?resize=350%2C200","width":350,"height":200,"srcset":"https:\/\/i0.wp.com\/www.24baires.com\/wp-content\/uploads\/2012\/10\/alak.jpg?resize=350%2C200 1x, https:\/\/i0.wp.com\/www.24baires.com\/wp-content\/uploads\/2012\/10\/alak.jpg?resize=525%2C300 1.5x"},"classes":[]},{"id":106841,"url":"http:\/\/www.24baires.com\/?p=106841","url_meta":{"origin":68512,"position":4},"title":"La Justicia acept\u00f3 el amparo para frenar el tarifazo","author":"GB","date":"14\/02\/2019","format":false,"excerpt":"Finalmente el juez federal de La Plata Alberto Recondo acept\u00f3 tramitar el recurso presentado por intendentes, organizaciones civ\u00edles y la Defensor\u00eda del Pueblo bonaerense. La acci\u00f3n solicita un freno al \u00faltimo incremento en el cuadro tarifario autorizado por el Gobierno nacional. El recurso de amparo presentado por intendentes peronistas para\u2026","rel":"","context":"En \u00abConsumidores\u00bb","block_context":{"text":"Consumidores","link":"http:\/\/www.24baires.com\/?cat=78"},"img":{"alt_text":"","src":"https:\/\/i0.wp.com\/www.24baires.com\/wp-content\/uploads\/2019\/02\/tarifas-justas.jpg?resize=350%2C200","width":350,"height":200,"srcset":"https:\/\/i0.wp.com\/www.24baires.com\/wp-content\/uploads\/2019\/02\/tarifas-justas.jpg?resize=350%2C200 1x, https:\/\/i0.wp.com\/www.24baires.com\/wp-content\/uploads\/2019\/02\/tarifas-justas.jpg?resize=525%2C300 1.5x"},"classes":[]},{"id":25277,"url":"http:\/\/www.24baires.com\/?p=25277","url_meta":{"origin":68512,"position":5},"title":"Una Jueza de Campana fall\u00f3 a favor de la elecci\u00f3n popular del Consejo de la Magistratura","author":"Grupo Sierra","date":"06\/06\/2013","format":false,"excerpt":"CAMPANA.- La jueza en lo correccional Raquel Slotolow rechaz\u00f3 hoy \u201cin limine\u201d el pedido de incostitucionalidad de la reforma del Consejo de la Magistratura \"b\u00e1sicamente por la incapacidad de un juez provincial de declarar la inconstitucionalidad de una ley nacional\". Mientras tanto, el juez federal de La Plata Alberto Recondo\u2026","rel":"","context":"En \u00abPol\u00edtica\u00bb","block_context":{"text":"Pol\u00edtica","link":"http:\/\/www.24baires.com\/?cat=51"},"img":{"alt_text":"","src":"","width":0,"height":0},"classes":[]}],"jetpack_sharing_enabled":true,"jetpack_likes_enabled":true,"jetpack_featured_media_url":"","_links":{"self":[{"href":"http:\/\/www.24baires.com\/index.php?rest_route=\/wp\/v2\/posts\/68512","targetHints":{"allow":["GET"]}}],"collection":[{"href":"http:\/\/www.24baires.com\/index.php?rest_route=\/wp\/v2\/posts"}],"about":[{"href":"http:\/\/www.24baires.com\/index.php?rest_route=\/wp\/v2\/types\/post"}],"author":[{"embeddable":true,"href":"http:\/\/www.24baires.com\/index.php?rest_route=\/wp\/v2\/users\/8"}],"replies":[{"embeddable":true,"href":"http:\/\/www.24baires.com\/index.php?rest_route=%2Fwp%2Fv2%2Fcomments&post=68512"}],"version-history":[{"count":1,"href":"http:\/\/www.24baires.com\/index.php?rest_route=\/wp\/v2\/posts\/68512\/revisions"}],"predecessor-version":[{"id":68513,"href":"http:\/\/www.24baires.com\/index.php?rest_route=\/wp\/v2\/posts\/68512\/revisions\/68513"}],"wp:attachment":[{"href":"http:\/\/www.24baires.com\/index.php?rest_route=%2Fwp%2Fv2%2Fmedia&parent=68512"}],"wp:term":[{"taxonomy":"category","embeddable":true,"href":"http:\/\/www.24baires.com\/index.php?rest_route=%2Fwp%2Fv2%2Fcategories&post=68512"},{"taxonomy":"post_tag","embeddable":true,"href":"http:\/\/www.24baires.com\/index.php?rest_route=%2Fwp%2Fv2%2Ftags&post=68512"}],"curies":[{"name":"wp","href":"https:\/\/api.w.org\/{rel}","templated":true}]}}