{"id":68509,"date":"2015-07-02T19:04:14","date_gmt":"2015-07-02T22:04:14","guid":{"rendered":"http:\/\/www.24baires.com\/?p=68509"},"modified":"2015-07-02T19:04:14","modified_gmt":"2015-07-02T22:04:14","slug":"el-kirchnerismo-es-una-experiencia-que-nos-cambio-a-todos-los-argentinos","status":"publish","type":"post","link":"http:\/\/www.24baires.com\/?p=68509","title":{"rendered":"\u00abEl kirchnerismo es una experiencia que nos cambi\u00f3 a todos los argentinos\u00bb"},"content":{"rendered":"<p><img data-recalc-dims=\"1\" loading=\"lazy\" decoding=\"async\" class=\"aligncenter size-full wp-image-6033\" src=\"https:\/\/i0.wp.com\/www.24baires.com\/wp-content\/uploads\/2012\/11\/sabbatella-mendoza.jpg?resize=560%2C335\" alt=\"sabbatella mendoza\" width=\"560\" height=\"335\" srcset=\"https:\/\/i0.wp.com\/www.24baires.com\/wp-content\/uploads\/2012\/11\/sabbatella-mendoza.jpg?w=560 560w, https:\/\/i0.wp.com\/www.24baires.com\/wp-content\/uploads\/2012\/11\/sabbatella-mendoza.jpg?resize=300%2C179 300w\" sizes=\"auto, (max-width: 560px) 100vw, 560px\" \/>El precandidato a vicegobernador de la provincia de Buenos Aires por el FpV explic\u00f3 que en las caracter\u00edsticas del espacio est\u00e1n las respuestas a c\u00f3mo super\u00f3 las diferencias que a\u00fan mantiene con algunos dirigentes del Partido Justicialista.<!--more--><\/p>\n<p>En su despacho en la sede de la Autoridad Federal de Servicios de Comunicaci\u00f3n Audiovisual (Afsca), el compa\u00f1ero de f\u00f3rmula de An\u00edbal Fern\u00e1ndez, An\u00edbal Fern\u00e1ndez, dialog\u00f3 con T\u00e9lam sobre su precandidatura, su relaci\u00f3n con el gobernador bonaerense y candidato a presidente Daniel Scioli y asegur\u00f3 que la f\u00f3rmula que integra es la que \u00abmejor sintetiza\u00bb al Frente para la Victoria en la provincia.<\/p>\n<p>\u00abTanto la f\u00f3rmula que formamos con An\u00edbal, como la presidencial que integran Daniel Scioli y Carlos Zannini, expresan la complementariedad; la idea de integrar. Eso es algo que nos representa a todos y todas. Nos sintetiza, nos contiene\u00bb, subray\u00f3.<\/p>\n<p>\u00bfC\u00f3mo se conform\u00f3 la f\u00f3rmula con An\u00edbal Fern\u00e1ndez?<\/p>\n<p>Fue todo muy r\u00e1pido. Con An\u00edbal tenemos sinton\u00eda en el trabajo cotidiano, como parte del equipo de la presidenta. No me lo imaginaba hasta que se produjo un llamado telef\u00f3nico de \u00e9l. Me plantea la posibilidad de acompa\u00f1arlo en la Provincia y le digo que hay que hablarlo con la presidenta. Ah\u00ed me responde que no me lo propondr\u00eda sin haberlo hablado con Cristina (Fern\u00e1ndez de Kirchner). La consult\u00e9 entonces a ella, estuvo de acuerdo. Eso ocurri\u00f3 al mediod\u00eda del viernes (19 de junio), nos encontramos en su oficina y a las 16 presentamos la f\u00f3rmula.<\/p>\n<p>\u00bfY qu\u00e9 expectativas tienen ahora tras la presentaci\u00f3n de esta propuesta electoral?<\/p>\n<p>Estamos motivados, nos entusiasma. Tenemos una historia vinculada a la provincia de Buenos Aires, es natural encontrarnos en una propuesta com\u00fan que represente al proyecto nacional en la provincia. Somos una f\u00f3rmula que expresa la esencia del kirchnerismo, todo lo que se ha construido en estos 12 a\u00f1os.<\/p>\n<p>\u00bfCu\u00e1les son las principales diferencias que existen entre ustedes y la f\u00f3rmula que componen Juli\u00e1n Dom\u00ednguez y Fernando Espinoza?<\/p>\n<p>Nuestra f\u00f3rmula representa m\u00e1s cabalmente la esencia del kirchnerismo. La f\u00f3rmula que formamos con An\u00edbal, como la f\u00f3rmula presidencial de Daniel Scioli y Carlos Zannini, expresa la complementariedad, la idea de integrar, que nos representa a todos y todas. Nos sintetiza, nos contiene. La discusi\u00f3n m\u00e1s importante es con la derecha conservadora que quiere que todo vuelva hacia atr\u00e1s. El 9 de agosto nosotros vamos a triunfar y despu\u00e9s se dar\u00e1 la unidad de manera natural. Es indiscutible que hay distintos recorridos y distintas historias que se expresan en esta convocatoria que hacemos.<\/p>\n<p>\u00bfUsted sugiere que Dom\u00ednguez-Espinoza representan m\u00e1s al PJ que al kirchnerismo en su totalidad?<\/p>\n<p>Nuestra f\u00f3rmula expresa m\u00e1s la totalidad de lo que el kirchnerismo significa como fuerza transformadora. Hay un antes y un despu\u00e9s tras la aparici\u00f3n del kirchnerismo en la historia argentina. Ninguno de nosotros es el mismo en este pa\u00eds despu\u00e9s del 25 de mayo de 2003. Si me preguntan qu\u00e9 soy, responder\u00e9 que soy kirchnerista, esa es nuestra identidad.<\/p>\n<p>\u00bfHabl\u00f3 \u00faltimamente con Daniel Scioli?<\/p>\n<p>S\u00ed, estuve con Daniel en Mor\u00f3n, en una actividad conjunta. Tuvimos siempre mucho di\u00e1logo y respeto m\u00e1s all\u00e1 de nuestras p\u00fablicas diferencias.<\/p>\n<p>Pero supo ser muy cr\u00edtico con el gobernador de la provincia de Buenos Aires.<\/p>\n<p>Es sabido cu\u00e1les eran nuestras opiniones. As\u00ed como la f\u00f3rmula presidencial Scioli-Zannini representa al conjunto del kirchnerismo, cada uno por su cuenta no termina de expresarnos a todos. Por eso, la importancia de integrarse en una propuesta superadora. La \u00fanica que sintetiza y representa a todos es Cristina.<\/p>\n<p>\u00bfConsidera que Scioli es la continuidad del proyecto nacional vigente?<\/p>\n<p>Estoy seguro que el proyecto que tenemos hoy va a continuar. Scioli-Zannini representan todo lo que se logr\u00f3 en estos a\u00f1os, y adem\u00e1s, son la posibilidad de ir por lo que falta.<\/p>\n<p>Fue cr\u00edtico en algunos aspectos de la gesti\u00f3n de Scioli, \u00bfc\u00f3mo eval\u00faa su acci\u00f3n de gobierno en la Provincia?<\/p>\n<p>No tengo ninguna duda de que la Provincia est\u00e1 much\u00edsimo mejor despu\u00e9s de los ocho a\u00f1os de gesti\u00f3n de Daniel.<\/p>\n<p>\u00bfC\u00f3mo encarar\u00e1n con An\u00edbal Fern\u00e1ndez la cuesti\u00f3n de la seguridad?<\/p>\n<p>Hay que avanzar, profundizar. Se ha hecho mucho pero hay que seguir. Se dan realidades distintas en Buenos Aires. No es lo mismo el Conurbano que el resto de la provincia. Est\u00e1 la cuesti\u00f3n del delito menor, que hay que encarar con los gobiernos municipales. La intenci\u00f3n en este punto es profundizar lo hecho con las polic\u00edas locales. La cercan\u00eda permite un abordaje m\u00e1s directo de los delitos que se cometen en el territorio. Creemos que las fuerzas de seguridad deben estar conducidas por un civil.<\/p>\n","protected":false},"excerpt":{"rendered":"<p>El precandidato a vicegobernador de la provincia de Buenos Aires por el FpV explic\u00f3 que en las caracter\u00edsticas del espacio est\u00e1n las respuestas a c\u00f3mo super\u00f3 las diferencias que a\u00fan mantiene con algunos dirigentes del Partido Justicialista.<\/p>\n","protected":false},"author":8,"featured_media":0,"comment_status":"open","ping_status":"open","sticky":false,"template":"","format":"standard","meta":{"_jetpack_newsletter_access":"","_jetpack_dont_email_post_to_subs":false,"_jetpack_newsletter_tier_id":0,"_jetpack_memberships_contains_paywalled_content":false,"_jetpack_memberships_contains_paid_content":false,"footnotes":""},"categories":[51],"tags":[],"class_list":["post-68509","post","type-post","status-publish","format-standard","hentry","category-politica"],"jetpack_shortlink":"https:\/\/wp.me\/p2JWE0-hOZ","jetpack-related-posts":[{"id":69839,"url":"http:\/\/www.24baires.com\/?p=69839","url_meta":{"origin":68509,"position":0},"title":"Scioli en Tandil: \u00abEste es el espacio pol\u00edtico de la industria nacional\u00bb","author":"AF","date":"31\/07\/2015","format":false,"excerpt":"El gobernador bonaerense y candidato presidencial del Frente para la Victoria, Daniel Scioli habl\u00f3 en un acto en la ciudad bonaerense de Tandil. \"Esta Argentina va a sembrar cada vez m\u00e1s oportunidades\", dijo. El gobernador bonaerense y candidato presidencial del Frente para la Victoria, Daniel Scioli, afirm\u00f3 hoy que \"las\u2026","rel":"","context":"En \u00abElecciones 2015\u00bb","block_context":{"text":"Elecciones 2015","link":"http:\/\/www.24baires.com\/?cat=74"},"img":{"alt_text":"","src":"https:\/\/i0.wp.com\/www.24baires.com\/wp-content\/uploads\/2015\/07\/zannini-scioli-bossio-an%C3%ADbal.jpg?resize=350%2C200","width":350,"height":200,"srcset":"https:\/\/i0.wp.com\/www.24baires.com\/wp-content\/uploads\/2015\/07\/zannini-scioli-bossio-an%C3%ADbal.jpg?resize=350%2C200 1x, https:\/\/i0.wp.com\/www.24baires.com\/wp-content\/uploads\/2015\/07\/zannini-scioli-bossio-an%C3%ADbal.jpg?resize=525%2C300 1.5x"},"classes":[]},{"id":68633,"url":"http:\/\/www.24baires.com\/?p=68633","url_meta":{"origin":68509,"position":1},"title":"La f\u00f3rmula presidencial del Frente para la Victoria lleg\u00f3 a La Rioja","author":"GB","date":"05\/07\/2015","format":false,"excerpt":"Seg\u00fan se inform\u00f3, el binomio presidencial y los funcionarios se dirigir\u00e1n a la Casa de Gobierno, donde ser\u00e1n recibidos por el gobernador Luis Beder Herrera, y donde adem\u00e1s tienen previsto brindar una conferencia de prensa. Los integrantes de la f\u00f3rmula presidencial del FpV, Daniel Scioli-Carlos Zannini, arribaron , pasadas las\u2026","rel":"","context":"En \u00abElecciones 2015\u00bb","block_context":{"text":"Elecciones 2015","link":"http:\/\/www.24baires.com\/?cat=74"},"img":{"alt_text":"","src":"https:\/\/i0.wp.com\/www.24baires.com\/wp-content\/uploads\/2015\/07\/fpv-la-rioja.jpg?resize=350%2C200","width":350,"height":200,"srcset":"https:\/\/i0.wp.com\/www.24baires.com\/wp-content\/uploads\/2015\/07\/fpv-la-rioja.jpg?resize=350%2C200 1x, https:\/\/i0.wp.com\/www.24baires.com\/wp-content\/uploads\/2015\/07\/fpv-la-rioja.jpg?resize=525%2C300 1.5x"},"classes":[]},{"id":69206,"url":"http:\/\/www.24baires.com\/?p=69206","url_meta":{"origin":68509,"position":2},"title":"La f\u00f3rmula que encabeza An\u00edbal en la Provincia recibi\u00f3 el apoyo de la CTA Nacional","author":"Grupo Sierra","date":"17\/07\/2015","format":false,"excerpt":"\u201cLa conducci\u00f3n nacional de la CTA vino a expresar el apoyo a la f\u00f3rmula\", dijo el titular de la central Hugo Yasky, quien remarc\u00f3 que la trayectoria de los integrantes de la f\u00f3rmula \"es garant\u00eda de continuidad\". \u201cLa conducci\u00f3n nacional de la CTA vino a expresar el apoyo a la\u2026","rel":"","context":"En \u00abElecciones 2015\u00bb","block_context":{"text":"Elecciones 2015","link":"http:\/\/www.24baires.com\/?cat=74"},"img":{"alt_text":"","src":"https:\/\/i0.wp.com\/www.24baires.com\/wp-content\/uploads\/2015\/07\/anibal-cta.jpg?resize=350%2C200","width":350,"height":200,"srcset":"https:\/\/i0.wp.com\/www.24baires.com\/wp-content\/uploads\/2015\/07\/anibal-cta.jpg?resize=350%2C200 1x, https:\/\/i0.wp.com\/www.24baires.com\/wp-content\/uploads\/2015\/07\/anibal-cta.jpg?resize=525%2C300 1.5x"},"classes":[]},{"id":69902,"url":"http:\/\/www.24baires.com\/?p=69902","url_meta":{"origin":68509,"position":3},"title":"An\u00edbal Fern\u00e1ndez propone un Ministerio Agrario que \u00abdialogue con chacareros\u00bb","author":"AF","date":"02\/08\/2015","format":false,"excerpt":"El jefe de Gabinete y precandidato a gobernador bonaerense por el FPV reiter\u00f3 su propuesta de que el ministerio de Asuntos Agrarios \u201cdialogue con los intendentes y chacareros de cada regi\u00f3n de la Provincia, para discutir la pol\u00edtica de comercializaci\u00f3n\u201d. El jefe de Gabinete y precandidato a gobernador bonaerense por\u2026","rel":"","context":"En \u00abPol\u00edtica\u00bb","block_context":{"text":"Pol\u00edtica","link":"http:\/\/www.24baires.com\/?cat=51"},"img":{"alt_text":"fern\u00e1ndez an\u00edbal2","src":"https:\/\/i0.wp.com\/www.24baires.com\/wp-content\/uploads\/2012\/11\/fern%C3%A1ndez-an%C3%ADbal2.jpg?resize=350%2C200","width":350,"height":200,"srcset":"https:\/\/i0.wp.com\/www.24baires.com\/wp-content\/uploads\/2012\/11\/fern%C3%A1ndez-an%C3%ADbal2.jpg?resize=350%2C200 1x, https:\/\/i0.wp.com\/www.24baires.com\/wp-content\/uploads\/2012\/11\/fern%C3%A1ndez-an%C3%ADbal2.jpg?resize=525%2C300 1.5x"},"classes":[]},{"id":67674,"url":"http:\/\/www.24baires.com\/?p=67674","url_meta":{"origin":68509,"position":4},"title":"Para An\u00edbal Fern\u00e1ndez, \u201cZannini es uno de los hombres m\u00e1s importantes\u201d del Gobierno","author":"GB","date":"17\/06\/2015","format":false,"excerpt":"El jefe de Gabinete ponder\u00f3 elogi\u00f3 esta ma\u00f1ana la decisi\u00f3n de Daniel Scioli de tener como compa\u00f1ero de f\u00f3rmula al secretario de Legal y T\u00e9cnica de la Presidencia, de quien destac\u00f3 su \"estatura pol\u00edtica e intelectual\". El jefe de Gabinete, An\u00edbal Fern\u00e1ndez, afirm\u00f3 hoy que el secretario Legal y T\u00e9cnico\u2026","rel":"","context":"En \u00abLocales\u00bb","block_context":{"text":"Locales","link":"http:\/\/www.24baires.com\/?cat=38"},"img":{"alt_text":"","src":"https:\/\/i0.wp.com\/www.24baires.com\/wp-content\/uploads\/2015\/06\/zanini1.jpg?resize=350%2C200","width":350,"height":200,"srcset":"https:\/\/i0.wp.com\/www.24baires.com\/wp-content\/uploads\/2015\/06\/zanini1.jpg?resize=350%2C200 1x, https:\/\/i0.wp.com\/www.24baires.com\/wp-content\/uploads\/2015\/06\/zanini1.jpg?resize=525%2C300 1.5x"},"classes":[]},{"id":120181,"url":"http:\/\/www.24baires.com\/?p=120181","url_meta":{"origin":68509,"position":5},"title":"El Frente de Todos pasa a llamarse \u00abUni\u00f3n por la Patria\u00bb","author":"AF","date":"14\/06\/2023","format":false,"excerpt":"Los distintos sectores que componen el frente oficialista mantienen reuniones para definir, entre otras cosas, la constituci\u00f3n de su junta partidaria y el reglamento electoral que fijar\u00e1 pisos y porcentajes para la integraci\u00f3n de listas. El Frente de Todos (FdT) se llamar\u00e1 Uni\u00f3n por la Patria (UxP) en las pr\u00f3ximas\u2026","rel":"","context":"En \u00abPol\u00edtica\u00bb","block_context":{"text":"Pol\u00edtica","link":"http:\/\/www.24baires.com\/?cat=51"},"img":{"alt_text":"","src":"https:\/\/i0.wp.com\/www.24baires.com\/wp-content\/uploads\/2023\/06\/cfk-25-5.png?resize=350%2C200","width":350,"height":200,"srcset":"https:\/\/i0.wp.com\/www.24baires.com\/wp-content\/uploads\/2023\/06\/cfk-25-5.png?resize=350%2C200 1x, https:\/\/i0.wp.com\/www.24baires.com\/wp-content\/uploads\/2023\/06\/cfk-25-5.png?resize=525%2C300 1.5x, https:\/\/i0.wp.com\/www.24baires.com\/wp-content\/uploads\/2023\/06\/cfk-25-5.png?resize=700%2C400 2x, https:\/\/i0.wp.com\/www.24baires.com\/wp-content\/uploads\/2023\/06\/cfk-25-5.png?resize=1050%2C600 3x"},"classes":[]}],"jetpack_sharing_enabled":true,"jetpack_likes_enabled":true,"jetpack_featured_media_url":"","_links":{"self":[{"href":"http:\/\/www.24baires.com\/index.php?rest_route=\/wp\/v2\/posts\/68509","targetHints":{"allow":["GET"]}}],"collection":[{"href":"http:\/\/www.24baires.com\/index.php?rest_route=\/wp\/v2\/posts"}],"about":[{"href":"http:\/\/www.24baires.com\/index.php?rest_route=\/wp\/v2\/types\/post"}],"author":[{"embeddable":true,"href":"http:\/\/www.24baires.com\/index.php?rest_route=\/wp\/v2\/users\/8"}],"replies":[{"embeddable":true,"href":"http:\/\/www.24baires.com\/index.php?rest_route=%2Fwp%2Fv2%2Fcomments&post=68509"}],"version-history":[{"count":1,"href":"http:\/\/www.24baires.com\/index.php?rest_route=\/wp\/v2\/posts\/68509\/revisions"}],"predecessor-version":[{"id":68510,"href":"http:\/\/www.24baires.com\/index.php?rest_route=\/wp\/v2\/posts\/68509\/revisions\/68510"}],"wp:attachment":[{"href":"http:\/\/www.24baires.com\/index.php?rest_route=%2Fwp%2Fv2%2Fmedia&parent=68509"}],"wp:term":[{"taxonomy":"category","embeddable":true,"href":"http:\/\/www.24baires.com\/index.php?rest_route=%2Fwp%2Fv2%2Fcategories&post=68509"},{"taxonomy":"post_tag","embeddable":true,"href":"http:\/\/www.24baires.com\/index.php?rest_route=%2Fwp%2Fv2%2Ftags&post=68509"}],"curies":[{"name":"wp","href":"https:\/\/api.w.org\/{rel}","templated":true}]}}