{"id":68491,"date":"2015-07-02T16:21:37","date_gmt":"2015-07-02T19:21:37","guid":{"rendered":"http:\/\/www.24baires.com\/?p=68491"},"modified":"2015-07-03T10:55:50","modified_gmt":"2015-07-03T13:55:50","slug":"cristina-y-recalde-visitaron-la-villa-20-de-lugano","status":"publish","type":"post","link":"http:\/\/www.24baires.com\/?p=68491","title":{"rendered":"Cristina y Recalde visitaron la Villa 20 de Lugano"},"content":{"rendered":"<p><img data-recalc-dims=\"1\" loading=\"lazy\" decoding=\"async\" class=\"aligncenter size-full wp-image-68492\" src=\"https:\/\/i0.wp.com\/www.24baires.com\/wp-content\/uploads\/2015\/07\/cristina-recalde.jpg?resize=560%2C373\" alt=\"cristina recalde\" width=\"560\" height=\"373\" srcset=\"https:\/\/i0.wp.com\/www.24baires.com\/wp-content\/uploads\/2015\/07\/cristina-recalde.jpg?w=560 560w, https:\/\/i0.wp.com\/www.24baires.com\/wp-content\/uploads\/2015\/07\/cristina-recalde.jpg?resize=300%2C200 300w\" sizes=\"auto, (max-width: 560px) 100vw, 560px\" \/>Junto al candidato a jefe de Gobierno porte\u00f1o, Cristina recorri\u00f3 un centro de \u00abProyecto de Comunidad\u00bb y dialog\u00f3 con los ni\u00f1os y j\u00f3venes que participan del programa \u00abRob\u00f3tica para Educar\u00bb, relacionado con la apropiaci\u00f3n popular de la tecnolog\u00eda.<!--more--><\/p>\n<p>Cristina Fern\u00e1ndez de Kirchner recorri\u00f3 la Villa 20 de la Ciudad de Buenos Aires con el candidato a jefe de Gobierno porte\u00f1o, Mariano Recalde; el secretario general de la Presidencia, Eduardo \u00abWado\u00bb de Pedro; y los ministros de Econom\u00eda, Axel Kicillof; de Ciencia y Tecnolog\u00eda, Lino Bara\u00f1ao; de Trabajo, Carlos Tomada.<\/p>\n<p>La Presidenta lleg\u00f3 a Villa Lugano para recorrer un centro de \u00abProyecto de Comunidad\u00bb y dialogar con los ni\u00f1os y j\u00f3venes que participan del programa \u00abRob\u00f3tica para Educar\u00bb dentro del Proyecto Atalaya Sur, que tiene que ver con la apropiaci\u00f3n popular de la tecnolog\u00eda.<\/p>\n<p>Acompa\u00f1ada tambi\u00e9n por los diputados nacionales por la Ciudad de Buenos Aires, Andr\u00e9s Larroque y Juan Cabandi\u00e9, y el secretario de Comunicaci\u00f3n P\u00fablica, Alfredo Scoccimarro, Cristina record\u00f3 que durante la jornada se entregaron adem\u00e1s 30 kits de rob\u00f3tica en los centros comunitarios de la organizaci\u00f3n Proyecto Comunidad que se encuentran en ese barrio.<\/p>\n<p>La Presidenta se reuni\u00f3 con ni\u00f1os y adolescentes que participan del programa \u00abR\u00f3botica para educar\u00bb que le explicaron las tareas que llevan a cabo a diario y record\u00f3 que ayer entreg\u00f3 la netbook del Plan Conectar Igualdad numero cinco millones a un alumno de la localidad bonaerense de Brandsen.<\/p>\n<p>En ese marco record\u00f3 tambi\u00e9n que nuestro pa\u00eds lanz\u00f3 el primer sat\u00e9lite geoestacionario argentino, Arsat 1, y asegur\u00f3 que pronto se se pondr\u00e1 en \u00f3rbita el segundo sat\u00e9lite.<\/p>\n<p>La mandataria se\u00f1al\u00f3 que estos saberes tienen que ver con pensar en el futuro y Recalde asegur\u00f3 que su compromiso es \u00abtrabajar para que los chicos tengan m\u00e1s oportunidades\u00bb.<\/p>\n<p>Durante la visita, los ni\u00f1os y j\u00f3venes le explicaron a la Presidenta el funcionamiento de una tarjeta y sensor de colores, y Cristina ironiz\u00f3: \u00abTenemos que poner el sensor para que muchos hagan las cosas bien\u00bb.<\/p>\n<p>A su vez los j\u00f3venes le entregaron un brazo rob\u00f3tico, realizado por ellos, con un cartel que dec\u00eda: \u00abN\u00e9stor vive en nuestros corazones\u00bb, en referencia al ex presidente N\u00e9stor Kirchner.<\/p>\n<p>Al finalizar el encuentro, Cristina se sac\u00f3 fotos y recibi\u00f3 cartas y mensajes de los vecinos que se acercaron a saludarla en una de las \u00faltimas actividades de campa\u00f1a de cara a las elecciones que se realizaran el pr\u00f3ximo domingo para elegir al jefe de Gobierno de la Ciudad de Buenos Aires.<\/p>\n","protected":false},"excerpt":{"rendered":"<p>Junto al candidato a jefe de Gobierno porte\u00f1o, Cristina recorri\u00f3 un centro de \u00abProyecto de Comunidad\u00bb y dialog\u00f3 con los ni\u00f1os y j\u00f3venes que participan del programa \u00abRob\u00f3tica para Educar\u00bb, relacionado con la apropiaci\u00f3n popular de la tecnolog\u00eda.<\/p>\n","protected":false},"author":8,"featured_media":0,"comment_status":"open","ping_status":"open","sticky":false,"template":"","format":"standard","meta":{"_jetpack_newsletter_access":"","_jetpack_dont_email_post_to_subs":false,"_jetpack_newsletter_tier_id":0,"_jetpack_memberships_contains_paywalled_content":false,"_jetpack_memberships_contains_paid_content":false,"footnotes":""},"categories":[51],"tags":[],"class_list":["post-68491","post","type-post","status-publish","format-standard","hentry","category-politica"],"jetpack_shortlink":"https:\/\/wp.me\/p2JWE0-hOH","jetpack-related-posts":[{"id":68523,"url":"http:\/\/www.24baires.com\/?p=68523","url_meta":{"origin":68491,"position":0},"title":"Candidatos a jefe de gobierno porte\u00f1o cerraron sus campa\u00f1as","author":"GB","date":"02\/07\/2015","format":false,"excerpt":"Los cinco candidatos a jefe de gobierno porte\u00f1o -Horacio Rodriguez Larreta (PRO), Mariano Recalde (FpV), Mart\u00edn Lousteau (ECO), Myriam Bregman (FIT) y Luis Zamora (AyL)- cerraron hoy sus respectivas campa\u00f1as proselitistas de cara a las elecciones del pr\u00f3ximo domingo para las que est\u00e1n habilitados para votar m\u00e1s de dos millones\u2026","rel":"","context":"En \u00abElecciones 2015\u00bb","block_context":{"text":"Elecciones 2015","link":"http:\/\/www.24baires.com\/?cat=74"},"img":{"alt_text":"","src":"","width":0,"height":0},"classes":[]},{"id":62810,"url":"http:\/\/www.24baires.com\/?p=62810","url_meta":{"origin":68491,"position":1},"title":"Para Recalde, el candidato del FPV es el proyecto","author":"Grupo Sierra","date":"08\/03\/2015","format":false,"excerpt":"El titular de Aerol\u00edneas Argentina y ahora precandidato a jefe de Gobierno porte\u00f1o, Mariano Recalde, asegur\u00f3 al presentarse -junto a otros candidatos al mismo cargo y a legisladores de la Ciudad de Buenos Aires- que \"el principal candidato es el modelo nacional y popular liderado por Cristina Fern\u00e1ndez de Kirchner\".\u2026","rel":"","context":"En \u00abElecciones 2015\u00bb","block_context":{"text":"Elecciones 2015","link":"http:\/\/www.24baires.com\/?cat=74"},"img":{"alt_text":"recalde","src":"https:\/\/i0.wp.com\/www.24baires.com\/wp-content\/uploads\/2014\/04\/recalde.jpg?resize=350%2C200","width":350,"height":200,"srcset":"https:\/\/i0.wp.com\/www.24baires.com\/wp-content\/uploads\/2014\/04\/recalde.jpg?resize=350%2C200 1x, https:\/\/i0.wp.com\/www.24baires.com\/wp-content\/uploads\/2014\/04\/recalde.jpg?resize=525%2C300 1.5x"},"classes":[]},{"id":42544,"url":"http:\/\/www.24baires.com\/?p=42544","url_meta":{"origin":68491,"position":2},"title":"Legisladores dicen no al desalojo violento en Villa Lugano","author":"Grupo Sierra","date":"21\/03\/2014","format":false,"excerpt":"Los legisladores porte\u00f1os opositores al macrismo pedir\u00e1n hoy la aprobaci\u00f3n de un proyecto de creaci\u00f3n de una mesa multisectorial de di\u00e1logo para buscar una salida que evite un desalojo violento de los ocupantes del predio tomado desde hace 23 d\u00edas en el barrio porte\u00f1o de Villa Lugano. Es para que\u2026","rel":"","context":"En \u00abJUDICIALES\u00bb","block_context":{"text":"JUDICIALES","link":"http:\/\/www.24baires.com\/?cat=68"},"img":{"alt_text":"desalojo villa lugano","src":"https:\/\/i0.wp.com\/www.24baires.com\/wp-content\/uploads\/2014\/03\/desalojo-villa-lugano.jpg?resize=350%2C200","width":350,"height":200,"srcset":"https:\/\/i0.wp.com\/www.24baires.com\/wp-content\/uploads\/2014\/03\/desalojo-villa-lugano.jpg?resize=350%2C200 1x, https:\/\/i0.wp.com\/www.24baires.com\/wp-content\/uploads\/2014\/03\/desalojo-villa-lugano.jpg?resize=525%2C300 1.5x"},"classes":[]},{"id":66428,"url":"http:\/\/www.24baires.com\/?p=66428","url_meta":{"origin":68491,"position":3},"title":"Scioli elogi\u00f3 a Recalde y dijo que \u00abexpresa la b\u00fasqueda de la igualdad\u00bb en la Ciudad","author":"GB","date":"23\/05\/2015","format":false,"excerpt":"El gobernador Bonaerense y precandidato a presidente por el FpV particip\u00f3 de una recorrida por Lugano junto a Mariano Recalde y se\u00f1al\u00f3 al titular de Aerol\u00edneas Argentinas como \"el que expresa es la b\u00fasqueda de la igualdad, de las oportunidades, del mejoramiento de lo publico, de la vivienda y el\u2026","rel":"","context":"En \u00abPol\u00edtica\u00bb","block_context":{"text":"Pol\u00edtica","link":"http:\/\/www.24baires.com\/?cat=51"},"img":{"alt_text":"scioli congreso","src":"https:\/\/i0.wp.com\/www.24baires.com\/wp-content\/uploads\/2015\/03\/scioli-congreso.png?resize=350%2C200","width":350,"height":200,"srcset":"https:\/\/i0.wp.com\/www.24baires.com\/wp-content\/uploads\/2015\/03\/scioli-congreso.png?resize=350%2C200 1x, https:\/\/i0.wp.com\/www.24baires.com\/wp-content\/uploads\/2015\/03\/scioli-congreso.png?resize=525%2C300 1.5x"},"classes":[]},{"id":63158,"url":"http:\/\/www.24baires.com\/?p=63158","url_meta":{"origin":68491,"position":4},"title":"Recalde: \u00abSomos una fuerza muy homog\u00e9nea, con una identidad clara\u00bb","author":"GB","date":"15\/03\/2015","format":false,"excerpt":"El precandidato a jefe de Gobierno porte\u00f1o por el FPV, Mariano Recalde, destac\u00f3 la \u201cdiversidad y pluralidad\u201d que compone al kirchnerismo local. \"Soy el que m\u00e1s fuerza tiene para darle pelea al macrismo\", agreg\u00f3. El precandidato a jefe de Gobierno porte\u00f1o por el Frente para la Victoria, Mariano Recalde destac\u00f3\u2026","rel":"","context":"En \u00abElecciones 2015\u00bb","block_context":{"text":"Elecciones 2015","link":"http:\/\/www.24baires.com\/?cat=74"},"img":{"alt_text":"cristina recalde avi\u00f3n aerol\u00edneas","src":"https:\/\/i0.wp.com\/www.24baires.com\/wp-content\/uploads\/2015\/03\/cristina-recalde-avi%C3%B3n-aerol%C3%ADneas.jpg?resize=350%2C200","width":350,"height":200,"srcset":"https:\/\/i0.wp.com\/www.24baires.com\/wp-content\/uploads\/2015\/03\/cristina-recalde-avi%C3%B3n-aerol%C3%ADneas.jpg?resize=350%2C200 1x, https:\/\/i0.wp.com\/www.24baires.com\/wp-content\/uploads\/2015\/03\/cristina-recalde-avi%C3%B3n-aerol%C3%ADneas.jpg?resize=525%2C300 1.5x"},"classes":[]},{"id":65591,"url":"http:\/\/www.24baires.com\/?p=65591","url_meta":{"origin":68491,"position":5},"title":"\u00abVeo un peronismo con una m\u00edstica de triunfo\u00bb","author":"GB","date":"08\/05\/2015","format":false,"excerpt":"El gobernador bonaerense lo afirm\u00f3 al llegar al Congreso Nacional del PJ. Tambi\u00e9n se pronunciaron all\u00ed el jefe de gabinete, An\u00edbal Fern\u00e1ndez, y el candidato a Jefe de Gobierno porte\u00f1o por el FpV Mariano Recalde. Scioli consider\u00f3 que en el FpV \u201chay muy buenos jinetes\u201d para darle continuidad, m\u00e1s all\u00e1\u2026","rel":"","context":"En \u00abPol\u00edtica\u00bb","block_context":{"text":"Pol\u00edtica","link":"http:\/\/www.24baires.com\/?cat=51"},"img":{"alt_text":"scioli congreso","src":"https:\/\/i0.wp.com\/www.24baires.com\/wp-content\/uploads\/2015\/03\/scioli-congreso.png?resize=350%2C200","width":350,"height":200,"srcset":"https:\/\/i0.wp.com\/www.24baires.com\/wp-content\/uploads\/2015\/03\/scioli-congreso.png?resize=350%2C200 1x, https:\/\/i0.wp.com\/www.24baires.com\/wp-content\/uploads\/2015\/03\/scioli-congreso.png?resize=525%2C300 1.5x"},"classes":[]}],"jetpack_sharing_enabled":true,"jetpack_likes_enabled":true,"jetpack_featured_media_url":"","_links":{"self":[{"href":"http:\/\/www.24baires.com\/index.php?rest_route=\/wp\/v2\/posts\/68491","targetHints":{"allow":["GET"]}}],"collection":[{"href":"http:\/\/www.24baires.com\/index.php?rest_route=\/wp\/v2\/posts"}],"about":[{"href":"http:\/\/www.24baires.com\/index.php?rest_route=\/wp\/v2\/types\/post"}],"author":[{"embeddable":true,"href":"http:\/\/www.24baires.com\/index.php?rest_route=\/wp\/v2\/users\/8"}],"replies":[{"embeddable":true,"href":"http:\/\/www.24baires.com\/index.php?rest_route=%2Fwp%2Fv2%2Fcomments&post=68491"}],"version-history":[{"count":1,"href":"http:\/\/www.24baires.com\/index.php?rest_route=\/wp\/v2\/posts\/68491\/revisions"}],"predecessor-version":[{"id":68493,"href":"http:\/\/www.24baires.com\/index.php?rest_route=\/wp\/v2\/posts\/68491\/revisions\/68493"}],"wp:attachment":[{"href":"http:\/\/www.24baires.com\/index.php?rest_route=%2Fwp%2Fv2%2Fmedia&parent=68491"}],"wp:term":[{"taxonomy":"category","embeddable":true,"href":"http:\/\/www.24baires.com\/index.php?rest_route=%2Fwp%2Fv2%2Fcategories&post=68491"},{"taxonomy":"post_tag","embeddable":true,"href":"http:\/\/www.24baires.com\/index.php?rest_route=%2Fwp%2Fv2%2Ftags&post=68491"}],"curies":[{"name":"wp","href":"https:\/\/api.w.org\/{rel}","templated":true}]}}