{"id":68454,"date":"2015-07-01T20:30:55","date_gmt":"2015-07-01T23:30:55","guid":{"rendered":"http:\/\/www.24baires.com\/?p=68454"},"modified":"2015-07-02T10:56:20","modified_gmt":"2015-07-02T13:56:20","slug":"cristina-el-rol-que-anos-atras-cumplia-el-fmi-hoy-lo-desempenan-los-fondos-buitre","status":"publish","type":"post","link":"http:\/\/www.24baires.com\/?p=68454","title":{"rendered":"Cristina: \u00abEl rol que a\u00f1os atr\u00e1s cumpl\u00eda el FMI, hoy lo desempe\u00f1an los fondos buitre\u201d"},"content":{"rendered":"<p><img data-recalc-dims=\"1\" loading=\"lazy\" decoding=\"async\" class=\"aligncenter size-full wp-image-68455\" src=\"https:\/\/i0.wp.com\/www.24baires.com\/wp-content\/uploads\/2015\/07\/cfk.jpg?resize=560%2C282\" alt=\"cfk\" width=\"560\" height=\"282\" srcset=\"https:\/\/i0.wp.com\/www.24baires.com\/wp-content\/uploads\/2015\/07\/cfk.jpg?w=560 560w, https:\/\/i0.wp.com\/www.24baires.com\/wp-content\/uploads\/2015\/07\/cfk.jpg?resize=300%2C151 300w\" sizes=\"auto, (max-width: 560px) 100vw, 560px\" \/>La jefa de Estado hizo un repaso detallado de los porcentajes del crecimiento del presupuesto destinado a las universidades durante el discurso que brind\u00f3 por cadena nacional desde el sal\u00f3n de las Mujeres Argentinas de la Casa de Gobierno.<!--more--><\/p>\n<p>La presidenta Cristina Fern\u00e1ndez de Kirchner afirm\u00f3 hoy que \u00abel rol que a\u00f1os atr\u00e1s cumpl\u00eda el FMI, hoy lo desempe\u00f1an los fondos buitre\u201d, al encabezar un acto en el Sal\u00f3n de las Mujeres de la Casa de Gobierno.<\/p>\n<p>\u201cEs hora de que abramos los ojos y nos demos cuenta de cu\u00e1les son los verdaderos intereses que determinan la econom\u00eda del mundo. Los fondos buitre cumplen hoy el mismo rol que antes desempe\u00f1aba el FMI\u201d, se\u00f1al\u00f3 la mandataria en un mensaje transmitido en cadena nacional.<\/p>\n<p>En otro tramo de su discurso, Cristina destac\u00f3 que desde el gobierno nacional se ha \u00abaumentado casi un 50 por ciento el plantel de docentes universitarios en todo el pa\u00eds\u00bb, como parte de una pol\u00edtica p\u00fablica orientada a aumentar la oferta universitaria para los estudiantes argentinos que implic\u00f3 tambi\u00e9n la construcci\u00f3n de 15 nuevas universidades.<\/p>\n<p>La jefa de Estado hizo un repaso detallado de los porcentajes del crecimiento del presupuesto destinado a las universidades durante el discurso que brind\u00f3 esta tarde por cadena nacional desde el sal\u00f3n de las Mujeres Argentinas de la Casa de Gobierno.<\/p>\n","protected":false},"excerpt":{"rendered":"<p>La jefa de Estado hizo un repaso detallado de los porcentajes del crecimiento del presupuesto destinado a las universidades durante el discurso que brind\u00f3 por cadena nacional desde el sal\u00f3n de las Mujeres Argentinas de la Casa de Gobierno.<\/p>\n","protected":false},"author":4,"featured_media":0,"comment_status":"open","ping_status":"open","sticky":false,"template":"","format":"standard","meta":{"_jetpack_newsletter_access":"","_jetpack_dont_email_post_to_subs":false,"_jetpack_newsletter_tier_id":0,"_jetpack_memberships_contains_paywalled_content":false,"_jetpack_memberships_contains_paid_content":false,"footnotes":""},"categories":[51],"tags":[],"class_list":["post-68454","post","type-post","status-publish","format-standard","hentry","category-politica"],"jetpack_shortlink":"https:\/\/wp.me\/p2JWE0-hO6","jetpack-related-posts":[{"id":46939,"url":"http:\/\/www.24baires.com\/?p=46939","url_meta":{"origin":68454,"position":0},"title":"Cristina: \u00abLlegamos a un acuerdo sin recurrir al FMI\u00bb","author":"AF","date":"29\/05\/2014","format":false,"excerpt":"La presidenta Cristina Fern\u00e1ndez de Kirchner destac\u00f3 el acuerdo alcanzado con el Club de Par\u00eds por la renegociaci\u00f3n de la deuda, en el marco de un acto en Berazategui. \"Es la primera vez en la historia que un pa\u00eds en nuestras condiciones negocia con este organismo sin la intervenci\u00f3n del\u2026","rel":"","context":"En \u00abSociedad\u00bb","block_context":{"text":"Sociedad","link":"http:\/\/www.24baires.com\/?cat=1"},"img":{"alt_text":"","src":"https:\/\/i0.wp.com\/www.24baires.com\/wp-content\/uploads\/2014\/05\/0004076026.jpg?resize=350%2C200","width":350,"height":200,"srcset":"https:\/\/i0.wp.com\/www.24baires.com\/wp-content\/uploads\/2014\/05\/0004076026.jpg?resize=350%2C200 1x, https:\/\/i0.wp.com\/www.24baires.com\/wp-content\/uploads\/2014\/05\/0004076026.jpg?resize=525%2C300 1.5x"},"classes":[]},{"id":68954,"url":"http:\/\/www.24baires.com\/?p=68954","url_meta":{"origin":68454,"position":1},"title":"Kicillof: \u00abLos fondos buitre son un instrumento privatizado de presi\u00f3n\u00bb","author":"AF","date":"12\/07\/2015","format":false,"excerpt":"El ministro de Econom\u00eda y candidato a diputado nacional Axel Kicillof destac\u00f3 las pol\u00edticas de desendeudamiento desarrolladas por el gobierno nacional durante la \u00faltima d\u00e9cada y defini\u00f3 a los fondos buitre como \u201cun instrumento privatizado de presi\u00f3n sobre los pa\u00edses, lo que no nos puede hacer el FMI lo hacen\u2026","rel":"","context":"En \u00abEconom\u00eda\u00bb","block_context":{"text":"Econom\u00eda","link":"http:\/\/www.24baires.com\/?cat=45"},"img":{"alt_text":"kicillof","src":"https:\/\/i0.wp.com\/www.24baires.com\/wp-content\/uploads\/2014\/07\/kicillof.jpg?resize=350%2C200","width":350,"height":200,"srcset":"https:\/\/i0.wp.com\/www.24baires.com\/wp-content\/uploads\/2014\/07\/kicillof.jpg?resize=350%2C200 1x, https:\/\/i0.wp.com\/www.24baires.com\/wp-content\/uploads\/2014\/07\/kicillof.jpg?resize=525%2C300 1.5x"},"classes":[]},{"id":102357,"url":"http:\/\/www.24baires.com\/?p=102357","url_meta":{"origin":68454,"position":2},"title":"Cristina arremeti\u00f3 contra el acuerdo entre Macri y el FMI","author":"AF","date":"25\/05\/2018","format":false,"excerpt":"A dos semanas del pedido de ayuda al Fondo por parte del gobierno, la expresidenta decidi\u00f3 hablar sobre el tema. Habl\u00f3 de \"cat\u00e1strofe\", \"tragedia\" y \"traici\u00f3n a la patria\". La expresidenta Cristina Fern\u00e1ndez rompi\u00f3 el silencio luego de dos semanas y se refiri\u00f3 al pedido de ayuda econ\u00f3mica del gobierno\u2026","rel":"","context":"En \u00abPol\u00edtica\u00bb","block_context":{"text":"Pol\u00edtica","link":"http:\/\/www.24baires.com\/?cat=51"},"img":{"alt_text":"","src":"https:\/\/i0.wp.com\/www.24baires.com\/wp-content\/uploads\/2017\/10\/cristina-conferencia-de-prensa.jpg?resize=350%2C200","width":350,"height":200,"srcset":"https:\/\/i0.wp.com\/www.24baires.com\/wp-content\/uploads\/2017\/10\/cristina-conferencia-de-prensa.jpg?resize=350%2C200 1x, https:\/\/i0.wp.com\/www.24baires.com\/wp-content\/uploads\/2017\/10\/cristina-conferencia-de-prensa.jpg?resize=525%2C300 1.5x"},"classes":[]},{"id":14436,"url":"http:\/\/www.24baires.com\/?p=14436","url_meta":{"origin":68454,"position":3},"title":"Cristina por Twitter sostuvo que el \u00abenojo del FMI\u00bb es porque se le pag\u00f3 toda la deuda","author":"Grupo Sierra","date":"02\/02\/2013","format":false,"excerpt":"En respuesta a la censura, la presidenta critic\u00f3 las pol\u00edticas del Fondo Monetario Internacional y afirm\u00f3 que la Argentina \"construy\u00f3 un mercado interno con inclusi\u00f3n social y pol\u00edticas contrac\u00edclicas\". Tambi\u00e9n tuite\u00f3 \"Por eso nunca mejor expresado que el t\u00edtulo del comunicado del Min de Econom\u00eda:\u201cEl FMI una vez m\u00e1s contra\u2026","rel":"","context":"En \u00abPol\u00edtica\u00bb","block_context":{"text":"Pol\u00edtica","link":"http:\/\/www.24baires.com\/?cat=51"},"img":{"alt_text":"","src":"https:\/\/i0.wp.com\/www.24baires.com\/wp-content\/uploads\/2013\/02\/cristina-tw-fmi.jpg?resize=350%2C200","width":350,"height":200,"srcset":"https:\/\/i0.wp.com\/www.24baires.com\/wp-content\/uploads\/2013\/02\/cristina-tw-fmi.jpg?resize=350%2C200 1x, https:\/\/i0.wp.com\/www.24baires.com\/wp-content\/uploads\/2013\/02\/cristina-tw-fmi.jpg?resize=525%2C300 1.5x"},"classes":[]},{"id":71802,"url":"http:\/\/www.24baires.com\/?p=71802","url_meta":{"origin":68454,"position":4},"title":"Zannini dijo que los fondos buitre \u00abson el nuevo FMI\u00bb","author":"AF","date":"08\/09\/2015","format":false,"excerpt":"El candidato a vicepresidente por el Frente para la Victoria advirti\u00f3 adem\u00e1s que existe un \"ruido medi\u00e1tico que busca destruir todo lo que se ha construido\" desde el 2003 a la fecha. El candidato a vicepresidente por el Frente para la Victoria, Carlos Zannini, calific\u00f3 hoy a los fondos buitre\u2026","rel":"","context":"En \u00abEconom\u00eda\u00bb","block_context":{"text":"Econom\u00eda","link":"http:\/\/www.24baires.com\/?cat=45"},"img":{"alt_text":"zannini senado","src":"https:\/\/i0.wp.com\/www.24baires.com\/wp-content\/uploads\/2015\/02\/zannini-senado.jpg?resize=350%2C200","width":350,"height":200,"srcset":"https:\/\/i0.wp.com\/www.24baires.com\/wp-content\/uploads\/2015\/02\/zannini-senado.jpg?resize=350%2C200 1x, https:\/\/i0.wp.com\/www.24baires.com\/wp-content\/uploads\/2015\/02\/zannini-senado.jpg?resize=525%2C300 1.5x"},"classes":[]},{"id":68606,"url":"http:\/\/www.24baires.com\/?p=68606","url_meta":{"origin":68454,"position":5},"title":"Zannini: \u00abHay leyes que impedir\u00edan un acuerdo con los buitres\u00bb","author":"GB","date":"05\/07\/2015","format":false,"excerpt":"El candidato a vicepresidente por el Frente para la Victoria (FpV), Carlos Zannini, asegur\u00f3 que \"hay leyes argentinas que impedir\u00edan un acuerdo con los buitres\". \"No entramos en detalle (en el tema Fondos Buitre) como no entramos en detalle en much\u00edsimos temas. Pero es respetuoso de la pol\u00edtica que conduce\u2026","rel":"","context":"En \u00abPol\u00edtica\u00bb","block_context":{"text":"Pol\u00edtica","link":"http:\/\/www.24baires.com\/?cat=51"},"img":{"alt_text":"zanini1","src":"https:\/\/i0.wp.com\/www.24baires.com\/wp-content\/uploads\/2015\/06\/zanini1.jpg?resize=350%2C200","width":350,"height":200,"srcset":"https:\/\/i0.wp.com\/www.24baires.com\/wp-content\/uploads\/2015\/06\/zanini1.jpg?resize=350%2C200 1x, https:\/\/i0.wp.com\/www.24baires.com\/wp-content\/uploads\/2015\/06\/zanini1.jpg?resize=525%2C300 1.5x"},"classes":[]}],"jetpack_sharing_enabled":true,"jetpack_likes_enabled":true,"jetpack_featured_media_url":"","_links":{"self":[{"href":"http:\/\/www.24baires.com\/index.php?rest_route=\/wp\/v2\/posts\/68454","targetHints":{"allow":["GET"]}}],"collection":[{"href":"http:\/\/www.24baires.com\/index.php?rest_route=\/wp\/v2\/posts"}],"about":[{"href":"http:\/\/www.24baires.com\/index.php?rest_route=\/wp\/v2\/types\/post"}],"author":[{"embeddable":true,"href":"http:\/\/www.24baires.com\/index.php?rest_route=\/wp\/v2\/users\/4"}],"replies":[{"embeddable":true,"href":"http:\/\/www.24baires.com\/index.php?rest_route=%2Fwp%2Fv2%2Fcomments&post=68454"}],"version-history":[{"count":1,"href":"http:\/\/www.24baires.com\/index.php?rest_route=\/wp\/v2\/posts\/68454\/revisions"}],"predecessor-version":[{"id":68456,"href":"http:\/\/www.24baires.com\/index.php?rest_route=\/wp\/v2\/posts\/68454\/revisions\/68456"}],"wp:attachment":[{"href":"http:\/\/www.24baires.com\/index.php?rest_route=%2Fwp%2Fv2%2Fmedia&parent=68454"}],"wp:term":[{"taxonomy":"category","embeddable":true,"href":"http:\/\/www.24baires.com\/index.php?rest_route=%2Fwp%2Fv2%2Fcategories&post=68454"},{"taxonomy":"post_tag","embeddable":true,"href":"http:\/\/www.24baires.com\/index.php?rest_route=%2Fwp%2Fv2%2Ftags&post=68454"}],"curies":[{"name":"wp","href":"https:\/\/api.w.org\/{rel}","templated":true}]}}