{"id":68449,"date":"2015-07-01T20:00:07","date_gmt":"2015-07-01T23:00:07","guid":{"rendered":"http:\/\/www.24baires.com\/?p=68449"},"modified":"2015-07-01T19:54:46","modified_gmt":"2015-07-01T22:54:46","slug":"de-la-sota-y-los-moyano-presentaron-proyecto-para-bajar-ganancias-en-un-90","status":"publish","type":"post","link":"http:\/\/www.24baires.com\/?p=68449","title":{"rendered":"De la Sota y los Moyano presentaron proyecto para bajar ganancias en un 90%"},"content":{"rendered":"<p><img data-recalc-dims=\"1\" loading=\"lazy\" decoding=\"async\" class=\"aligncenter size-full wp-image-68450\" src=\"https:\/\/i0.wp.com\/www.24baires.com\/wp-content\/uploads\/2015\/07\/de-la-sota-moyano.jpg?resize=560%2C314\" alt=\"de la sota moyano\" width=\"560\" height=\"314\" srcset=\"https:\/\/i0.wp.com\/www.24baires.com\/wp-content\/uploads\/2015\/07\/de-la-sota-moyano.jpg?w=560 560w, https:\/\/i0.wp.com\/www.24baires.com\/wp-content\/uploads\/2015\/07\/de-la-sota-moyano.jpg?resize=300%2C168 300w\" sizes=\"auto, (max-width: 560px) 100vw, 560px\" \/>El precandidato presidencial por UNA, Jos\u00e9 Manuel de la Sota, se reuni\u00f3 con el jefe de la CGT opositora, Hugo Moyano, y con su hijo Facundo, precandidato a diputado por UNA en la Provincia, y les present\u00f3 su \u00abreforma del impuesto a las Ganancias\u00bb con la que propone bajar el tributo en un 90%.<!--more--><\/p>\n<p>Acompa\u00f1ado por su compa\u00f1era de f\u00f3rmula, Claudia Rucci, y por el economista Nadin Arga\u00f1araz, el gobernador saliente de C\u00f3rdoba sostuvo que el costo de esta rebaja impositiva es del orden de los $ 45.000 millones, que \u201cse financiar\u00edan con 4 puntos de moderaci\u00f3n del gasto p\u00fablico, con que en vez de subir 40% como este a\u00f1o, subiera 36%\u201d.<\/p>\n<p>De la Sota abog\u00f3 por una \u00abrebaja gradual de la inflaci\u00f3n a raz\u00f3n de 10 puntos porcentuales por a\u00f1o\u00bb y un \u00abambicioso plan de creaci\u00f3n de empleo para j\u00f3venes\u00bb, y cuestion\u00f3 que el gobierno actual \u00abno es ni nunca fue peronista\u00bb.<\/p>\n<p>\u201cEsta reforma es un camino hacia el progreso duradero, pac\u00edfico y sustentable\u201d, y advirti\u00f3 que ese camino es \u201cdistinto de las alternativas del continuismo y de la falsa oposici\u00f3n que se nos presentan como las \u00fanicas, y que el pa\u00eds no puede m\u00e1s soportar\u201d, enfatiz\u00f3, seg\u00fan se inform\u00f3 a trav\u00e9s de un comunicado.<\/p>\n<p>El dirigente camionero, Hugo Moyano, en un gui\u00f1o al gobernador, subray\u00f3 que \u201csi la voluntad del pueblo as\u00ed lo decide, con \u00e9l tendremos un presidente peronista, que es lo que estamos esperando\u201d.<\/p>\n<p>De la Sota encabezar\u00e1 esta tarde junto a su rival en la PASO presidencial, Sergio Massa, el \u00faltimo acto de campa\u00f1a de su delf\u00edn, el candidato a gobernador Juan Schiaretti, en la ciudad de R\u00edo Cuarto, mientras que ma\u00f1ana ser\u00e1 el cierre proselitista (pero ya sin el tigrense) en la capital cordobesa.<\/p>\n","protected":false},"excerpt":{"rendered":"<p>El precandidato presidencial por UNA, Jos\u00e9 Manuel de la Sota, se reuni\u00f3 con el jefe de la CGT opositora, Hugo Moyano, y con su hijo Facundo, precandidato a diputado por UNA en la Provincia, y les present\u00f3 su \u00abreforma del impuesto a las Ganancias\u00bb con la que propone bajar el tributo en un 90%.<\/p>\n","protected":false},"author":4,"featured_media":0,"comment_status":"open","ping_status":"open","sticky":false,"template":"","format":"standard","meta":{"_jetpack_newsletter_access":"","_jetpack_dont_email_post_to_subs":false,"_jetpack_newsletter_tier_id":0,"_jetpack_memberships_contains_paywalled_content":false,"_jetpack_memberships_contains_paid_content":false,"footnotes":""},"categories":[51],"tags":[],"class_list":["post-68449","post","type-post","status-publish","format-standard","hentry","category-politica"],"jetpack_shortlink":"https:\/\/wp.me\/p2JWE0-hO1","jetpack-related-posts":[{"id":69456,"url":"http:\/\/www.24baires.com\/?p=69456","url_meta":{"origin":68449,"position":0},"title":"De La Sota en San Isidro: \u201cMauricio Macri no tiene la jerarqu\u00eda para encabezar la oposici\u00f3n\u201d","author":"Grupo Sierra","date":"23\/07\/2015","format":false,"excerpt":"El gobernador de C\u00f3rdoba y precandidato a presidente de la Naci\u00f3n por el Frente UNA, Jos\u00e9 Manuel De La Sota, propuso hoy una rebaja impositiva general del orden del 30%, que Ganancias comience a tributar a partir de los 26.000 pesos, eliminaci\u00f3n de retenciones a las exportaciones de productos regionales,\u2026","rel":"","context":"En \u00abElecciones 2015\u00bb","block_context":{"text":"Elecciones 2015","link":"http:\/\/www.24baires.com\/?cat=74"},"img":{"alt_text":"de la sota","src":"https:\/\/i0.wp.com\/www.24baires.com\/wp-content\/uploads\/2013\/02\/de-la-sota.jpg?resize=350%2C200","width":350,"height":200,"srcset":"https:\/\/i0.wp.com\/www.24baires.com\/wp-content\/uploads\/2013\/02\/de-la-sota.jpg?resize=350%2C200 1x, https:\/\/i0.wp.com\/www.24baires.com\/wp-content\/uploads\/2013\/02\/de-la-sota.jpg?resize=525%2C300 1.5x"},"classes":[]},{"id":27144,"url":"http:\/\/www.24baires.com\/?p=27144","url_meta":{"origin":68449,"position":1},"title":"De Narv\u00e1ez present\u00f3 a sus candidatos criticando a Cristina y Massa: \u00abEl es Ella\u00bb dijo","author":"Grupo Sierra","date":"28\/06\/2013","format":false,"excerpt":"LA PLATA.- Con un acto desarrollado en el microestadio del Club Atenas, el precandidato a diputado nacional, compar\u00f3 al actual intendente de Tigre, Sergio Massa con la presidenta Cristina Kirchner: \u201cEl es ella\u201d, asegur\u00f3, aunque evit\u00f3 nombrarlo directamente. Asegur\u00f3 estar \u201charto\u201d de la mandataria nacional.\u00a0 Asistieron Hugo Moyano y De\u2026","rel":"","context":"En \u00abPol\u00edtica\u00bb","block_context":{"text":"Pol\u00edtica","link":"http:\/\/www.24baires.com\/?cat=51"},"img":{"alt_text":"","src":"https:\/\/i0.wp.com\/www.24baires.com\/wp-content\/uploads\/2013\/06\/denarvaez_la_plata2_17184.jpg?resize=350%2C200","width":350,"height":200,"srcset":"https:\/\/i0.wp.com\/www.24baires.com\/wp-content\/uploads\/2013\/06\/denarvaez_la_plata2_17184.jpg?resize=350%2C200 1x, https:\/\/i0.wp.com\/www.24baires.com\/wp-content\/uploads\/2013\/06\/denarvaez_la_plata2_17184.jpg?resize=525%2C300 1.5x"},"classes":[]},{"id":22519,"url":"http:\/\/www.24baires.com\/?p=22519","url_meta":{"origin":68449,"position":2},"title":"Denuncian a De la Sota por usar fondos p\u00fablicos para el acto con Moyano, De Narv\u00e1ez y Lavagna","author":"AF","date":"03\/05\/2013","format":false,"excerpt":"La denuncia fue presentada por la dirigencia del Frente C\u00edvico, cuyo referente es el senador nacional Luis Juez. Aseguran que se utilizaron recursos econ\u00f3micos y bienes del Estado provincial para la realizaci\u00f3n del locro por el D\u00eda del Trabajador, que tuvo la presencia de los principales referentes del arco opositor\u2026","rel":"","context":"En \u00abPol\u00edtica\u00bb","block_context":{"text":"Pol\u00edtica","link":"http:\/\/www.24baires.com\/?cat=51"},"img":{"alt_text":"lavagna moyano de narv\u00e1ez","src":"https:\/\/i0.wp.com\/www.24baires.com\/wp-content\/uploads\/2013\/05\/lavagna-moyano-de-narv%C3%A1ez.jpg?resize=350%2C200","width":350,"height":200},"classes":[]},{"id":14337,"url":"http:\/\/www.24baires.com\/?p=14337","url_meta":{"origin":68449,"position":3},"title":"Yasky: \u201cScioli es un personaje plagado de ambig\u00fcedad\u201d","author":"Grupo Sierra","date":"01\/02\/2013","format":false,"excerpt":"El Secretario General de la CTA, Hugo Yasky, se\u00f1al\u00f3 que el gobernador bonaerense \"tendr\u00e1 que definir en alg\u00fan momento si forma parte del proyecto o es una relaci\u00f3n por conveniencia\". \u00a0 Hugo Yasky sali\u00f3 con duras cr\u00edticas al Gobernador bonaerense y apunt\u00f3 adem\u00e1s contra Hugo Moyano diciendo que \"sus posicionamientos\u2026","rel":"","context":"En \u00abPol\u00edtica\u00bb","block_context":{"text":"Pol\u00edtica","link":"http:\/\/www.24baires.com\/?cat=51"},"img":{"alt_text":"yasky hugo","src":"https:\/\/i0.wp.com\/www.24baires.com\/wp-content\/uploads\/2012\/11\/yasky-hugo-300x179.jpg?resize=350%2C200","width":350,"height":200},"classes":[]},{"id":21171,"url":"http:\/\/www.24baires.com\/?p=21171","url_meta":{"origin":68449,"position":4},"title":"Moyano trabaja en una uni\u00f3n con Lavagna y De la Sota para ir por la Provincia","author":"AF","date":"16\/04\/2013","format":false,"excerpt":"Hugo Moyano se encuentra armando un frente opositor para competir en las elecciones legislativas en la Provincia y logr\u00f3 convocar a Roberto Lavagna y a Jos\u00e9 Manuel de la Sota para conformar un frente. \"Estamos conversando con De la Sota, con Lavagna y con otros sectores m\u00e1s para dar pelea\u2026","rel":"","context":"En \u00abPol\u00edtica\u00bb","block_context":{"text":"Pol\u00edtica","link":"http:\/\/www.24baires.com\/?cat=51"},"img":{"alt_text":"moyano","src":"https:\/\/i0.wp.com\/www.24baires.com\/wp-content\/uploads\/2012\/10\/moyano.jpg?resize=350%2C200","width":350,"height":200,"srcset":"https:\/\/i0.wp.com\/www.24baires.com\/wp-content\/uploads\/2012\/10\/moyano.jpg?resize=350%2C200 1x, https:\/\/i0.wp.com\/www.24baires.com\/wp-content\/uploads\/2012\/10\/moyano.jpg?resize=525%2C300 1.5x"},"classes":[]},{"id":22906,"url":"http:\/\/www.24baires.com\/?p=22906","url_meta":{"origin":68449,"position":5},"title":"De la Sota acompa\u00f1ar\u00e1 a Moyano en el lanzamiento de su partido","author":"AF","date":"07\/05\/2013","format":false,"excerpt":"El gobernador de C\u00f3rdoba, Jos\u00e9 Manuel de la Sota, acompa\u00f1ar\u00e1 este martes en el Luna Park al titular de la CGT Azopardo, Hugo Moyano, en el acto lanzamiento de su Partido por la Cultura, la Educaci\u00f3n y el Trabajo (PCEyT), mientras que la presidenta Cristina Kirchner visitar\u00e1 la provincia mediterr\u00e1nea\u2026","rel":"","context":"En \u00abPol\u00edtica\u00bb","block_context":{"text":"Pol\u00edtica","link":"http:\/\/www.24baires.com\/?cat=51"},"img":{"alt_text":"","src":"","width":0,"height":0},"classes":[]}],"jetpack_sharing_enabled":true,"jetpack_likes_enabled":true,"jetpack_featured_media_url":"","_links":{"self":[{"href":"http:\/\/www.24baires.com\/index.php?rest_route=\/wp\/v2\/posts\/68449","targetHints":{"allow":["GET"]}}],"collection":[{"href":"http:\/\/www.24baires.com\/index.php?rest_route=\/wp\/v2\/posts"}],"about":[{"href":"http:\/\/www.24baires.com\/index.php?rest_route=\/wp\/v2\/types\/post"}],"author":[{"embeddable":true,"href":"http:\/\/www.24baires.com\/index.php?rest_route=\/wp\/v2\/users\/4"}],"replies":[{"embeddable":true,"href":"http:\/\/www.24baires.com\/index.php?rest_route=%2Fwp%2Fv2%2Fcomments&post=68449"}],"version-history":[{"count":1,"href":"http:\/\/www.24baires.com\/index.php?rest_route=\/wp\/v2\/posts\/68449\/revisions"}],"predecessor-version":[{"id":68451,"href":"http:\/\/www.24baires.com\/index.php?rest_route=\/wp\/v2\/posts\/68449\/revisions\/68451"}],"wp:attachment":[{"href":"http:\/\/www.24baires.com\/index.php?rest_route=%2Fwp%2Fv2%2Fmedia&parent=68449"}],"wp:term":[{"taxonomy":"category","embeddable":true,"href":"http:\/\/www.24baires.com\/index.php?rest_route=%2Fwp%2Fv2%2Fcategories&post=68449"},{"taxonomy":"post_tag","embeddable":true,"href":"http:\/\/www.24baires.com\/index.php?rest_route=%2Fwp%2Fv2%2Ftags&post=68449"}],"curies":[{"name":"wp","href":"https:\/\/api.w.org\/{rel}","templated":true}]}}