{"id":68426,"date":"2015-07-01T18:00:32","date_gmt":"2015-07-01T21:00:32","guid":{"rendered":"http:\/\/www.24baires.com\/?p=68426"},"modified":"2015-07-02T10:56:40","modified_gmt":"2015-07-02T13:56:40","slug":"no-se-puede-ser-indiferente-en-este-momento-de-la-argentina","status":"publish","type":"post","link":"http:\/\/www.24baires.com\/?p=68426","title":{"rendered":"\u00abNo se puede ser indiferente en este momento de la Argentina\u00bb"},"content":{"rendered":"<p><img data-recalc-dims=\"1\" loading=\"lazy\" decoding=\"async\" class=\"aligncenter size-full wp-image-68427\" src=\"https:\/\/i0.wp.com\/www.24baires.com\/wp-content\/uploads\/2015\/07\/scioli.jpg?resize=510%2C286\" alt=\"scioli\" width=\"510\" height=\"286\" srcset=\"https:\/\/i0.wp.com\/www.24baires.com\/wp-content\/uploads\/2015\/07\/scioli.jpg?w=510 510w, https:\/\/i0.wp.com\/www.24baires.com\/wp-content\/uploads\/2015\/07\/scioli.jpg?resize=300%2C168 300w\" sizes=\"auto, (max-width: 510px) 100vw, 510px\" \/><\/p>\n<p>El gobernador bonaerense y precandidato presidencial del Frente para la Victoria lo asegur\u00f3 al entregar jubilaciones junto al presidente del Instituto de Previsi\u00f3n Social, Mariano Cascallares, y el titular de la Anses, Diego Bossio, en Almirante Brown.<!--more--><\/p>\n<p>Durante la actividad, que se desarroll\u00f3 en el club San Mart\u00edn de Burzaco, el mandatario provincial concedi\u00f3 cinco moratorias, diferentes kits y material para clubes.<br \/>\n\u201cGracias a la recuperaci\u00f3n de la Anses tenemos la tarjeta Argenta. Ustedes, queridos jubilados, lo saben muy bien, y eso contribuye con el consumo\u00bb, manifest\u00f3 Scioli y agradeci\u00f3 a Bossio \u00abpor haber puesto a la Argentina y la Provincia -con la decisi\u00f3n de la Presidenta- a la vanguardia de estas pol\u00edticas\u201d.<\/p>\n<p>Sostuvo que \u201cmi compromiso es proyectar estas pol\u00edticas hacia el futuro y esa es la tranquilidad y la seguridad que yo quiero trasmitir\u201d.<\/p>\n<p>Convoc\u00f3 a los votantes \u00absin bander\u00eda pol\u00edtica a llevar al FpV a la victoria con la ayuda de ustedes\u00bb y a\u00f1adi\u00f3 que \u00abyo s\u00e9 que hay muchos ciudadanos independientes, es bueno serlo, pero no se puede ser indiferente en este momento de la Argentina\u201d.<\/p>\n<p>\u201cAqu\u00ed est\u00e1 la posibilidad de seguir avanzando con las asignaturas pendientes y los sue\u00f1os que a\u00fan tenemos por delante de una Argentina desendeudada, que va a seguir generando movilidad social y progreso\u201d, finaliz\u00f3.<\/p>\n","protected":false},"excerpt":{"rendered":"<p>El gobernador bonaerense y precandidato presidencial del Frente para la Victoria lo asegur\u00f3 al entregar jubilaciones junto al presidente del Instituto de Previsi\u00f3n Social, Mariano Cascallares, y el titular de la Anses, Diego Bossio, en Almirante Brown.<\/p>\n","protected":false},"author":4,"featured_media":0,"comment_status":"open","ping_status":"open","sticky":false,"template":"","format":"standard","meta":{"_jetpack_newsletter_access":"","_jetpack_dont_email_post_to_subs":false,"_jetpack_newsletter_tier_id":0,"_jetpack_memberships_contains_paywalled_content":false,"_jetpack_memberships_contains_paid_content":false,"footnotes":""},"categories":[51],"tags":[],"class_list":["post-68426","post","type-post","status-publish","format-standard","hentry","category-politica"],"jetpack_shortlink":"https:\/\/wp.me\/p2JWE0-hNE","jetpack-related-posts":[{"id":38704,"url":"http:\/\/www.24baires.com\/?p=38704","url_meta":{"origin":68426,"position":0},"title":"Bossio destac\u00f3 el rol del Estado para recuperar los centros de jubilados","author":"GB","date":"17\/01\/2014","format":false,"excerpt":"BERAZATEGUI-El titular de la Anses, Diego Bossio, resalt\u00f3 que la \"contenci\u00f3n\" de un Estado \"presente\" permiti\u00f3 recuperar los centros de jubilados que estaban \"fundidos\" a\u00f1os atr\u00e1s y destac\u00f3 el crecimiento del programa Club Argenta en el partido bonaerense de Berazategui. \"Hay 23 mil nuevos jubilados en Berazategui porque hay un\u2026","rel":"","context":"En \u00abPol\u00edtica\u00bb","block_context":{"text":"Pol\u00edtica","link":"http:\/\/www.24baires.com\/?cat=51"},"img":{"alt_text":"","src":"","width":0,"height":0},"classes":[]},{"id":62052,"url":"http:\/\/www.24baires.com\/?p=62052","url_meta":{"origin":68426,"position":1},"title":"Chivilcoy: Randazzo y Bossio se mostraron juntos y generaron expectativa","author":"Grupo Sierra","date":"20\/02\/2015","format":false,"excerpt":"El ministro del Interior y Transporte y el titular de la ANSES recorrieron juntos la localidad. Gestiones compartidas y elogios que vinieron de todos lados. En Chivilcoy, provincia de Buenos Aires, el Director Ejecutivo de la ANSES, Diego Bossio, entreg\u00f3 nuevas jubilaciones por moratoria, certificados PRO.CRE.AR. a familias que obtuvieron\u2026","rel":"","context":"En \u00abLocales\u00bb","block_context":{"text":"Locales","link":"http:\/\/www.24baires.com\/?cat=38"},"img":{"alt_text":"","src":"https:\/\/i0.wp.com\/www.24baires.com\/wp-content\/uploads\/2015\/02\/randazzo-bossio.jpg?resize=350%2C200","width":350,"height":200,"srcset":"https:\/\/i0.wp.com\/www.24baires.com\/wp-content\/uploads\/2015\/02\/randazzo-bossio.jpg?resize=350%2C200 1x, https:\/\/i0.wp.com\/www.24baires.com\/wp-content\/uploads\/2015\/02\/randazzo-bossio.jpg?resize=525%2C300 1.5x"},"classes":[]},{"id":61514,"url":"http:\/\/www.24baires.com\/?p=61514","url_meta":{"origin":68426,"position":2},"title":"Bossio no habla de elecciones pero ya recorre la Provincia","author":"Grupo Sierra","date":"09\/02\/2015","format":false,"excerpt":"El titular de la ANSES entreg\u00f3 jubilaciones por moratoria, firm\u00f3 convenios PRO.CRE.AR para la generaci\u00f3n de suelo urbano y otorg\u00f3 certificados de cr\u00e9dito hipotecario a familias en Lobos y Navarro, acompa\u00f1ado por Sobrero y Maggiotti. \u201cHace poco m\u00e1s de un d\u00e9cada, los argentinos est\u00e1bamos ante un pa\u00eds derrumbado, donde las\u2026","rel":"","context":"En \u00abProvincia\u00bb","block_context":{"text":"Provincia","link":"http:\/\/www.24baires.com\/?cat=40"},"img":{"alt_text":"bossio hurlingham","src":"https:\/\/i0.wp.com\/www.24baires.com\/wp-content\/uploads\/2014\/11\/bossio-hurlingham.jpg?resize=350%2C200","width":350,"height":200,"srcset":"https:\/\/i0.wp.com\/www.24baires.com\/wp-content\/uploads\/2014\/11\/bossio-hurlingham.jpg?resize=350%2C200 1x, https:\/\/i0.wp.com\/www.24baires.com\/wp-content\/uploads\/2014\/11\/bossio-hurlingham.jpg?resize=525%2C300 1.5x"},"classes":[]},{"id":57727,"url":"http:\/\/www.24baires.com\/?p=57727","url_meta":{"origin":68426,"position":3},"title":"Zabaleta y Bossio entregaron nuevas jubilaciones en Hurlingham","author":"GB","date":"26\/11\/2014","format":false,"excerpt":"El concejal del Frente para la Victoria Juan Zabaleta junto al Director de la ANSES, Diego Bossio entregaron m\u00e1s de 200 nuevas jubilaciones por la moratoria previsional a abuelos del distrito. Durante el acto al que asistieron adultos mayores del distrito, Zabaleta record\u00f3 que \"hoy tenemos en Hurlingham m\u00e1s de\u2026","rel":"","context":"En \u00abLocales\u00bb","block_context":{"text":"Locales","link":"http:\/\/www.24baires.com\/?cat=38"},"img":{"alt_text":"","src":"https:\/\/i0.wp.com\/www.24baires.com\/wp-content\/uploads\/2014\/11\/bossio-hurlingham.jpg?resize=350%2C200","width":350,"height":200,"srcset":"https:\/\/i0.wp.com\/www.24baires.com\/wp-content\/uploads\/2014\/11\/bossio-hurlingham.jpg?resize=350%2C200 1x, https:\/\/i0.wp.com\/www.24baires.com\/wp-content\/uploads\/2014\/11\/bossio-hurlingham.jpg?resize=525%2C300 1.5x"},"classes":[]},{"id":69466,"url":"http:\/\/www.24baires.com\/?p=69466","url_meta":{"origin":68426,"position":4},"title":"Bossio: \u00abEstamos pagando los juicios que Massa gener\u00f3 cuando estuvo en la ANSES\u00bb","author":"Grupo Sierra","date":"23\/07\/2015","format":false,"excerpt":"El actual titular de ANSES Diego Bossio se despach\u00f3 contra su antecesor y hoy opositor Sergio Massa luego que este prometiera asignar el 82 por ciento m\u00f3vil a los jubilados. El director ejecutivo de Anses, Diego Bossio, critic\u00f3 al precandidato presidencial del Frente Renovador, Sergio Massa, quien prometi\u00f3 que de\u2026","rel":"","context":"En \u00abPol\u00edtica\u00bb","block_context":{"text":"Pol\u00edtica","link":"http:\/\/www.24baires.com\/?cat=51"},"img":{"alt_text":"diego-bossio-anses","src":"https:\/\/i0.wp.com\/www.24baires.com\/wp-content\/uploads\/2014\/07\/diego-bossio-anses.jpg?resize=350%2C200","width":350,"height":200,"srcset":"https:\/\/i0.wp.com\/www.24baires.com\/wp-content\/uploads\/2014\/07\/diego-bossio-anses.jpg?resize=350%2C200 1x, https:\/\/i0.wp.com\/www.24baires.com\/wp-content\/uploads\/2014\/07\/diego-bossio-anses.jpg?resize=525%2C300 1.5x"},"classes":[]},{"id":62710,"url":"http:\/\/www.24baires.com\/?p=62710","url_meta":{"origin":68426,"position":5},"title":"De Narv\u00e1ez lo critic\u00f3 y Bossio se la devolvi\u00f3","author":"Grupo Sierra","date":"05\/03\/2015","format":false,"excerpt":"El \u201cColorado\u201d se quej\u00f3 de que ANSES est\u00e9 \u201cabriendo oficinas en toda la Provincia, hablando maravillas de quien la conduce\u201d. \u201cEntiendo que no sepa lo que es gestionar\u201d, respondi\u00f3 Bossio. El titular de ANSES, Diego Bossio, sali\u00f3 al cruce de declaraciones del precandidato massista a la Gobernaci\u00f3n, Francisco De Narv\u00e1ez,\u2026","rel":"","context":"En \u00abPol\u00edtica\u00bb","block_context":{"text":"Pol\u00edtica","link":"http:\/\/www.24baires.com\/?cat=51"},"img":{"alt_text":"diego-bossio-anses","src":"https:\/\/i0.wp.com\/www.24baires.com\/wp-content\/uploads\/2014\/07\/diego-bossio-anses.jpg?resize=350%2C200","width":350,"height":200,"srcset":"https:\/\/i0.wp.com\/www.24baires.com\/wp-content\/uploads\/2014\/07\/diego-bossio-anses.jpg?resize=350%2C200 1x, https:\/\/i0.wp.com\/www.24baires.com\/wp-content\/uploads\/2014\/07\/diego-bossio-anses.jpg?resize=525%2C300 1.5x"},"classes":[]}],"jetpack_sharing_enabled":true,"jetpack_likes_enabled":true,"jetpack_featured_media_url":"","_links":{"self":[{"href":"http:\/\/www.24baires.com\/index.php?rest_route=\/wp\/v2\/posts\/68426","targetHints":{"allow":["GET"]}}],"collection":[{"href":"http:\/\/www.24baires.com\/index.php?rest_route=\/wp\/v2\/posts"}],"about":[{"href":"http:\/\/www.24baires.com\/index.php?rest_route=\/wp\/v2\/types\/post"}],"author":[{"embeddable":true,"href":"http:\/\/www.24baires.com\/index.php?rest_route=\/wp\/v2\/users\/4"}],"replies":[{"embeddable":true,"href":"http:\/\/www.24baires.com\/index.php?rest_route=%2Fwp%2Fv2%2Fcomments&post=68426"}],"version-history":[{"count":2,"href":"http:\/\/www.24baires.com\/index.php?rest_route=\/wp\/v2\/posts\/68426\/revisions"}],"predecessor-version":[{"id":68453,"href":"http:\/\/www.24baires.com\/index.php?rest_route=\/wp\/v2\/posts\/68426\/revisions\/68453"}],"wp:attachment":[{"href":"http:\/\/www.24baires.com\/index.php?rest_route=%2Fwp%2Fv2%2Fmedia&parent=68426"}],"wp:term":[{"taxonomy":"category","embeddable":true,"href":"http:\/\/www.24baires.com\/index.php?rest_route=%2Fwp%2Fv2%2Fcategories&post=68426"},{"taxonomy":"post_tag","embeddable":true,"href":"http:\/\/www.24baires.com\/index.php?rest_route=%2Fwp%2Fv2%2Ftags&post=68426"}],"curies":[{"name":"wp","href":"https:\/\/api.w.org\/{rel}","templated":true}]}}