{"id":68404,"date":"2015-07-01T12:32:28","date_gmt":"2015-07-01T15:32:28","guid":{"rendered":"http:\/\/www.24baires.com\/?p=68404"},"modified":"2015-07-01T12:32:28","modified_gmt":"2015-07-01T15:32:28","slug":"scioli-presentara-su-himno-de-la-victoria-cantado-por-ricardo-montaner","status":"publish","type":"post","link":"http:\/\/www.24baires.com\/?p=68404","title":{"rendered":"Scioli presentar\u00e1 su \u201cHimno de la Victoria\u201d, cantado por Ricardo Montaner"},"content":{"rendered":"<p><img data-recalc-dims=\"1\" loading=\"lazy\" decoding=\"async\" class=\"aligncenter size-full wp-image-52743\" src=\"https:\/\/i0.wp.com\/www.24baires.com\/wp-content\/uploads\/2014\/08\/scioli-saludo.jpg?resize=560%2C373\" alt=\"scioli saludo\" width=\"560\" height=\"373\" srcset=\"https:\/\/i0.wp.com\/www.24baires.com\/wp-content\/uploads\/2014\/08\/scioli-saludo.jpg?w=560 560w, https:\/\/i0.wp.com\/www.24baires.com\/wp-content\/uploads\/2014\/08\/scioli-saludo.jpg?resize=300%2C199 300w\" sizes=\"auto, (max-width: 560px) 100vw, 560px\" \/>El candidato a presidente del kirchnerismo estrenar\u00e1 hoy en La Rioja el jingle de campa\u00f1a que le compuso su amigo personal Ricardo Montaner para las elecciones presidenciales.<!--more--><\/p>\n<p>El \u00abHimno de la Victoria\u00bb se escuchar\u00e1 hoy en La Rioja, en el marco del acto de cierre de campa\u00f1a que realizar\u00e1 la f\u00f3rmula oficialista integrada por Sergio Casas y N\u00e9stor Bosetti, en el que estar\u00e1n presente Daniel Scioli y Carlos Zannini, su compa\u00f1ero de f\u00f3rmula para las elecciones presidenciales del 25 de octubre.<\/p>\n<p>\u00abYo s\u00e9, vamos llegando con la V de la victoria. Yo s\u00e9, no cabe duda de que contigo es el camino. Yo s\u00e9, que no estoy solo, hay un pa\u00eds que va conmigo. Yo s\u00e9, hay un pulm\u00f3n obrero, hay sangre y hay memoria. Estoy poniendo mi lealtad y mi pensamiento. Toda la fuerza, deber y cumplimiento. No estoy solo, hay un pa\u00eds que va conmigo\u00bb, es una parte de la canci\u00f3n que hoy se escuchar\u00e1 en la ex estaci\u00f3n de ferrocarril, en el centro de la ciudad de La Rioja.<\/p>\n<p>La canci\u00f3n, que recorre distintos estilos musicales como el tango, con el que comienza, y el folklore argentino y latinoamericano que acompa\u00f1a el resto de la melod\u00eda, ser\u00e1 el jingle de campa\u00f1a que acompa\u00f1ar\u00e1 al candidato oficialista en sus actos de cara a los comicios presidenciales del 25 de octubre.<\/p>\n<p>Ricardo Montaner, nacido en argentina pero de nacionalidad venezolana y tambi\u00e9n colombiana, ya hab\u00eda compuesto una canci\u00f3n pensada en su amigo Daniel Scioli, que se llam\u00f3 \u00abYo creo\u00bb y que acompa\u00f1\u00f3 a Daniel Scioli en varios actos que encabez\u00f3 como gobernador de la provincia de Buenos Aires.<\/p>\n","protected":false},"excerpt":{"rendered":"<p>El candidato a presidente del kirchnerismo estrenar\u00e1 hoy en La Rioja el jingle de campa\u00f1a que le compuso su amigo personal Ricardo Montaner para las elecciones presidenciales.<\/p>\n","protected":false},"author":8,"featured_media":0,"comment_status":"open","ping_status":"open","sticky":false,"template":"","format":"standard","meta":{"_jetpack_newsletter_access":"","_jetpack_dont_email_post_to_subs":false,"_jetpack_newsletter_tier_id":0,"_jetpack_memberships_contains_paywalled_content":false,"_jetpack_memberships_contains_paid_content":false,"footnotes":""},"categories":[51],"tags":[],"class_list":["post-68404","post","type-post","status-publish","format-standard","hentry","category-politica"],"jetpack_shortlink":"https:\/\/wp.me\/p2JWE0-hNi","jetpack-related-posts":[{"id":68633,"url":"http:\/\/www.24baires.com\/?p=68633","url_meta":{"origin":68404,"position":0},"title":"La f\u00f3rmula presidencial del Frente para la Victoria lleg\u00f3 a La Rioja","author":"GB","date":"05\/07\/2015","format":false,"excerpt":"Seg\u00fan se inform\u00f3, el binomio presidencial y los funcionarios se dirigir\u00e1n a la Casa de Gobierno, donde ser\u00e1n recibidos por el gobernador Luis Beder Herrera, y donde adem\u00e1s tienen previsto brindar una conferencia de prensa. Los integrantes de la f\u00f3rmula presidencial del FpV, Daniel Scioli-Carlos Zannini, arribaron , pasadas las\u2026","rel":"","context":"En \u00abElecciones 2015\u00bb","block_context":{"text":"Elecciones 2015","link":"http:\/\/www.24baires.com\/?cat=74"},"img":{"alt_text":"","src":"https:\/\/i0.wp.com\/www.24baires.com\/wp-content\/uploads\/2015\/07\/fpv-la-rioja.jpg?resize=350%2C200","width":350,"height":200,"srcset":"https:\/\/i0.wp.com\/www.24baires.com\/wp-content\/uploads\/2015\/07\/fpv-la-rioja.jpg?resize=350%2C200 1x, https:\/\/i0.wp.com\/www.24baires.com\/wp-content\/uploads\/2015\/07\/fpv-la-rioja.jpg?resize=525%2C300 1.5x"},"classes":[]},{"id":101122,"url":"http:\/\/www.24baires.com\/?p=101122","url_meta":{"origin":68404,"position":1},"title":"Indagar\u00e1n a Scioli por irregularidades en la construcci\u00f3n de las UPA 24","author":"AF","date":"17\/03\/2018","format":false,"excerpt":"El ex gobernador Daniel Scioli y quien fuera su ministro de Salud, Alejandro Collia, fueron imputados y citados a prestar declaraci\u00f3n indagatoria en el marco de una causa que investiga presuntas irregularidades en la adjudicaci\u00f3n de ocho Unidades de Pronta Atenci\u00f3n (UPA 24) para las que se destinaron m\u00e1s de\u2026","rel":"","context":"En \u00abJUDICIALES\u00bb","block_context":{"text":"JUDICIALES","link":"http:\/\/www.24baires.com\/?cat=68"},"img":{"alt_text":"","src":"https:\/\/i0.wp.com\/www.24baires.com\/wp-content\/uploads\/2014\/05\/Daniel-Scioli.jpg?resize=350%2C200","width":350,"height":200,"srcset":"https:\/\/i0.wp.com\/www.24baires.com\/wp-content\/uploads\/2014\/05\/Daniel-Scioli.jpg?resize=350%2C200 1x, https:\/\/i0.wp.com\/www.24baires.com\/wp-content\/uploads\/2014\/05\/Daniel-Scioli.jpg?resize=525%2C300 1.5x"},"classes":[]},{"id":69497,"url":"http:\/\/www.24baires.com\/?p=69497","url_meta":{"origin":68404,"position":2},"title":"Scioli y Zannini participan del encuentro del PJ en Parque Norte","author":"AF","date":"24\/07\/2015","format":false,"excerpt":"El gobernador bonaerense y candidato a presidente del FpV y su compa\u00f1ero de f\u00f3rmula dar\u00e1n el presente hoy en el cierre de una jornada organizada por Gestar, instituto impulsado por el ex presidente N\u00e9stor Kirchner. A poco m\u00e1s de dos semanas de las elecciones primarias (PASO) a nivel nacional, Gestar,\u2026","rel":"","context":"En \u00abPol\u00edtica\u00bb","block_context":{"text":"Pol\u00edtica","link":"http:\/\/www.24baires.com\/?cat=51"},"img":{"alt_text":"","src":"https:\/\/i0.wp.com\/www.24baires.com\/wp-content\/uploads\/2015\/07\/scioli-zannini1.jpg?resize=350%2C200","width":350,"height":200,"srcset":"https:\/\/i0.wp.com\/www.24baires.com\/wp-content\/uploads\/2015\/07\/scioli-zannini1.jpg?resize=350%2C200 1x, https:\/\/i0.wp.com\/www.24baires.com\/wp-content\/uploads\/2015\/07\/scioli-zannini1.jpg?resize=525%2C300 1.5x"},"classes":[]},{"id":69839,"url":"http:\/\/www.24baires.com\/?p=69839","url_meta":{"origin":68404,"position":3},"title":"Scioli en Tandil: \u00abEste es el espacio pol\u00edtico de la industria nacional\u00bb","author":"AF","date":"31\/07\/2015","format":false,"excerpt":"El gobernador bonaerense y candidato presidencial del Frente para la Victoria, Daniel Scioli habl\u00f3 en un acto en la ciudad bonaerense de Tandil. \"Esta Argentina va a sembrar cada vez m\u00e1s oportunidades\", dijo. El gobernador bonaerense y candidato presidencial del Frente para la Victoria, Daniel Scioli, afirm\u00f3 hoy que \"las\u2026","rel":"","context":"En \u00abElecciones 2015\u00bb","block_context":{"text":"Elecciones 2015","link":"http:\/\/www.24baires.com\/?cat=74"},"img":{"alt_text":"","src":"https:\/\/i0.wp.com\/www.24baires.com\/wp-content\/uploads\/2015\/07\/zannini-scioli-bossio-an%C3%ADbal.jpg?resize=350%2C200","width":350,"height":200,"srcset":"https:\/\/i0.wp.com\/www.24baires.com\/wp-content\/uploads\/2015\/07\/zannini-scioli-bossio-an%C3%ADbal.jpg?resize=350%2C200 1x, https:\/\/i0.wp.com\/www.24baires.com\/wp-content\/uploads\/2015\/07\/zannini-scioli-bossio-an%C3%ADbal.jpg?resize=525%2C300 1.5x"},"classes":[]},{"id":51025,"url":"http:\/\/www.24baires.com\/?p=51025","url_meta":{"origin":68404,"position":4},"title":"An\u00edbal Fern\u00e1ndez conf\u00eda en que le ganar\u00e1 la interna a Randazzo y Scioli","author":"GB","date":"02\/08\/2014","format":false,"excerpt":"\"Si fuera elegido para la f\u00f3rmula del Frente para la Victoria no tenga ninguna duda que el presidente ser\u00e9 yo\", dijo y de ese modo manifest\u00f3 que, de ganar las primarias, ser\u00e1 capaz de derrotar a Massa y Macri. El senador kirchnerista An\u00edbal Fern\u00e1ndez confirm\u00f3 este s\u00e1bado que competir\u00e1 en\u2026","rel":"","context":"En \u00abLocales\u00bb","block_context":{"text":"Locales","link":"http:\/\/www.24baires.com\/?cat=38"},"img":{"alt_text":"fern\u00e1ndez an\u00edbal2","src":"https:\/\/i0.wp.com\/www.24baires.com\/wp-content\/uploads\/2012\/11\/fern%C3%A1ndez-an%C3%ADbal2.jpg?resize=350%2C200","width":350,"height":200,"srcset":"https:\/\/i0.wp.com\/www.24baires.com\/wp-content\/uploads\/2012\/11\/fern%C3%A1ndez-an%C3%ADbal2.jpg?resize=350%2C200 1x, https:\/\/i0.wp.com\/www.24baires.com\/wp-content\/uploads\/2012\/11\/fern%C3%A1ndez-an%C3%ADbal2.jpg?resize=525%2C300 1.5x"},"classes":[]},{"id":69150,"url":"http:\/\/www.24baires.com\/?p=69150","url_meta":{"origin":68404,"position":5},"title":"Scioli: \u00abNuestras prioridades contrastan con las de la alianza reciclada de Macri\u00bb","author":"AF","date":"16\/07\/2015","format":false,"excerpt":"El precandidato presidencial del Frente para la Victoria (FPV) y gobernador bonaerense afirm\u00f3, adem\u00e1s que junto a Carlos Zannini son la \"f\u00f3rmula m\u00e1s federal\" para las primarias del 9 de agosto. El precandidato presidencial del Frente para la Victoria (FPV) y gobernador bonaerense, Daniel Scioli, afirm\u00f3 hoy que -junto a\u2026","rel":"","context":"En \u00abElecciones 2015\u00bb","block_context":{"text":"Elecciones 2015","link":"http:\/\/www.24baires.com\/?cat=74"},"img":{"alt_text":"scioli 1","src":"https:\/\/i0.wp.com\/www.24baires.com\/wp-content\/uploads\/2015\/01\/scioli-1.jpg?resize=350%2C200","width":350,"height":200,"srcset":"https:\/\/i0.wp.com\/www.24baires.com\/wp-content\/uploads\/2015\/01\/scioli-1.jpg?resize=350%2C200 1x, https:\/\/i0.wp.com\/www.24baires.com\/wp-content\/uploads\/2015\/01\/scioli-1.jpg?resize=525%2C300 1.5x"},"classes":[]}],"jetpack_sharing_enabled":true,"jetpack_likes_enabled":true,"jetpack_featured_media_url":"","_links":{"self":[{"href":"http:\/\/www.24baires.com\/index.php?rest_route=\/wp\/v2\/posts\/68404","targetHints":{"allow":["GET"]}}],"collection":[{"href":"http:\/\/www.24baires.com\/index.php?rest_route=\/wp\/v2\/posts"}],"about":[{"href":"http:\/\/www.24baires.com\/index.php?rest_route=\/wp\/v2\/types\/post"}],"author":[{"embeddable":true,"href":"http:\/\/www.24baires.com\/index.php?rest_route=\/wp\/v2\/users\/8"}],"replies":[{"embeddable":true,"href":"http:\/\/www.24baires.com\/index.php?rest_route=%2Fwp%2Fv2%2Fcomments&post=68404"}],"version-history":[{"count":1,"href":"http:\/\/www.24baires.com\/index.php?rest_route=\/wp\/v2\/posts\/68404\/revisions"}],"predecessor-version":[{"id":68405,"href":"http:\/\/www.24baires.com\/index.php?rest_route=\/wp\/v2\/posts\/68404\/revisions\/68405"}],"wp:attachment":[{"href":"http:\/\/www.24baires.com\/index.php?rest_route=%2Fwp%2Fv2%2Fmedia&parent=68404"}],"wp:term":[{"taxonomy":"category","embeddable":true,"href":"http:\/\/www.24baires.com\/index.php?rest_route=%2Fwp%2Fv2%2Fcategories&post=68404"},{"taxonomy":"post_tag","embeddable":true,"href":"http:\/\/www.24baires.com\/index.php?rest_route=%2Fwp%2Fv2%2Ftags&post=68404"}],"curies":[{"name":"wp","href":"https:\/\/api.w.org\/{rel}","templated":true}]}}