{"id":68391,"date":"2015-07-01T10:30:24","date_gmt":"2015-07-01T13:30:24","guid":{"rendered":"http:\/\/www.24baires.com\/?p=68391"},"modified":"2015-07-01T10:28:12","modified_gmt":"2015-07-01T13:28:12","slug":"ferroviarios-amenazan-con-un-paro-en-reclamo-del-aguinaldo","status":"publish","type":"post","link":"http:\/\/www.24baires.com\/?p=68391","title":{"rendered":"Ferroviarios amenazan con un paro en reclamo del aguinaldo"},"content":{"rendered":"<p><img data-recalc-dims=\"1\" loading=\"lazy\" decoding=\"async\" class=\"aligncenter size-full wp-image-26470\" src=\"https:\/\/i0.wp.com\/www.24baires.com\/wp-content\/uploads\/2013\/06\/estaci%C3%B3n-tren-alem.jpg?resize=560%2C334\" alt=\"estaci\u00f3n tren alem\" width=\"560\" height=\"334\" srcset=\"https:\/\/i0.wp.com\/www.24baires.com\/wp-content\/uploads\/2013\/06\/estaci%C3%B3n-tren-alem.jpg?w=560 560w, https:\/\/i0.wp.com\/www.24baires.com\/wp-content\/uploads\/2013\/06\/estaci%C3%B3n-tren-alem.jpg?resize=300%2C178 300w\" sizes=\"auto, (max-width: 560px) 100vw, 560px\" \/>La Fraternidad, sindicato que nuclea a los conductores de trenes, emiti\u00f3 un comunicado en el que se declara en \u00abestado de alerta\u00bb y no descart\u00f3 medidas de fuerza para los pr\u00f3ximos d\u00edas. Fuerte cr\u00edtica al ministerio de Interior y Transporte.<!--more--><\/p>\n<p>La Fraternidad, el sindicato de los conductores de trenes, amenaz\u00f3 con realizar un paro en los pr\u00f3ximos d\u00edas y se declar\u00f3 en \u00abestado de alerta\u00bb en reclamo del pago del aguinaldo.<\/p>\n<p>En un comunicado, dado a conocer este mi\u00e9rcoles, el gremio de los maquinistas se\u00f1al\u00f3: \u00abFrente a las reiteradas violaciones de la legislaci\u00f3n laboral por parte del Ministerio de Interior y Transporte, el sindicato La Fraternidad declar\u00f3 desde este mi\u00e9rcoles el Estado de Alerta, no descartando acciones defensivas de sus derechos que puedan repercutir en el servicio ferroviario\u00bb.<br \/>\nAsimismo, la organizaci\u00f3n que encabeza Omar Maturano acus\u00f3 al Ministerio de Interior y Transporte de tener una actitud \u00abpersecutoria\u00bb y dijo que la cartera \u00abpretende tener una legislaci\u00f3n propia para continuar de manera sistem\u00e1tica con el incumplimiento de la Ley y atropellando una vez m\u00e1s el derecho del trabajador ferroviario\u00bb.<\/p>\n<p>\u00abEs as\u00ed que el sindicato de La Fraternidad, ante una nueva demostraci\u00f3n de autoritarismo, manoseo y desprecio de los derechos de los trabajadores ferroviarios, informa que declara el Estado de Alerta y no descarta medidas en defensa de sus derechos laborales\u00bb, se\u00f1al\u00f3 el texto.<\/p>\n<p>&nbsp;<\/p>\n<p>&nbsp;<\/p>\n<p>&nbsp;<\/p>\n<p>&nbsp;<\/p>\n<p>&nbsp;<\/p>\n<p>&nbsp;<\/p>\n<p>&nbsp;<\/p>\n<p>&nbsp;<\/p>\n<p>&nbsp;<\/p>\n<p>&nbsp;<\/p>\n<p>&nbsp;<\/p>\n<p>&nbsp;<\/p>\n<p>&nbsp;<\/p>\n<p>&nbsp;<\/p>\n<p>&nbsp;<\/p>\n<p>&nbsp;<\/p>\n","protected":false},"excerpt":{"rendered":"<p>La Fraternidad, sindicato que nuclea a los conductores de trenes, emiti\u00f3 un comunicado en el que se declara en \u00abestado de alerta\u00bb y no descart\u00f3 medidas de fuerza para los pr\u00f3ximos d\u00edas. Fuerte cr\u00edtica al ministerio de Interior y Transporte.<\/p>\n","protected":false},"author":8,"featured_media":0,"comment_status":"open","ping_status":"open","sticky":false,"template":"","format":"standard","meta":{"_jetpack_newsletter_access":"","_jetpack_dont_email_post_to_subs":false,"_jetpack_newsletter_tier_id":0,"_jetpack_memberships_contains_paywalled_content":false,"_jetpack_memberships_contains_paid_content":false,"footnotes":""},"categories":[51],"tags":[],"class_list":["post-68391","post","type-post","status-publish","format-standard","hentry","category-politica"],"jetpack_shortlink":"https:\/\/wp.me\/p2JWE0-hN5","jetpack-related-posts":[{"id":27493,"url":"http:\/\/www.24baires.com\/?p=27493","url_meta":{"origin":68391,"position":0},"title":"\u00abSon unos desvergonzados\u00bb lanz\u00f3 Randazzo a La Fraternidad","author":"Grupo Sierra","date":"03\/07\/2013","format":false,"excerpt":"El ministro del Interior y Transporte, Florencio Randazzo, asegur\u00f3 que la medida de fuerza sorpresiva dispuesta por La Fraternidad \u201ces consecuencia de la instalaci\u00f3n de c\u00e1maras en las cabinas de conducci\u00f3n\u201d, ya que \u201cel aguinaldo se paga el cuarto d\u00eda h\u00e1bil del mes\". El ministro del Interior y Transporte, Florencio\u2026","rel":"","context":"En \u00abSociedad\u00bb","block_context":{"text":"Sociedad","link":"http:\/\/www.24baires.com\/?cat=1"},"img":{"alt_text":"","src":"","width":0,"height":0},"classes":[]},{"id":71093,"url":"http:\/\/www.24baires.com\/?p=71093","url_meta":{"origin":68391,"position":1},"title":"El pr\u00f3ximo mi\u00e9rcoles habr\u00e1 paro de trenes","author":"AF","date":"24\/08\/2015","format":false,"excerpt":"El sindicato de conductores de trenes La Fraternidad ratific\u00f3 a las 18.30 el paro nacional de actividades por 24 horas para este mi\u00e9rcoles agosto, tras fracasar las negociaciones paritarias con funcionarios del Ministerio de Trabajo y la Secretar\u00eda de Transporte. El titular del gremio, Omar Maturano, se\u00f1al\u00f3 a la agencia\u2026","rel":"","context":"En \u00abSociedad\u00bb","block_context":{"text":"Sociedad","link":"http:\/\/www.24baires.com\/?cat=1"},"img":{"alt_text":"Tren Roca Quilmes","src":"https:\/\/i0.wp.com\/www.24baires.com\/wp-content\/uploads\/2013\/02\/Tren-Roca-Quilmes-300x225.jpg?resize=350%2C200","width":350,"height":200},"classes":[]},{"id":104671,"url":"http:\/\/www.24baires.com\/?p=104671","url_meta":{"origin":68391,"position":2},"title":"Anuncian un paro total de trenes para el pr\u00f3ximo martes","author":"GB","date":"27\/09\/2018","format":false,"excerpt":"Tras el paro general de transporte de este martes, los gremios anunciaron una nueva medida de fuerza que afectar\u00e1 a todas las l\u00edneas de trenes. Reclaman la reapertura de paritarias. Los cuatro sindicatos ferroviarios anunciaron este mi\u00e9rcoles la realizaci\u00f3n de un paro por 24 horas para el pr\u00f3ximo martes 2\u2026","rel":"","context":"En \u00abSociedad\u00bb","block_context":{"text":"Sociedad","link":"http:\/\/www.24baires.com\/?cat=1"},"img":{"alt_text":"","src":"https:\/\/i0.wp.com\/www.24baires.com\/wp-content\/uploads\/2018\/09\/trenes.jpg?resize=350%2C200","width":350,"height":200,"srcset":"https:\/\/i0.wp.com\/www.24baires.com\/wp-content\/uploads\/2018\/09\/trenes.jpg?resize=350%2C200 1x, https:\/\/i0.wp.com\/www.24baires.com\/wp-content\/uploads\/2018\/09\/trenes.jpg?resize=525%2C300 1.5x"},"classes":[]},{"id":71145,"url":"http:\/\/www.24baires.com\/?p=71145","url_meta":{"origin":68391,"position":3},"title":"Se levant\u00f3 el paro y este mi\u00e9rcoles los trenes circular\u00e1n con normalidad","author":"GB","date":"25\/08\/2015","format":false,"excerpt":"La conducci\u00f3n sindical convino \"el mismo aumento salarial\" que firmaron los otros tres gremios ferroviarios, pero introdujo \"una cl\u00e1usula de revisi\u00f3n de las paritarias en marzo pr\u00f3ximo y un porcentaje para el bono que perciben los maquinistas\", asegur\u00f3 el secretario general de la organizaci\u00f3n, Omar Maturano. El Sindicato de Maquinistas\u2026","rel":"","context":"En \u00abPol\u00edtica\u00bb","block_context":{"text":"Pol\u00edtica","link":"http:\/\/www.24baires.com\/?cat=51"},"img":{"alt_text":"trenes","src":"https:\/\/i0.wp.com\/www.24baires.com\/wp-content\/uploads\/2015\/04\/trenes.jpg?resize=350%2C200","width":350,"height":200,"srcset":"https:\/\/i0.wp.com\/www.24baires.com\/wp-content\/uploads\/2015\/04\/trenes.jpg?resize=350%2C200 1x, https:\/\/i0.wp.com\/www.24baires.com\/wp-content\/uploads\/2015\/04\/trenes.jpg?resize=525%2C300 1.5x"},"classes":[]},{"id":27696,"url":"http:\/\/www.24baires.com\/?p=27696","url_meta":{"origin":68391,"position":4},"title":"La Justicia acept\u00f3 la denuncia del Gobierno y se instalan m\u00e1s c\u00e1maras en las cabinas","author":"AF","date":"06\/07\/2013","format":false,"excerpt":"El fiscal requiri\u00f3 la producci\u00f3n de medidas de pruebas en la denuncia que el ministro del Interior y Transporte, Florencio Randazzo, realiz\u00f3 contra el secretario general de \"La Fraternidad\", Omar Maturano. Mientras tanto, la Unidad de Gesti\u00f3n Operativa Mitre Sarmiento precis\u00f3 que la semana pr\u00f3xima se terminar\u00e1 con la instalaci\u00f3n\u2026","rel":"","context":"En \u00abSociedad\u00bb","block_context":{"text":"Sociedad","link":"http:\/\/www.24baires.com\/?cat=1"},"img":{"alt_text":"Tren Roca Quilmes","src":"https:\/\/i0.wp.com\/www.24baires.com\/wp-content\/uploads\/2013\/02\/Tren-Roca-Quilmes-300x225.jpg?resize=350%2C200","width":350,"height":200},"classes":[]},{"id":119521,"url":"http:\/\/www.24baires.com\/?p=119521","url_meta":{"origin":68391,"position":5},"title":"A pesar de la conciliaci\u00f3n obligatoria, hay paro de trenes","author":"GB","date":"08\/11\/2022","format":false,"excerpt":"Trenes Argentinos confirm\u00f3 que no hay servicio en toda el \u00c1rea Metropolitana de Buenos Aires porque la medida afecta al Tren Sarmiento. El Sindicato de Conductores de Trenes conocido como La Fraternidad anunci\u00f3 ayer un paro nacional \"por los jubilados y pensionados\". La medida de fuerza que afecta al servicio\u2026","rel":"","context":"En \u00abSociedad\u00bb","block_context":{"text":"Sociedad","link":"http:\/\/www.24baires.com\/?cat=1"},"img":{"alt_text":"","src":"https:\/\/i0.wp.com\/www.24baires.com\/wp-content\/uploads\/2015\/04\/trenes.jpg?resize=350%2C200","width":350,"height":200,"srcset":"https:\/\/i0.wp.com\/www.24baires.com\/wp-content\/uploads\/2015\/04\/trenes.jpg?resize=350%2C200 1x, https:\/\/i0.wp.com\/www.24baires.com\/wp-content\/uploads\/2015\/04\/trenes.jpg?resize=525%2C300 1.5x, https:\/\/i0.wp.com\/www.24baires.com\/wp-content\/uploads\/2015\/04\/trenes.jpg?resize=700%2C400 2x"},"classes":[]}],"jetpack_sharing_enabled":true,"jetpack_likes_enabled":true,"jetpack_featured_media_url":"","_links":{"self":[{"href":"http:\/\/www.24baires.com\/index.php?rest_route=\/wp\/v2\/posts\/68391","targetHints":{"allow":["GET"]}}],"collection":[{"href":"http:\/\/www.24baires.com\/index.php?rest_route=\/wp\/v2\/posts"}],"about":[{"href":"http:\/\/www.24baires.com\/index.php?rest_route=\/wp\/v2\/types\/post"}],"author":[{"embeddable":true,"href":"http:\/\/www.24baires.com\/index.php?rest_route=\/wp\/v2\/users\/8"}],"replies":[{"embeddable":true,"href":"http:\/\/www.24baires.com\/index.php?rest_route=%2Fwp%2Fv2%2Fcomments&post=68391"}],"version-history":[{"count":1,"href":"http:\/\/www.24baires.com\/index.php?rest_route=\/wp\/v2\/posts\/68391\/revisions"}],"predecessor-version":[{"id":68392,"href":"http:\/\/www.24baires.com\/index.php?rest_route=\/wp\/v2\/posts\/68391\/revisions\/68392"}],"wp:attachment":[{"href":"http:\/\/www.24baires.com\/index.php?rest_route=%2Fwp%2Fv2%2Fmedia&parent=68391"}],"wp:term":[{"taxonomy":"category","embeddable":true,"href":"http:\/\/www.24baires.com\/index.php?rest_route=%2Fwp%2Fv2%2Fcategories&post=68391"},{"taxonomy":"post_tag","embeddable":true,"href":"http:\/\/www.24baires.com\/index.php?rest_route=%2Fwp%2Fv2%2Ftags&post=68391"}],"curies":[{"name":"wp","href":"https:\/\/api.w.org\/{rel}","templated":true}]}}