{"id":68388,"date":"2015-07-01T10:24:10","date_gmt":"2015-07-01T13:24:10","guid":{"rendered":"http:\/\/www.24baires.com\/?p=68388"},"modified":"2015-07-02T10:56:28","modified_gmt":"2015-07-02T13:56:28","slug":"para-anibal-fernandez-la-corte-puso-las-cosas-en-su-lugar","status":"publish","type":"post","link":"http:\/\/www.24baires.com\/?p=68388","title":{"rendered":"Para An\u00edbal Fern\u00e1ndez, \u00abla Corte puso las cosas en su lugar\u00bb"},"content":{"rendered":"<p><img data-recalc-dims=\"1\" loading=\"lazy\" decoding=\"async\" class=\"aligncenter size-full wp-image-63981\" src=\"https:\/\/i0.wp.com\/www.24baires.com\/wp-content\/uploads\/2015\/04\/anibal-conferencia.jpg?resize=560%2C379\" alt=\"anibal conferencia\" width=\"560\" height=\"379\" srcset=\"https:\/\/i0.wp.com\/www.24baires.com\/wp-content\/uploads\/2015\/04\/anibal-conferencia.jpg?w=560 560w, https:\/\/i0.wp.com\/www.24baires.com\/wp-content\/uploads\/2015\/04\/anibal-conferencia.jpg?resize=300%2C203 300w\" sizes=\"auto, (max-width: 560px) 100vw, 560px\" \/>El jefe de Gabinete se refiri\u00f3 de esa manera a la decisi\u00f3n del m\u00e1ximo tribunal del pa\u00eds de desestimar un pedido para reponer al juez Luis Mar\u00eda Cabral como subrogante en la C\u00e1mara de Casaci\u00f3n.<!--more--><\/p>\n<p>\u00abLa Corte no tendr\u00eda que haberse avocado nunca, porque no se ha avocado en otros temas como lo fue el pago de la deuda con reservas, ni se meti\u00f3 tampoco en la ley de medios audiovisuales, ni en el tema de los fondos buitres porque entend\u00eda que era inadmisible el caso. Entonces, si eso es as\u00ed, \u00bfpor qu\u00e9 lo iba a hacer en esta situaci\u00f3n?\u00bb, reflexion\u00f3 el funcionario nacional en su habitual contacto matutino con la prensa previo a su ingreso a la Casa de Gobierno.<\/p>\n<p>En ese marco, el ministro coordinador dijo que \u00abla Corte puso las cosas en su lugar, pero adem\u00e1s de eso toda la Casaci\u00f3n Federal tom\u00f3 la decisi\u00f3n de aprobar lo actuado por el Consejo de la Magistratura\u00bb, que decidi\u00f3 en el marco de la ley dar por finalizada la subrogancia que ejerc\u00eda Cabral desde el 31 de agosto del 2011 en la Sala I de la C\u00e1mara Federal de Casaci\u00f3n Penal.<\/p>\n<p>\u00abAs\u00ed que jurar\u00e1n los dos jueces que tienen legitimaci\u00f3n de la propia ley de subrogaci\u00f3n, y que son Norberto Frontini y Roberto Boico\u00bb, record\u00f3 Fern\u00e1ndez tras subrayar que el tema \u00abse resolvi\u00f3 como correspond\u00eda, conforme a derecho\u00bb.<\/p>\n","protected":false},"excerpt":{"rendered":"<p>El jefe de Gabinete se refiri\u00f3 de esa manera a la decisi\u00f3n del m\u00e1ximo tribunal del pa\u00eds de desestimar un pedido para reponer al juez Luis Mar\u00eda Cabral como subrogante en la C\u00e1mara de Casaci\u00f3n.<\/p>\n","protected":false},"author":8,"featured_media":0,"comment_status":"open","ping_status":"open","sticky":false,"template":"","format":"standard","meta":{"_jetpack_newsletter_access":"","_jetpack_dont_email_post_to_subs":false,"_jetpack_newsletter_tier_id":0,"_jetpack_memberships_contains_paywalled_content":false,"_jetpack_memberships_contains_paid_content":false,"footnotes":""},"categories":[51],"tags":[],"class_list":["post-68388","post","type-post","status-publish","format-standard","hentry","category-politica"],"jetpack_shortlink":"https:\/\/wp.me\/p2JWE0-hN2","jetpack-related-posts":[{"id":121890,"url":"http:\/\/www.24baires.com\/?p=121890","url_meta":{"origin":68388,"position":0},"title":"Kicillof, libre de culpa: la Justicia confirm\u00f3 que no hubo perjuicio en la causa D\u00f3lar Futuro","author":"GB","date":"06\/12\/2024","format":false,"excerpt":"La Corte Suprema cerr\u00f3 la causa \"D\u00f3lar Futuro\", confirmando el sobreseimiento de Axel Kicillof y Cristina Kirchner al no encontrar perjuicio al Estado. La Corte Suprema de Justicia puso punto final a la causa conocida como \u201cD\u00f3lar futuro\u201d, en la que estaban imputados el actual gobernador bonaerense Axel Kicillof, quien\u2026","rel":"","context":"En \u00abProvincia\u00bb","block_context":{"text":"Provincia","link":"http:\/\/www.24baires.com\/?cat=40"},"img":{"alt_text":"","src":"https:\/\/i0.wp.com\/www.24baires.com\/wp-content\/uploads\/2023\/09\/kicillof.webp?resize=350%2C200","width":350,"height":200,"srcset":"https:\/\/i0.wp.com\/www.24baires.com\/wp-content\/uploads\/2023\/09\/kicillof.webp?resize=350%2C200 1x, https:\/\/i0.wp.com\/www.24baires.com\/wp-content\/uploads\/2023\/09\/kicillof.webp?resize=525%2C300 1.5x, https:\/\/i0.wp.com\/www.24baires.com\/wp-content\/uploads\/2023\/09\/kicillof.webp?resize=700%2C400 2x"},"classes":[]},{"id":114918,"url":"http:\/\/www.24baires.com\/?p=114918","url_meta":{"origin":68388,"position":1},"title":"La Corte Bonaerense suspende las prisiones domiciliarias por el COVID-19","author":"AF","date":"05\/05\/2020","format":false,"excerpt":"Declararon admisible el recurso de queja presentado por el fiscal de Casaci\u00f3n Penal de la Provincia, Carlos Altuve. La Suprema Corte de Justicia bonaerense declar\u00f3 admisible el recurso de queja presentado por el fiscal de Casaci\u00f3n Penal de la provincia, Carlos Altuve, y suspendi\u00f3 provisionalmente el otorgamiento de nuevas prisiones\u2026","rel":"","context":"En \u00abProvincia\u00bb","block_context":{"text":"Provincia","link":"http:\/\/www.24baires.com\/?cat=40"},"img":{"alt_text":"","src":"https:\/\/i0.wp.com\/www.24baires.com\/wp-content\/uploads\/2019\/11\/carcel.jpeg?resize=350%2C200","width":350,"height":200,"srcset":"https:\/\/i0.wp.com\/www.24baires.com\/wp-content\/uploads\/2019\/11\/carcel.jpeg?resize=350%2C200 1x, https:\/\/i0.wp.com\/www.24baires.com\/wp-content\/uploads\/2019\/11\/carcel.jpeg?resize=525%2C300 1.5x"},"classes":[]},{"id":32518,"url":"http:\/\/www.24baires.com\/?p=32518","url_meta":{"origin":68388,"position":2},"title":"La C\u00e1mara Federal de Mar del Plata habilit\u00f3 feria judicial para tratar los planteos de Hooft","author":"GB","date":"26\/09\/2013","format":false,"excerpt":"Los tribunales federales marplatenses est\u00e1n en feria por la instalaci\u00f3n de un nuevo sistema inform\u00e1tico. Sin embargo, la C\u00e1mara Federal de esa ciudad notific\u00f3 a la fiscal\u00eda que resolvi\u00f3 habilitar la feria para avocarse a la pronta resoluci\u00f3n de los planteos de nulidad de la indagatoria y la recusaci\u00f3n del\u2026","rel":"","context":"En \u00abMemoria\u00bb","block_context":{"text":"Memoria","link":"http:\/\/www.24baires.com\/?cat=50"},"img":{"alt_text":"Hooft","src":"https:\/\/i0.wp.com\/www.24baires.com\/wp-content\/uploads\/2013\/09\/Hooft-300x199.jpg?resize=350%2C200","width":350,"height":200},"classes":[]},{"id":114991,"url":"http:\/\/www.24baires.com\/?p=114991","url_meta":{"origin":68388,"position":3},"title":"Violini dijo que \u201cno le teme a un juicio pol\u00edtico\u201d","author":"AF","date":"12\/05\/2020","format":false,"excerpt":"El juez de Casaci\u00f3n se mantiene en el centro de todas las acusaciones debido a la pol\u00e9mica por las prisiones domiciliarias. El juez de la C\u00e1mara de Casaci\u00f3n de la Provincia, V\u00edctor Violini, se mantiene en el centro de las miradas por la pol\u00e9mica alrededor de las prisiones domiciliarias preventivas\u2026","rel":"","context":"En \u00abSociedad\u00bb","block_context":{"text":"Sociedad","link":"http:\/\/www.24baires.com\/?cat=1"},"img":{"alt_text":"","src":"https:\/\/i0.wp.com\/www.24baires.com\/wp-content\/uploads\/2020\/05\/0f30def209fa102bdf98c9569940287e.jpg?resize=350%2C200","width":350,"height":200,"srcset":"https:\/\/i0.wp.com\/www.24baires.com\/wp-content\/uploads\/2020\/05\/0f30def209fa102bdf98c9569940287e.jpg?resize=350%2C200 1x, https:\/\/i0.wp.com\/www.24baires.com\/wp-content\/uploads\/2020\/05\/0f30def209fa102bdf98c9569940287e.jpg?resize=525%2C300 1.5x"},"classes":[]},{"id":68458,"url":"http:\/\/www.24baires.com\/?p=68458","url_meta":{"origin":68388,"position":4},"title":"Cabral pidi\u00f3 una inconstitucionalidad para ser repuesto","author":"AF","date":"01\/07\/2015","format":false,"excerpt":"Los conjueces Norberto Frontini y Roberto Boico juraron como nuevos vocales subrogantes de la Sala I de la C\u00e1mara Federal de Casaci\u00f3n Penal, para lo cual fueron designados la semana pasada por el Consejo de la Magistratura, completando de este modo esa sala del m\u00e1ximo tribunal penal del pa\u00eds. La\u2026","rel":"","context":"En \u00abJUDICIALES\u00bb","block_context":{"text":"JUDICIALES","link":"http:\/\/www.24baires.com\/?cat=68"},"img":{"alt_text":"","src":"","width":0,"height":0},"classes":[]},{"id":104646,"url":"http:\/\/www.24baires.com\/?p=104646","url_meta":{"origin":68388,"position":5},"title":"Caso Gianelli: Schwartz deber\u00e1 afrontar un nuevo juicio","author":"GB","date":"26\/09\/2018","format":false,"excerpt":"MAR DEL PLATA-As\u00ed lo dispuso la Suprema Corte de Justicia. La maestra ser\u00e1 juzgada otra vez por los casos de abuso sexual La docente Anal\u00eda Schwartz deber\u00e1 afrontar un nuevo juicio por los casos de abuso sexual en el colegio Gianelli. As\u00ed lo dispuso la Suprema Corte de Justicia de\u2026","rel":"","context":"En \u00abPoliciales\u00bb","block_context":{"text":"Policiales","link":"http:\/\/www.24baires.com\/?cat=49"},"img":{"alt_text":"","src":"https:\/\/i0.wp.com\/www.24baires.com\/wp-content\/uploads\/2015\/06\/colegio-gianelli.jpg?resize=350%2C200","width":350,"height":200,"srcset":"https:\/\/i0.wp.com\/www.24baires.com\/wp-content\/uploads\/2015\/06\/colegio-gianelli.jpg?resize=350%2C200 1x, https:\/\/i0.wp.com\/www.24baires.com\/wp-content\/uploads\/2015\/06\/colegio-gianelli.jpg?resize=525%2C300 1.5x"},"classes":[]}],"jetpack_sharing_enabled":true,"jetpack_likes_enabled":true,"jetpack_featured_media_url":"","_links":{"self":[{"href":"http:\/\/www.24baires.com\/index.php?rest_route=\/wp\/v2\/posts\/68388","targetHints":{"allow":["GET"]}}],"collection":[{"href":"http:\/\/www.24baires.com\/index.php?rest_route=\/wp\/v2\/posts"}],"about":[{"href":"http:\/\/www.24baires.com\/index.php?rest_route=\/wp\/v2\/types\/post"}],"author":[{"embeddable":true,"href":"http:\/\/www.24baires.com\/index.php?rest_route=\/wp\/v2\/users\/8"}],"replies":[{"embeddable":true,"href":"http:\/\/www.24baires.com\/index.php?rest_route=%2Fwp%2Fv2%2Fcomments&post=68388"}],"version-history":[{"count":1,"href":"http:\/\/www.24baires.com\/index.php?rest_route=\/wp\/v2\/posts\/68388\/revisions"}],"predecessor-version":[{"id":68389,"href":"http:\/\/www.24baires.com\/index.php?rest_route=\/wp\/v2\/posts\/68388\/revisions\/68389"}],"wp:attachment":[{"href":"http:\/\/www.24baires.com\/index.php?rest_route=%2Fwp%2Fv2%2Fmedia&parent=68388"}],"wp:term":[{"taxonomy":"category","embeddable":true,"href":"http:\/\/www.24baires.com\/index.php?rest_route=%2Fwp%2Fv2%2Fcategories&post=68388"},{"taxonomy":"post_tag","embeddable":true,"href":"http:\/\/www.24baires.com\/index.php?rest_route=%2Fwp%2Fv2%2Ftags&post=68388"}],"curies":[{"name":"wp","href":"https:\/\/api.w.org\/{rel}","templated":true}]}}