{"id":68354,"date":"2015-06-30T16:22:28","date_gmt":"2015-06-30T19:22:28","guid":{"rendered":"http:\/\/www.24baires.com\/?p=68354"},"modified":"2015-07-01T10:26:05","modified_gmt":"2015-07-01T13:26:05","slug":"scioli-advirtio-que-lo-que-sucede-en-grecia-nos-tiene-que-abrir-los-ojos","status":"publish","type":"post","link":"http:\/\/www.24baires.com\/?p=68354","title":{"rendered":"Scioli advirti\u00f3 que \u00ablo que sucede en Grecia nos tiene que abrir los ojos\u00bb"},"content":{"rendered":"<p><img data-recalc-dims=\"1\" loading=\"lazy\" decoding=\"async\" class=\"aligncenter wp-image-68355\" src=\"https:\/\/i0.wp.com\/www.24baires.com\/wp-content\/uploads\/2015\/06\/scioli-san-martin.jpg?resize=560%2C372\" alt=\"scioli san martin\" width=\"560\" height=\"372\" srcset=\"https:\/\/i0.wp.com\/www.24baires.com\/wp-content\/uploads\/2015\/06\/scioli-san-martin.jpg?w=510 510w, https:\/\/i0.wp.com\/www.24baires.com\/wp-content\/uploads\/2015\/06\/scioli-san-martin.jpg?resize=300%2C199 300w\" sizes=\"auto, (max-width: 560px) 100vw, 560px\" \/>El gobernador de la provincia de Buenos Aires y precandidato presidencial por el Frente para la Victoria, Daniel Scioli, advirti\u00f3 hoy que \u00ablo que sucede en Grecia tiene que abrir los ojos\u201d de los argentinos, y record\u00f3 que el ex presidente N\u00e9stor Kirchner \u201cfue un adelantado cuando cancel\u00f3 la deuda\u00bb con el Fondo Monetario Internacional (FMI).<!--more--><\/p>\n<p>El gobernador de la provincia de Buenos Aires y precandidato presidencial por el Frente para la Victoria, Daniel Scioli, advirti\u00f3 hoy que \u00ablo que sucede en Grecia tiene que abrir los ojos\u201d de los argentinos, y record\u00f3 que el ex presidente N\u00e9stor Kirchner \u201cfue un adelantado cuando cancel\u00f3 la deuda\u00bb con el Fondo Monetario Internacional (FMI).<\/p>\n<p>Scioli formul\u00f3 estos conceptos durante un acto en la localidad bonaerense de San Mart\u00edn, donde firm\u00f3 distintos convenios sobre educaci\u00f3n, tratamiento de adicciones, la implementaci\u00f3n de una unidad de desarrollo infantil; y la adquisici\u00f3n de materiales para la reparaci\u00f3n y puesta en funcionamiento de la parroquia \u201cSan Juan Bosco\u201d, que lidera el padre Pepe.<\/p>\n<p>\u201cTodos tenemos que estar unidos bajo la premisa de que el Estado llegue a cada familia, al rinc\u00f3n de cada barrio, esto tambi\u00e9n hace a la paz, a la inclusi\u00f3n, porque \u201cla victoria de nuestros j\u00f3venes es que un Estado presente les asegure el futuro con pol\u00edticas inclusivas\u201d, remarc\u00f3.<\/p>\n<p>En su discurso, Scioli record\u00f3 las palabras del papa Francisco, cuando dijo a los j\u00f3venes que \u201chagan l\u00edo\u201d tras cual elogi\u00f3 al padre Pepe, de la parroquia \u201cSan Juan Bosco\u201d por \u201csu obra de amor, solidaridad y por contener a los pibes a trav\u00e9s de distintas iniciativas que se impulsan desde el gobierno nacional y provincial\u201d.<\/p>\n<p>\u201cCreo que a los chicos hay que llenarlos con proyectos de vida\u201d, subray\u00f3 y en ese sentido sostuvo que \u201cladrillo por ladrillo construimos los sue\u00f1os de los pibes\u201d.<\/p>\n<p>El gobernador estuvo acompa\u00f1ado por el vicegobernador Gabriel Mariotto; el intendente de San Mart\u00edn, Gabriel Katopodis, el presidente de la C\u00e1mara de Diputados de la Naci\u00f3n y precandidato a gobernador, Juli\u00e1n Dominguez; el intendente de La Matanza, Fernando Espinoza; el ministro de Desarrollo Social, Eduardo Aparicio; la directora general de Cultura y Educaci\u00f3n, Nora De Luc\u00cda; y los secretarios general de la Gobernaci\u00f3n, Mart\u00edn Ferr\u00e9 y de Ni\u00f1ez y Adolescencia, Pablo Navarro.<\/p>\n","protected":false},"excerpt":{"rendered":"<p>El gobernador de la provincia de Buenos Aires y precandidato presidencial por el Frente para la Victoria, Daniel Scioli, advirti\u00f3 hoy que \u00ablo que sucede en Grecia tiene que abrir los ojos\u201d de los argentinos, y record\u00f3 que el ex presidente N\u00e9stor Kirchner \u201cfue un adelantado cuando cancel\u00f3 la deuda\u00bb con el Fondo Monetario Internacional (FMI).<\/p>\n","protected":false},"author":8,"featured_media":0,"comment_status":"open","ping_status":"open","sticky":false,"template":"","format":"standard","meta":{"_jetpack_newsletter_access":"","_jetpack_dont_email_post_to_subs":false,"_jetpack_newsletter_tier_id":0,"_jetpack_memberships_contains_paywalled_content":false,"_jetpack_memberships_contains_paid_content":false,"footnotes":""},"categories":[51],"tags":[],"class_list":["post-68354","post","type-post","status-publish","format-standard","hentry","category-politica"],"jetpack_shortlink":"https:\/\/wp.me\/p2JWE0-hMu","jetpack-related-posts":[{"id":120181,"url":"http:\/\/www.24baires.com\/?p=120181","url_meta":{"origin":68354,"position":0},"title":"El Frente de Todos pasa a llamarse \u00abUni\u00f3n por la Patria\u00bb","author":"AF","date":"14\/06\/2023","format":false,"excerpt":"Los distintos sectores que componen el frente oficialista mantienen reuniones para definir, entre otras cosas, la constituci\u00f3n de su junta partidaria y el reglamento electoral que fijar\u00e1 pisos y porcentajes para la integraci\u00f3n de listas. El Frente de Todos (FdT) se llamar\u00e1 Uni\u00f3n por la Patria (UxP) en las pr\u00f3ximas\u2026","rel":"","context":"En \u00abPol\u00edtica\u00bb","block_context":{"text":"Pol\u00edtica","link":"http:\/\/www.24baires.com\/?cat=51"},"img":{"alt_text":"","src":"https:\/\/i0.wp.com\/www.24baires.com\/wp-content\/uploads\/2023\/06\/cfk-25-5.png?resize=350%2C200","width":350,"height":200,"srcset":"https:\/\/i0.wp.com\/www.24baires.com\/wp-content\/uploads\/2023\/06\/cfk-25-5.png?resize=350%2C200 1x, https:\/\/i0.wp.com\/www.24baires.com\/wp-content\/uploads\/2023\/06\/cfk-25-5.png?resize=525%2C300 1.5x, https:\/\/i0.wp.com\/www.24baires.com\/wp-content\/uploads\/2023\/06\/cfk-25-5.png?resize=700%2C400 2x, https:\/\/i0.wp.com\/www.24baires.com\/wp-content\/uploads\/2023\/06\/cfk-25-5.png?resize=1050%2C600 3x"},"classes":[]},{"id":110972,"url":"http:\/\/www.24baires.com\/?p=110972","url_meta":{"origin":68354,"position":1},"title":"Alberto Fern\u00e1ndez manifest\u00f3 su disposici\u00f3n a revisar el acuerdo con el FMI","author":"AF","date":"27\/06\/2019","format":false,"excerpt":"Tras la reuni\u00f3n con la nueva misi\u00f3n del organismo de cr\u00e9dito multilateral, que realiza la cuarta inspecci\u00f3n al pa\u00eds desde la firma del stand by en mayo del a\u00f1o pasado, el candidato presidencial Alberto Fern\u00e1ndez advirti\u00f3 la \"complacencia\" de la entidad con la fuga de capitales. Adem\u00e1s subray\u00f3 los resultados\u2026","rel":"","context":"En \u00abPol\u00edtica\u00bb","block_context":{"text":"Pol\u00edtica","link":"http:\/\/www.24baires.com\/?cat=51"},"img":{"alt_text":"","src":"https:\/\/i0.wp.com\/www.24baires.com\/wp-content\/uploads\/2019\/06\/fern%C3%A1ndezz.jpg?resize=350%2C200","width":350,"height":200,"srcset":"https:\/\/i0.wp.com\/www.24baires.com\/wp-content\/uploads\/2019\/06\/fern%C3%A1ndezz.jpg?resize=350%2C200 1x, https:\/\/i0.wp.com\/www.24baires.com\/wp-content\/uploads\/2019\/06\/fern%C3%A1ndezz.jpg?resize=525%2C300 1.5x"},"classes":[]},{"id":112255,"url":"http:\/\/www.24baires.com\/?p=112255","url_meta":{"origin":68354,"position":2},"title":"\u00abLa deuda se deber\u00e1 afrontar de manera seria y sensata\u00bb","author":"AF","date":"26\/09\/2019","format":false,"excerpt":"Durante su sexta visita a C\u00f3rdoba desde que fue ungido candidato del Frente de Todos, el ex jefe de Gabinete afirm\u00f3 esta tarde que el objetivo del pacto que impulsa con distintos sectores es \"ordenar a la Argentina\". \"Ordenar a la Argentina es la condici\u00f3n central de ese acuerdo\", subray\u00f3\u2026","rel":"","context":"En \u00abPol\u00edtica\u00bb","block_context":{"text":"Pol\u00edtica","link":"http:\/\/www.24baires.com\/?cat=51"},"img":{"alt_text":"","src":"https:\/\/i0.wp.com\/www.24baires.com\/wp-content\/uploads\/2019\/08\/albertoo.jpg?resize=350%2C200","width":350,"height":200,"srcset":"https:\/\/i0.wp.com\/www.24baires.com\/wp-content\/uploads\/2019\/08\/albertoo.jpg?resize=350%2C200 1x, https:\/\/i0.wp.com\/www.24baires.com\/wp-content\/uploads\/2019\/08\/albertoo.jpg?resize=525%2C300 1.5x"},"classes":[]},{"id":110756,"url":"http:\/\/www.24baires.com\/?p=110756","url_meta":{"origin":68354,"position":3},"title":"Cristina: \u00abNo vinieron inversiones y volvi\u00f3 el FMI\u00bb","author":"AF","date":"11\/06\/2019","format":false,"excerpt":"Con los ecos del anuncio de la f\u00f3rmula presidencial de Cambiemos, que llevar\u00e1 como vicepresidente al senador Miguel \u00c1ngel Pichetto, y la visita de los representantes de la coalici\u00f3n encabezada por el PJ a las oficinas de Sergio Massa para terminar de llegar a un acuerdo que lo incorpore al\u2026","rel":"","context":"En \u00abPol\u00edtica\u00bb","block_context":{"text":"Pol\u00edtica","link":"http:\/\/www.24baires.com\/?cat=51"},"img":{"alt_text":"","src":"https:\/\/i0.wp.com\/www.24baires.com\/wp-content\/uploads\/2018\/11\/cristina.jpg?resize=350%2C200","width":350,"height":200,"srcset":"https:\/\/i0.wp.com\/www.24baires.com\/wp-content\/uploads\/2018\/11\/cristina.jpg?resize=350%2C200 1x, https:\/\/i0.wp.com\/www.24baires.com\/wp-content\/uploads\/2018\/11\/cristina.jpg?resize=525%2C300 1.5x"},"classes":[]},{"id":108349,"url":"http:\/\/www.24baires.com\/?p=108349","url_meta":{"origin":68354,"position":4},"title":"Camino a la unidad: el PJ recibe quince agrupaciones opositoras","author":"AF","date":"23\/05\/2019","format":false,"excerpt":"El presidente del PJ, Jos\u00e9 Luis Gioja, recibe a dirigentes y referentes de unas quince fuerzas pol\u00edticas que se sumar\u00e1n a la coalici\u00f3n, con el objetivo de apoyar la candidatura de Alberto Fern\u00e1ndez y Cristina Kirchner. Gioja intenta llegar a fin de mes con el frente electoral opositor ya delineado.\u2026","rel":"","context":"En \u00abPol\u00edtica\u00bb","block_context":{"text":"Pol\u00edtica","link":"http:\/\/www.24baires.com\/?cat=51"},"img":{"alt_text":"","src":"https:\/\/i0.wp.com\/www.24baires.com\/wp-content\/uploads\/2019\/05\/cumbre-pj.jpeg?resize=350%2C200","width":350,"height":200,"srcset":"https:\/\/i0.wp.com\/www.24baires.com\/wp-content\/uploads\/2019\/05\/cumbre-pj.jpeg?resize=350%2C200 1x, https:\/\/i0.wp.com\/www.24baires.com\/wp-content\/uploads\/2019\/05\/cumbre-pj.jpeg?resize=525%2C300 1.5x"},"classes":[]},{"id":108392,"url":"http:\/\/www.24baires.com\/?p=108392","url_meta":{"origin":68354,"position":5},"title":"Alberto y Cristina Fern\u00e1ndez presentaron su candidatura en Merlo","author":"AF","date":"26\/05\/2019","format":false,"excerpt":"El precandidato a presidente se present\u00f3 con su candidata a vice, la ex mandataria Cristina Kirchner: \"Yo estuve en el laberinto de la crisis y se c\u00f3mo salir\", enfatiz\u00f3 Alberto. Alberto Fern\u00e1ndez present\u00f3 su f\u00f3rmula junto a Cristina Kirchner de cara a las elecciones presidenciales de octubre en la que\u2026","rel":"","context":"En \u00abPol\u00edtica\u00bb","block_context":{"text":"Pol\u00edtica","link":"http:\/\/www.24baires.com\/?cat=51"},"img":{"alt_text":"","src":"https:\/\/i0.wp.com\/www.24baires.com\/wp-content\/uploads\/2019\/05\/alberto-cristina-fernandez-merlo.jpg?resize=350%2C200","width":350,"height":200,"srcset":"https:\/\/i0.wp.com\/www.24baires.com\/wp-content\/uploads\/2019\/05\/alberto-cristina-fernandez-merlo.jpg?resize=350%2C200 1x, https:\/\/i0.wp.com\/www.24baires.com\/wp-content\/uploads\/2019\/05\/alberto-cristina-fernandez-merlo.jpg?resize=525%2C300 1.5x"},"classes":[]}],"jetpack_sharing_enabled":true,"jetpack_likes_enabled":true,"jetpack_featured_media_url":"","_links":{"self":[{"href":"http:\/\/www.24baires.com\/index.php?rest_route=\/wp\/v2\/posts\/68354","targetHints":{"allow":["GET"]}}],"collection":[{"href":"http:\/\/www.24baires.com\/index.php?rest_route=\/wp\/v2\/posts"}],"about":[{"href":"http:\/\/www.24baires.com\/index.php?rest_route=\/wp\/v2\/types\/post"}],"author":[{"embeddable":true,"href":"http:\/\/www.24baires.com\/index.php?rest_route=\/wp\/v2\/users\/8"}],"replies":[{"embeddable":true,"href":"http:\/\/www.24baires.com\/index.php?rest_route=%2Fwp%2Fv2%2Fcomments&post=68354"}],"version-history":[{"count":1,"href":"http:\/\/www.24baires.com\/index.php?rest_route=\/wp\/v2\/posts\/68354\/revisions"}],"predecessor-version":[{"id":68356,"href":"http:\/\/www.24baires.com\/index.php?rest_route=\/wp\/v2\/posts\/68354\/revisions\/68356"}],"wp:attachment":[{"href":"http:\/\/www.24baires.com\/index.php?rest_route=%2Fwp%2Fv2%2Fmedia&parent=68354"}],"wp:term":[{"taxonomy":"category","embeddable":true,"href":"http:\/\/www.24baires.com\/index.php?rest_route=%2Fwp%2Fv2%2Fcategories&post=68354"},{"taxonomy":"post_tag","embeddable":true,"href":"http:\/\/www.24baires.com\/index.php?rest_route=%2Fwp%2Fv2%2Ftags&post=68354"}],"curies":[{"name":"wp","href":"https:\/\/api.w.org\/{rel}","templated":true}]}}