{"id":68313,"date":"2015-06-29T19:33:50","date_gmt":"2015-06-29T22:33:50","guid":{"rendered":"http:\/\/www.24baires.com\/?p=68313"},"modified":"2015-06-29T19:04:52","modified_gmt":"2015-06-29T22:04:52","slug":"ricardo-cundom-asumio-como-jefe-del-ejercito","status":"publish","type":"post","link":"http:\/\/www.24baires.com\/?p=68313","title":{"rendered":"Ricardo Cundom asumi\u00f3 como jefe del Ej\u00e9rcito"},"content":{"rendered":"<p><img data-recalc-dims=\"1\" loading=\"lazy\" decoding=\"async\" class=\"aligncenter size-full wp-image-68285\" src=\"https:\/\/i0.wp.com\/www.24baires.com\/wp-content\/uploads\/2015\/06\/cundom.jpg?resize=560%2C314\" alt=\"cundom\" width=\"560\" height=\"314\" srcset=\"https:\/\/i0.wp.com\/www.24baires.com\/wp-content\/uploads\/2015\/06\/cundom.jpg?w=560 560w, https:\/\/i0.wp.com\/www.24baires.com\/wp-content\/uploads\/2015\/06\/cundom.jpg?resize=300%2C168 300w\" sizes=\"auto, (max-width: 560px) 100vw, 560px\" \/>El general fue puesto en funciones este lunes en un acto encabezado por el ministro de Defensa, Agust\u00edn Rossi. Afirm\u00f3 que se trata del \u00abdesaf\u00edo m\u00e1s importante\u00bb de su vida profesional. En tanto, el saliente C\u00e9sar Milani arremeti\u00f3 contra quienes lo criticaron.<!--more--><\/p>\n<p>El general Ricardo Luis Cundom asumi\u00f3 este lunes al frente del Ej\u00e9rcito, en reemplazo del saliente C\u00e9sar Milani, y asegur\u00f3 que se trata del \u00abdesaf\u00edo m\u00e1s importante de mi vida profesional\u00bb.<\/p>\n<p>En ese contexto, se mostr\u00f3 su \u00abemoci\u00f3n por la designaci\u00f3n\u00bb que, seg\u00fan dijo, representa un \u00abalt\u00edsimo honor y una enorme responsabilidad\u00bb y agradeci\u00f3 a la presidenta Cristina Kirchner, Comandante en Jefe de las Fuerzas Armadas, \u00abpor haber depositado en mi su confianza\u00bb.<br \/>\nPor su parte, el titular saliente del Ej\u00e9rcito C\u00e9sar Milani manifest\u00f3 hoy su \u00abdesprecio\u00bb por el \u00abaccionar\u00bb de quienes cuestionaron su figura y afirm\u00f3 que \u00abel Ej\u00e9rcito se puso de pie y est\u00e1 en marcha\u00bb.<\/p>\n<p>Al hacer una defensa de su gesti\u00f3n en la jefatura del Ej\u00e9rcito, Milani se declar\u00f3 \u00aborgulloso\u00bb por haber comandado esa fuerza, \u00abprotagonista de un proyecto nacional\u00bb.<\/p>\n<p>La ceremonia se realiz\u00f3 en el Regimiento I de Infanter\u00eda \u00abPatricios\u00bb, ubicado en el barrio porte\u00f1o de Palermo.<\/p>\n<p>&nbsp;<\/p>\n<p>&nbsp;<\/p>\n<p>&nbsp;<\/p>\n<p>&nbsp;<\/p>\n<p>&nbsp;<\/p>\n<p>&nbsp;<\/p>\n<p>&nbsp;<\/p>\n<p>&nbsp;<\/p>\n<p>&nbsp;<\/p>\n<p>&nbsp;<\/p>\n<p>&nbsp;<\/p>\n<p>&nbsp;<\/p>\n<p>&nbsp;<\/p>\n<p>&nbsp;<\/p>\n<p>&nbsp;<\/p>\n<p>&nbsp;<\/p>\n<p>&nbsp;<\/p>\n","protected":false},"excerpt":{"rendered":"<p>El general fue puesto en funciones este lunes en un acto encabezado por el ministro de Defensa, Agust\u00edn Rossi. Afirm\u00f3 que se trata del \u00abdesaf\u00edo m\u00e1s importante\u00bb de su vida profesional. En tanto, el saliente C\u00e9sar Milani arremeti\u00f3 contra quienes lo criticaron.<\/p>\n","protected":false},"author":8,"featured_media":0,"comment_status":"open","ping_status":"open","sticky":false,"template":"","format":"standard","meta":{"_jetpack_newsletter_access":"","_jetpack_dont_email_post_to_subs":false,"_jetpack_newsletter_tier_id":0,"_jetpack_memberships_contains_paywalled_content":false,"_jetpack_memberships_contains_paid_content":false,"footnotes":""},"categories":[51],"tags":[],"class_list":["post-68313","post","type-post","status-publish","format-standard","hentry","category-politica"],"jetpack_shortlink":"https:\/\/wp.me\/p2JWE0-hLP","jetpack-related-posts":[{"id":100960,"url":"http:\/\/www.24baires.com\/?p=100960","url_meta":{"origin":68313,"position":0},"title":"La Corte dej\u00f3 firme el procesamiento y la prisi\u00f3n preventiva de C\u00e9sar Milani","author":"AF","date":"09\/03\/2018","format":false,"excerpt":"Es por la causa de secuestro y tormentos a Pedro Olivera y su hijo Ram\u00f3n en marzo de 1977, en La Rioja, durante la dictadura c\u00edvico militar 76-83. La Corte Suprema de Justicia dej\u00f3 firme el procesamiento y prisi\u00f3n preventiva del ex jefe del Ej\u00e9rcito C\u00e9sar Milani por el secuestro\u2026","rel":"","context":"En \u00abLocales\u00bb","block_context":{"text":"Locales","link":"http:\/\/www.24baires.com\/?cat=38"},"img":{"alt_text":"","src":"https:\/\/i0.wp.com\/www.24baires.com\/wp-content\/uploads\/2015\/06\/milani2.jpg?resize=350%2C200","width":350,"height":200,"srcset":"https:\/\/i0.wp.com\/www.24baires.com\/wp-content\/uploads\/2015\/06\/milani2.jpg?resize=350%2C200 1x, https:\/\/i0.wp.com\/www.24baires.com\/wp-content\/uploads\/2015\/06\/milani2.jpg?resize=525%2C300 1.5x"},"classes":[]},{"id":37162,"url":"http:\/\/www.24baires.com\/?p=37162","url_meta":{"origin":68313,"position":1},"title":"Milani asumi\u00f3 el mando del Ej\u00e9rcito","author":"GB","date":"19\/12\/2013","format":false,"excerpt":"Tras aprobarse ayer el ascenso en el Senado, el General asumi\u00f3 a ese cargo, en el marco de la ceremonia que encabez\u00f3 la presidenta Cristina Fern\u00e1ndez de Kirchner. Adem\u00e1s, otros oficiales de las Fuerzas Armadas asumieron sus respectivos cargos. En el marco de la ceremonia que encabez\u00f3 la jefa de\u2026","rel":"","context":"En \u00abPol\u00edtica\u00bb","block_context":{"text":"Pol\u00edtica","link":"http:\/\/www.24baires.com\/?cat=51"},"img":{"alt_text":"milani","src":"https:\/\/i0.wp.com\/www.24baires.com\/wp-content\/uploads\/2013\/07\/milani.jpg?resize=350%2C200","width":350,"height":200},"classes":[]},{"id":111535,"url":"http:\/\/www.24baires.com\/?p=111535","url_meta":{"origin":68313,"position":2},"title":"Absolvieron a Milani por el caso Olivera","author":"AF","date":"09\/08\/2019","format":false,"excerpt":"El ex jefe del Ej\u00e9rcito, C\u00e9sar Milani, result\u00f3 absuelto hoy en la causa que investigaba su presunta participaci\u00f3n en delitos de lesa humanidad cometidos durante la \u00faltima dictadura en la provincia de La Rioja y la Justicia de esa provincia orden\u00f3 su \"inmediata libertad\". As\u00ed lo resolvi\u00f3 el Tribunal Oral\u2026","rel":"","context":"En \u00abJUDICIALES\u00bb","block_context":{"text":"JUDICIALES","link":"http:\/\/www.24baires.com\/?cat=68"},"img":{"alt_text":"","src":"https:\/\/i0.wp.com\/www.24baires.com\/wp-content\/uploads\/2017\/02\/milani3.jpg?resize=350%2C200","width":350,"height":200,"srcset":"https:\/\/i0.wp.com\/www.24baires.com\/wp-content\/uploads\/2017\/02\/milani3.jpg?resize=350%2C200 1x, https:\/\/i0.wp.com\/www.24baires.com\/wp-content\/uploads\/2017\/02\/milani3.jpg?resize=525%2C300 1.5x"},"classes":[]},{"id":68035,"url":"http:\/\/www.24baires.com\/?p=68035","url_meta":{"origin":68313,"position":3},"title":"Ricardo Luis Cundom es el nuevo jefe del Ej\u00e9rcito","author":"GB","date":"23\/06\/2015","format":false,"excerpt":"A trav\u00e9s de un comunicado se inform\u00f3 la designaci\u00f3n del nuevo Jefe del Estado Mayor del Ej\u00e9rcito Argentino, que se produjo tras el pedido de retiro efectuado hoy por el teniente general C\u00e9sar Milani. La presidenta Cristina Fern\u00e1ndez de Kirchner design\u00f3 hoy como nuevo Jefe del Estado Mayor del Ej\u00e9rcito\u2026","rel":"","context":"En \u00abPol\u00edtica\u00bb","block_context":{"text":"Pol\u00edtica","link":"http:\/\/www.24baires.com\/?cat=51"},"img":{"alt_text":"condum","src":"https:\/\/i0.wp.com\/www.24baires.com\/wp-content\/uploads\/2015\/06\/condum-216x300.jpg?resize=350%2C200","width":350,"height":200},"classes":[]},{"id":36650,"url":"http:\/\/www.24baires.com\/?p=36650","url_meta":{"origin":68313,"position":4},"title":"En comisi\u00f3n el Senado dio dictamen para el pliego de Milani","author":"GB","date":"11\/12\/2013","format":false,"excerpt":"La Comisi\u00f3n de Acuerdos otorg\u00f3 dictamen favorable al ascenso del general de divisi\u00f3n C\u00e9sar Milani al frente del Ej\u00e9rcito, del contraalmirante Gast\u00f3n Erize, al frente de la Armada; del brigadier Mario Callejo, de la Fuerza A\u00e9rea; y del general de brigada Luis Mar\u00eda Carena, como jefe del Estado Mayor conjunto.\u2026","rel":"","context":"En \u00abPol\u00edtica\u00bb","block_context":{"text":"Pol\u00edtica","link":"http:\/\/www.24baires.com\/?cat=51"},"img":{"alt_text":"milani","src":"https:\/\/i0.wp.com\/www.24baires.com\/wp-content\/uploads\/2013\/07\/milani.jpg?resize=350%2C200","width":350,"height":200},"classes":[]},{"id":113198,"url":"http:\/\/www.24baires.com\/?p=113198","url_meta":{"origin":68313,"position":5},"title":"Milani fue absuelto por la desaparici\u00f3n del soldado Ledo","author":"AF","date":"29\/11\/2019","format":false,"excerpt":"C\u00e9sar Milani, ex jefe del Ej\u00e9rcito del gobierno de Cristina Fern\u00e1ndez de Kirchner, acusado de falsear un acta sobre la presunta \"deserci\u00f3n\" del soldado Alberto Agapito Ledo, desaparecido en 1976, fue absuelto por el Tribunal Oral Federal de Tucum\u00e1n. \"Fue una campa\u00f1a pol\u00edtica, medi\u00e1tica y judicial in\u00e9dita contra un jefe\u2026","rel":"","context":"En \u00abJUDICIALES\u00bb","block_context":{"text":"JUDICIALES","link":"http:\/\/www.24baires.com\/?cat=68"},"img":{"alt_text":"","src":"https:\/\/i0.wp.com\/www.24baires.com\/wp-content\/uploads\/2015\/06\/milani2.jpg?resize=350%2C200","width":350,"height":200,"srcset":"https:\/\/i0.wp.com\/www.24baires.com\/wp-content\/uploads\/2015\/06\/milani2.jpg?resize=350%2C200 1x, https:\/\/i0.wp.com\/www.24baires.com\/wp-content\/uploads\/2015\/06\/milani2.jpg?resize=525%2C300 1.5x"},"classes":[]}],"jetpack_sharing_enabled":true,"jetpack_likes_enabled":true,"jetpack_featured_media_url":"","_links":{"self":[{"href":"http:\/\/www.24baires.com\/index.php?rest_route=\/wp\/v2\/posts\/68313","targetHints":{"allow":["GET"]}}],"collection":[{"href":"http:\/\/www.24baires.com\/index.php?rest_route=\/wp\/v2\/posts"}],"about":[{"href":"http:\/\/www.24baires.com\/index.php?rest_route=\/wp\/v2\/types\/post"}],"author":[{"embeddable":true,"href":"http:\/\/www.24baires.com\/index.php?rest_route=\/wp\/v2\/users\/8"}],"replies":[{"embeddable":true,"href":"http:\/\/www.24baires.com\/index.php?rest_route=%2Fwp%2Fv2%2Fcomments&post=68313"}],"version-history":[{"count":1,"href":"http:\/\/www.24baires.com\/index.php?rest_route=\/wp\/v2\/posts\/68313\/revisions"}],"predecessor-version":[{"id":68314,"href":"http:\/\/www.24baires.com\/index.php?rest_route=\/wp\/v2\/posts\/68313\/revisions\/68314"}],"wp:attachment":[{"href":"http:\/\/www.24baires.com\/index.php?rest_route=%2Fwp%2Fv2%2Fmedia&parent=68313"}],"wp:term":[{"taxonomy":"category","embeddable":true,"href":"http:\/\/www.24baires.com\/index.php?rest_route=%2Fwp%2Fv2%2Fcategories&post=68313"},{"taxonomy":"post_tag","embeddable":true,"href":"http:\/\/www.24baires.com\/index.php?rest_route=%2Fwp%2Fv2%2Ftags&post=68313"}],"curies":[{"name":"wp","href":"https:\/\/api.w.org\/{rel}","templated":true}]}}