{"id":68297,"date":"2015-06-29T16:20:15","date_gmt":"2015-06-29T19:20:15","guid":{"rendered":"http:\/\/www.24baires.com\/?p=68297"},"modified":"2015-06-30T10:47:34","modified_gmt":"2015-06-30T13:47:34","slug":"scioli-destaco-las-obras-que-no-se-ven-pero-se-hacen-sentir","status":"publish","type":"post","link":"http:\/\/www.24baires.com\/?p=68297","title":{"rendered":"Scioli destac\u00f3 las \u00abobras que no se ven pero se hacen sentir\u00bb"},"content":{"rendered":"<p><img data-recalc-dims=\"1\" loading=\"lazy\" decoding=\"async\" src=\"https:\/\/i0.wp.com\/www.24baires.com\/wp-content\/uploads\/2014\/08\/scioli5.jpg?resize=560%2C280\" alt=\"scioli5\" width=\"560\" height=\"280\" class=\"aligncenter size-full wp-image-52695\" srcset=\"https:\/\/i0.wp.com\/www.24baires.com\/wp-content\/uploads\/2014\/08\/scioli5.jpg?w=560 560w, https:\/\/i0.wp.com\/www.24baires.com\/wp-content\/uploads\/2014\/08\/scioli5.jpg?resize=300%2C150 300w\" sizes=\"auto, (max-width: 560px) 100vw, 560px\" \/>El gobernador bonaerense destac\u00f3 el avance de las obras y subray\u00f3 que comenz\u00f3 su gesti\u00f3n \u00abcon un 40% de cobertura de agua y cloacas en la provincia\u00bb, y prometi\u00f3 que finalizar\u00e1 su mandato \u00abcon m\u00e1s del 70%\u00bb.<!--more--><\/p>\n<p>\u00abBuscamos llegar al coraz\u00f3n de cada familia, al rinc\u00f3n de cada barrio, con la agenda del transporte, con el tratamiento de residuos, la seguridad ciudadana y obras que no se ven pero se hacen sentir, como agua potable y cloacas\u00bb, valor\u00f3 Scioli al participar de un recorrido junto al Intendente de Ituzaing\u00f3, Alberto Descalzo, por las obras de entubamiento del zanj\u00f3n Mart\u00ednez.<\/p>\n<p>El mandatario estuvo acompa\u00f1ado adem\u00e1s por el ministro de Infraestructura, Alejandro Arl\u00eda, y la ministra de Gobierno, Cristina \u00c1lvarez Rodr\u00edguez, quien destac\u00f3 que \u00abse ha invertido como nunca en obras hidr\u00e1ulicas muy importantes y ahora es el turno de Ituzaing\u00f3, Hurlingham y Mor\u00f3n\u00bb.<\/p>\n<p>Afirm\u00f3 que \u00abson obras de m\u00e1s de 2.000 millones de pesos de inversi\u00f3n que van a permitir que con esta cuenca, que ayer tuvo un d\u00eda tremendo con el agua, no se inunden m\u00e1s los barrios\u00bb, y valor\u00f3 que \u00abeste trabajo cambia definitivamente la vida de los vecinos que dejan de inundarse en esta zona del Oeste\u00bb.<\/p>\n<p>En tanto, Descalzo destac\u00f3 el acompa\u00f1amiento del gobernador \u00abdesde hace 8 a\u00f1os\u00bb y el trabajo conjunto \u00abcon Naci\u00f3n y Provincia\u00bb para la concreci\u00f3n de estas obras \u00abde gran importancia\u00bb, subray\u00f3.<\/p>\n","protected":false},"excerpt":{"rendered":"<p>El gobernador bonaerense destac\u00f3 el avance de las obras y subray\u00f3 que comenz\u00f3 su gesti\u00f3n \u00abcon un 40% de cobertura de agua y cloacas en la provincia\u00bb, y prometi\u00f3 que finalizar\u00e1 su mandato \u00abcon m\u00e1s del 70%\u00bb.<\/p>\n","protected":false},"author":8,"featured_media":0,"comment_status":"open","ping_status":"open","sticky":false,"template":"","format":"standard","meta":{"_jetpack_newsletter_access":"","_jetpack_dont_email_post_to_subs":false,"_jetpack_newsletter_tier_id":0,"_jetpack_memberships_contains_paywalled_content":false,"_jetpack_memberships_contains_paid_content":false,"footnotes":""},"categories":[51],"tags":[],"class_list":["post-68297","post","type-post","status-publish","format-standard","hentry","category-politica"],"jetpack_shortlink":"https:\/\/wp.me\/p2JWE0-hLz","jetpack-related-posts":[{"id":113982,"url":"http:\/\/www.24baires.com\/?p=113982","url_meta":{"origin":68297,"position":0},"title":"Galmarini y Sujarchuk sellaron un acuerdo para reactivar obras en Escobar","author":"GB","date":"31\/01\/2020","format":false,"excerpt":"Durante el encuentro, las partes ahondaron en materia de obra hidr\u00e1ulica. Instancia donde coincidieron en el estado de \"abandono\" dej\u00f3 la gesti\u00f3n anterior. En el marco de los planes \u201cAgua + Trabajo\u201d y \u201cCloaca + Trabajo\u201d, la presidenta de Agua y Saneamientos Argentinos (AySA), Malena Galmarini, y el intendente de\u2026","rel":"","context":"En \u00abMunicipios\u00bb","block_context":{"text":"Municipios","link":"http:\/\/www.24baires.com\/?cat=44"},"img":{"alt_text":"","src":"https:\/\/i0.wp.com\/www.24baires.com\/wp-content\/uploads\/2020\/01\/galmarini-escobar.jpg?resize=350%2C200","width":350,"height":200,"srcset":"https:\/\/i0.wp.com\/www.24baires.com\/wp-content\/uploads\/2020\/01\/galmarini-escobar.jpg?resize=350%2C200 1x, https:\/\/i0.wp.com\/www.24baires.com\/wp-content\/uploads\/2020\/01\/galmarini-escobar.jpg?resize=525%2C300 1.5x"},"classes":[]},{"id":14546,"url":"http:\/\/www.24baires.com\/?p=14546","url_meta":{"origin":68297,"position":1},"title":"El Intendente Dura\u00f1ona denuncia falta de inversiones provinciales en cloacas y agua","author":"Grupo Sierra","date":"03\/02\/2013","format":false,"excerpt":"SAN ANTONIO DE ARECO.- El intendente Francisco \u201cPaco\u201d Dura\u00f1ona,\u00a0asegur\u00f3 que un 70% de la poblaci\u00f3n de Areco \"no tiene cloacas y no est\u00e1 previsto que el gobierno de la Provincia invierta en eso\". Critic\u00f3 al titular de ABSA, Guillermo Scarcella, y aclar\u00f3 que los problemas m\u00e1s urgentes se solucionaron gracias\u2026","rel":"","context":"En \u00abProvincia\u00bb","block_context":{"text":"Provincia","link":"http:\/\/www.24baires.com\/?cat=40"},"img":{"alt_text":"Duranona-san antonioareco","src":"https:\/\/i0.wp.com\/www.24baires.com\/wp-content\/uploads\/2013\/02\/Duranona-san-antonioareco-300x205.jpg?resize=350%2C200","width":350,"height":200},"classes":[]},{"id":34765,"url":"http:\/\/www.24baires.com\/?p=34765","url_meta":{"origin":68297,"position":2},"title":"Necochea: Vidal traslad\u00f3 necesidades al Jefe de gabinete","author":"AF","date":"07\/11\/2013","format":false,"excerpt":"El intendente interino Jos\u00e9 Luis Vidal, se reuni\u00f3 con el jefe de Gabinete de la Provincia de Buenos Aires, Alberto P\u00e9rez, en una agenda abierta, y en la oportunidad le entreg\u00f3 una carpeta con un detalle sobre las necesidades que tiene el municipio de Necochea. Entre otros aspectos, se avanz\u00f3\u2026","rel":"","context":"En \u00abLocales\u00bb","block_context":{"text":"Locales","link":"http:\/\/www.24baires.com\/?cat=38"},"img":{"alt_text":"p\u00e9rez vidal","src":"https:\/\/i0.wp.com\/www.24baires.com\/wp-content\/uploads\/2013\/09\/p%C3%A9rez-vidal.jpg?resize=350%2C200","width":350,"height":200},"classes":[]},{"id":68817,"url":"http:\/\/www.24baires.com\/?p=68817","url_meta":{"origin":68297,"position":3},"title":"Dom\u00ednguez conf\u00eda en que \u00abquien gane las PASO va a ser el pr\u00f3ximo gobernador\u201d","author":"GB","date":"08\/07\/2015","format":false,"excerpt":"As\u00ed lo afirm\u00f3 el precandidato bonaerense Juli\u00e1n Dom\u00ednguez, quien manifest\u00f3 su confianza en la f\u00f3rmula que encabeza con Fernando Espinoza. \u201cQuien gane las PASO va a ser el pr\u00f3ximo gobernador de la provincia, por eso pido que nos ayuden porque creemos que somos la generaci\u00f3n que podemos expresar los sue\u00f1os\u2026","rel":"","context":"En \u00abElecciones 2015\u00bb","block_context":{"text":"Elecciones 2015","link":"http:\/\/www.24baires.com\/?cat=74"},"img":{"alt_text":"julian dominguez","src":"https:\/\/i0.wp.com\/www.24baires.com\/wp-content\/uploads\/2015\/07\/julian-dominguez.jpg?resize=350%2C200","width":350,"height":200,"srcset":"https:\/\/i0.wp.com\/www.24baires.com\/wp-content\/uploads\/2015\/07\/julian-dominguez.jpg?resize=350%2C200 1x, https:\/\/i0.wp.com\/www.24baires.com\/wp-content\/uploads\/2015\/07\/julian-dominguez.jpg?resize=525%2C300 1.5x"},"classes":[]},{"id":3960,"url":"http:\/\/www.24baires.com\/?p=3960","url_meta":{"origin":68297,"position":4},"title":"Benito Ju\u00e1rez cumple 145 a\u00f1os y lo festeja con un subsidio","author":"AF","date":"31\/10\/2012","format":false,"excerpt":"La ministra de Gobierno dijo que el aporte de 800 mil pesos permitir\u00e1 realizar nuevas obras en el distrito que hoy cumple 145 a\u00f1os.\u00a0 El gobierno bonaerense otorgar\u00e1 al partido de Benito Ju\u00e1rez un apoyo financiero para el desarrollo de obras, por un monto de 800 mil pesos. As\u00ed lo\u2026","rel":"","context":"En \u00abLocales\u00bb","block_context":{"text":"Locales","link":"http:\/\/www.24baires.com\/?cat=38"},"img":{"alt_text":"","src":"https:\/\/i0.wp.com\/www.24baires.com\/wp-content\/uploads\/2012\/10\/%C3%A1lvarez-scioli.jpg?resize=350%2C200","width":350,"height":200},"classes":[]},{"id":7180,"url":"http:\/\/www.24baires.com\/?p=7180","url_meta":{"origin":68297,"position":5},"title":"Nueva planta de agua potable en Rivadavia","author":"AF","date":"29\/11\/2012","format":false,"excerpt":"En el municipio de Rivadavia se inaugur\u00f3 la primera Planta del Sistema Provincial de Agua Potable, con doble ca\u00f1er\u00eda que permite una red de agua corriente para usos variados y al mismo tiempo una de agua potable para consumo. El intendente de Rivadavia, Sergio Buil, recibi\u00f3 la visita del ministro\u2026","rel":"","context":"En \u00abLocales\u00bb","block_context":{"text":"Locales","link":"http:\/\/www.24baires.com\/?cat=38"},"img":{"alt_text":"","src":"https:\/\/i0.wp.com\/www.24baires.com\/wp-content\/uploads\/2012\/11\/agua-rivadavia.jpg?resize=350%2C200","width":350,"height":200},"classes":[]}],"jetpack_sharing_enabled":true,"jetpack_likes_enabled":true,"jetpack_featured_media_url":"","_links":{"self":[{"href":"http:\/\/www.24baires.com\/index.php?rest_route=\/wp\/v2\/posts\/68297","targetHints":{"allow":["GET"]}}],"collection":[{"href":"http:\/\/www.24baires.com\/index.php?rest_route=\/wp\/v2\/posts"}],"about":[{"href":"http:\/\/www.24baires.com\/index.php?rest_route=\/wp\/v2\/types\/post"}],"author":[{"embeddable":true,"href":"http:\/\/www.24baires.com\/index.php?rest_route=\/wp\/v2\/users\/8"}],"replies":[{"embeddable":true,"href":"http:\/\/www.24baires.com\/index.php?rest_route=%2Fwp%2Fv2%2Fcomments&post=68297"}],"version-history":[{"count":1,"href":"http:\/\/www.24baires.com\/index.php?rest_route=\/wp\/v2\/posts\/68297\/revisions"}],"predecessor-version":[{"id":68298,"href":"http:\/\/www.24baires.com\/index.php?rest_route=\/wp\/v2\/posts\/68297\/revisions\/68298"}],"wp:attachment":[{"href":"http:\/\/www.24baires.com\/index.php?rest_route=%2Fwp%2Fv2%2Fmedia&parent=68297"}],"wp:term":[{"taxonomy":"category","embeddable":true,"href":"http:\/\/www.24baires.com\/index.php?rest_route=%2Fwp%2Fv2%2Fcategories&post=68297"},{"taxonomy":"post_tag","embeddable":true,"href":"http:\/\/www.24baires.com\/index.php?rest_route=%2Fwp%2Fv2%2Ftags&post=68297"}],"curies":[{"name":"wp","href":"https:\/\/api.w.org\/{rel}","templated":true}]}}