{"id":68284,"date":"2015-06-29T12:30:11","date_gmt":"2015-06-29T15:30:11","guid":{"rendered":"http:\/\/www.24baires.com\/?p=68284"},"modified":"2015-06-29T12:53:15","modified_gmt":"2015-06-29T15:53:15","slug":"rossi-pondra-en-funciones-al-nuevo-jefe-del-ejercito-ricardo-cundom","status":"publish","type":"post","link":"http:\/\/www.24baires.com\/?p=68284","title":{"rendered":"Rossi pondr\u00e1 en funciones al nuevo jefe del Ej\u00e9rcito, Ricardo Cundom"},"content":{"rendered":"<p><img data-recalc-dims=\"1\" loading=\"lazy\" decoding=\"async\" class=\"aligncenter size-full wp-image-68285\" src=\"https:\/\/i0.wp.com\/www.24baires.com\/wp-content\/uploads\/2015\/06\/cundom.jpg?resize=560%2C314\" alt=\"cundom\" width=\"560\" height=\"314\" srcset=\"https:\/\/i0.wp.com\/www.24baires.com\/wp-content\/uploads\/2015\/06\/cundom.jpg?w=560 560w, https:\/\/i0.wp.com\/www.24baires.com\/wp-content\/uploads\/2015\/06\/cundom.jpg?resize=300%2C168 300w\" sizes=\"auto, (max-width: 560px) 100vw, 560px\" \/>Ser\u00e1 las 17 en una ceremonia en la Plaza de Armas del Regimiento 1 de Patricios de Palermo. El nuevo jefe del Ej\u00e9rcito fue distinguido por el Congreso por su desempe\u00f1o en los ataques de las fuerzas brit\u00e1nicas a los aeropuertos de Puerto Argentino y Monte Agradable durante la guerra de Malvinas.<!--more--><\/p>\n<p>El ministro de Defensa, Agust\u00edn Rossi, pondr\u00e1 en funciones al nuevo jefe del Ej\u00e9rcito, el general de divisi\u00f3n Ricardo Luis Cundom, en una ceremonia que se llevar\u00e1 a partir de las 17 en la Plaza de Armas del Regimiento 1 de Patricios, ubicado en el barrio porte\u00f1o de Palermo.<\/p>\n<p>El nuevo jefe militar reemplaza en el cargo al general C\u00e9sar Milani, quien present\u00f3 el pedido de pase a retiro por razones estrictamente personales.<\/p>\n<p>Este general es el segundo ex combatiente de Malvinas en llegar a la jefatura del Ej\u00e9rcito, ya que el que anterior fue Mart\u00edn Balza.<br \/>\nLas palmas de general las recibi\u00f3 en 2010 de manos de la presidenta Cristina Fern\u00e1ndez de Kirchner.<\/p>\n<p>Cundom es oficial del Estado Mayor, licenciado en Estrategia y Organizaci\u00f3n y fue condecorado por el gobierno de M\u00e9xico por su actuaci\u00f3n como agregado militar en aquel pa\u00eds.<\/p>\n","protected":false},"excerpt":{"rendered":"<p>Ser\u00e1 las 17 en una ceremonia en la Plaza de Armas del Regimiento 1 de Patricios de Palermo. El nuevo jefe del Ej\u00e9rcito fue distinguido por el Congreso por su desempe\u00f1o en los ataques de las fuerzas brit\u00e1nicas a los aeropuertos de Puerto Argentino y Monte Agradable durante la guerra de Malvinas.<\/p>\n","protected":false},"author":4,"featured_media":0,"comment_status":"open","ping_status":"open","sticky":false,"template":"","format":"standard","meta":{"_jetpack_newsletter_access":"","_jetpack_dont_email_post_to_subs":false,"_jetpack_newsletter_tier_id":0,"_jetpack_memberships_contains_paywalled_content":false,"_jetpack_memberships_contains_paid_content":false,"footnotes":""},"categories":[51],"tags":[],"class_list":["post-68284","post","type-post","status-publish","format-standard","hentry","category-politica"],"jetpack_shortlink":"https:\/\/wp.me\/p2JWE0-hLm","jetpack-related-posts":[{"id":68313,"url":"http:\/\/www.24baires.com\/?p=68313","url_meta":{"origin":68284,"position":0},"title":"Ricardo Cundom asumi\u00f3 como jefe del Ej\u00e9rcito","author":"GB","date":"29\/06\/2015","format":false,"excerpt":"El general fue puesto en funciones este lunes en un acto encabezado por el ministro de Defensa, Agust\u00edn Rossi. Afirm\u00f3 que se trata del \"desaf\u00edo m\u00e1s importante\" de su vida profesional. En tanto, el saliente C\u00e9sar Milani arremeti\u00f3 contra quienes lo criticaron. El general Ricardo Luis Cundom asumi\u00f3 este lunes\u2026","rel":"","context":"En \u00abPol\u00edtica\u00bb","block_context":{"text":"Pol\u00edtica","link":"http:\/\/www.24baires.com\/?cat=51"},"img":{"alt_text":"cundom","src":"https:\/\/i0.wp.com\/www.24baires.com\/wp-content\/uploads\/2015\/06\/cundom.jpg?resize=350%2C200","width":350,"height":200,"srcset":"https:\/\/i0.wp.com\/www.24baires.com\/wp-content\/uploads\/2015\/06\/cundom.jpg?resize=350%2C200 1x, https:\/\/i0.wp.com\/www.24baires.com\/wp-content\/uploads\/2015\/06\/cundom.jpg?resize=525%2C300 1.5x"},"classes":[]},{"id":37162,"url":"http:\/\/www.24baires.com\/?p=37162","url_meta":{"origin":68284,"position":1},"title":"Milani asumi\u00f3 el mando del Ej\u00e9rcito","author":"GB","date":"19\/12\/2013","format":false,"excerpt":"Tras aprobarse ayer el ascenso en el Senado, el General asumi\u00f3 a ese cargo, en el marco de la ceremonia que encabez\u00f3 la presidenta Cristina Fern\u00e1ndez de Kirchner. Adem\u00e1s, otros oficiales de las Fuerzas Armadas asumieron sus respectivos cargos. En el marco de la ceremonia que encabez\u00f3 la jefa de\u2026","rel":"","context":"En \u00abPol\u00edtica\u00bb","block_context":{"text":"Pol\u00edtica","link":"http:\/\/www.24baires.com\/?cat=51"},"img":{"alt_text":"milani","src":"https:\/\/i0.wp.com\/www.24baires.com\/wp-content\/uploads\/2013\/07\/milani.jpg?resize=350%2C200","width":350,"height":200},"classes":[]},{"id":117393,"url":"http:\/\/www.24baires.com\/?p=117393","url_meta":{"origin":68284,"position":2},"title":"Con anuncios y actos, este viernes se rinde homenaje a los h\u00e9roes de Malvinas","author":"GB","date":"02\/04\/2021","format":false,"excerpt":"Agust\u00edn Rossi y Felipe Sol\u00e1 encabezar\u00e1n el acto central, en donde realizar\u00e1n el anuncio de la creaci\u00f3n de la Comisi\u00f3n de Malvinas. Movimientos sociales y organizaciones pol\u00edticas realizar\u00e1n distintos homenajes. Al cumplirse 39 a\u00f1os del inicio de la guerra de Malvinas, este viernes se conmemora otro D\u00eda del Veterano y\u2026","rel":"","context":"En \u00abPol\u00edtica\u00bb","block_context":{"text":"Pol\u00edtica","link":"http:\/\/www.24baires.com\/?cat=51"},"img":{"alt_text":"","src":"https:\/\/i0.wp.com\/www.24baires.com\/wp-content\/uploads\/2016\/12\/cementerio-malvinas.jpg?resize=350%2C200","width":350,"height":200,"srcset":"https:\/\/i0.wp.com\/www.24baires.com\/wp-content\/uploads\/2016\/12\/cementerio-malvinas.jpg?resize=350%2C200 1x, https:\/\/i0.wp.com\/www.24baires.com\/wp-content\/uploads\/2016\/12\/cementerio-malvinas.jpg?resize=525%2C300 1.5x"},"classes":[]},{"id":100758,"url":"http:\/\/www.24baires.com\/?p=100758","url_meta":{"origin":68284,"position":3},"title":"Muri\u00f3 el genocida Luciano Benjam\u00edn Men\u00e9ndez","author":"GB","date":"27\/02\/2018","format":false,"excerpt":"El Hospital Militar de C\u00f3rdoba confirm\u00f3 la muerte del represor de 90 a\u00f1os, condenado a 13 cadenas perpetuas por cr\u00edmenes de lesa humanidad. El excomandante del Tercer Cuerpo de Ej\u00e9rcito Lleg\u00f3 a ser condenado en c\u00e1rcel com\u00fan, perpetua y efectiva. Estaba internado desde el 7 de febrero en el hospital\u2026","rel":"","context":"En \u00abMemoria\u00bb","block_context":{"text":"Memoria","link":"http:\/\/www.24baires.com\/?cat=50"},"img":{"alt_text":"","src":"https:\/\/i0.wp.com\/www.24baires.com\/wp-content\/uploads\/2014\/07\/Men%C3%A9ndez-y-Estrella.jpg?resize=350%2C200","width":350,"height":200,"srcset":"https:\/\/i0.wp.com\/www.24baires.com\/wp-content\/uploads\/2014\/07\/Men%C3%A9ndez-y-Estrella.jpg?resize=350%2C200 1x, https:\/\/i0.wp.com\/www.24baires.com\/wp-content\/uploads\/2014\/07\/Men%C3%A9ndez-y-Estrella.jpg?resize=525%2C300 1.5x"},"classes":[]},{"id":62043,"url":"http:\/\/www.24baires.com\/?p=62043","url_meta":{"origin":68284,"position":4},"title":"\u00abOrdenamos el cierre del batall\u00f3n del caso de las 26.000 balas desaparecidas\u00bb","author":"Grupo Sierra","date":"20\/02\/2015","format":false,"excerpt":"As\u00ed lo indic\u00f3 el ministerio de Defensa, Agust\u00edn Rossi, en un comunicado. La medida est\u00e1 relacionada con el faltante de ese n\u00famero de balas calibre 9 mil\u00edmetros del batall\u00f3n descubierto el a\u00f1o pasado. Rossi, orden\u00f3 hoy el cierre del Batall\u00f3n de Arsenales 603 \"San Lorenzo\", bicado en la localidad de\u2026","rel":"","context":"En \u00abGeneral\u00bb","block_context":{"text":"General","link":"http:\/\/www.24baires.com\/?cat=67"},"img":{"alt_text":"rossi_6","src":"https:\/\/i0.wp.com\/www.24baires.com\/wp-content\/uploads\/2014\/12\/rossi_6.jpg?resize=350%2C200","width":350,"height":200,"srcset":"https:\/\/i0.wp.com\/www.24baires.com\/wp-content\/uploads\/2014\/12\/rossi_6.jpg?resize=350%2C200 1x, https:\/\/i0.wp.com\/www.24baires.com\/wp-content\/uploads\/2014\/12\/rossi_6.jpg?resize=525%2C300 1.5x"},"classes":[]},{"id":47181,"url":"http:\/\/www.24baires.com\/?p=47181","url_meta":{"origin":68284,"position":5},"title":"Rossi: \u00abPagamos las deudas que generaron otros gobiernos\u00bb","author":"Grupo Sierra","date":"01\/06\/2014","format":false,"excerpt":"El ministro de Defensa lo afirm\u00f3 en relaci\u00f3n al acuerdo con el Club de Par\u00eds, y consider\u00f3 que \u201clos compromisos externos se pagan gracias al alto nivel de reservas que el pa\u00eds mantiene en el Banco Central\u201d. \u201cEstamos haci\u00e9ndonos cargo de las deudas que generaron otros gobiernos, y que pagamos\u2026","rel":"","context":"En \u00abPol\u00edtica\u00bb","block_context":{"text":"Pol\u00edtica","link":"http:\/\/www.24baires.com\/?cat=51"},"img":{"alt_text":"rossi chivo","src":"https:\/\/i0.wp.com\/www.24baires.com\/wp-content\/uploads\/2012\/09\/rossi-chivo.jpg?resize=350%2C200","width":350,"height":200,"srcset":"https:\/\/i0.wp.com\/www.24baires.com\/wp-content\/uploads\/2012\/09\/rossi-chivo.jpg?resize=350%2C200 1x, https:\/\/i0.wp.com\/www.24baires.com\/wp-content\/uploads\/2012\/09\/rossi-chivo.jpg?resize=525%2C300 1.5x"},"classes":[]}],"jetpack_sharing_enabled":true,"jetpack_likes_enabled":true,"jetpack_featured_media_url":"","_links":{"self":[{"href":"http:\/\/www.24baires.com\/index.php?rest_route=\/wp\/v2\/posts\/68284","targetHints":{"allow":["GET"]}}],"collection":[{"href":"http:\/\/www.24baires.com\/index.php?rest_route=\/wp\/v2\/posts"}],"about":[{"href":"http:\/\/www.24baires.com\/index.php?rest_route=\/wp\/v2\/types\/post"}],"author":[{"embeddable":true,"href":"http:\/\/www.24baires.com\/index.php?rest_route=\/wp\/v2\/users\/4"}],"replies":[{"embeddable":true,"href":"http:\/\/www.24baires.com\/index.php?rest_route=%2Fwp%2Fv2%2Fcomments&post=68284"}],"version-history":[{"count":1,"href":"http:\/\/www.24baires.com\/index.php?rest_route=\/wp\/v2\/posts\/68284\/revisions"}],"predecessor-version":[{"id":68286,"href":"http:\/\/www.24baires.com\/index.php?rest_route=\/wp\/v2\/posts\/68284\/revisions\/68286"}],"wp:attachment":[{"href":"http:\/\/www.24baires.com\/index.php?rest_route=%2Fwp%2Fv2%2Fmedia&parent=68284"}],"wp:term":[{"taxonomy":"category","embeddable":true,"href":"http:\/\/www.24baires.com\/index.php?rest_route=%2Fwp%2Fv2%2Fcategories&post=68284"},{"taxonomy":"post_tag","embeddable":true,"href":"http:\/\/www.24baires.com\/index.php?rest_route=%2Fwp%2Fv2%2Ftags&post=68284"}],"curies":[{"name":"wp","href":"https:\/\/api.w.org\/{rel}","templated":true}]}}