{"id":68270,"date":"2015-06-29T10:20:26","date_gmt":"2015-06-29T13:20:26","guid":{"rendered":"http:\/\/www.24baires.com\/?p=68270"},"modified":"2015-06-30T10:47:27","modified_gmt":"2015-06-30T13:47:27","slug":"anibal-fernandez-lo-de-xipolitakis-estuvo-todo-atadito-para-perjudicar-a-recalde","status":"publish","type":"post","link":"http:\/\/www.24baires.com\/?p=68270","title":{"rendered":"An\u00edbal Fern\u00e1ndez: lo de Xipolitakis \u00abestuvo todo atadito para perjudicar a Recalde\u201d"},"content":{"rendered":"<p><img data-recalc-dims=\"1\" loading=\"lazy\" decoding=\"async\" src=\"https:\/\/i0.wp.com\/www.24baires.com\/wp-content\/uploads\/2015\/04\/anibal-conferencia.jpg?resize=560%2C379\" alt=\"anibal conferencia\" width=\"560\" height=\"379\" class=\"aligncenter size-full wp-image-63981\" srcset=\"https:\/\/i0.wp.com\/www.24baires.com\/wp-content\/uploads\/2015\/04\/anibal-conferencia.jpg?w=560 560w, https:\/\/i0.wp.com\/www.24baires.com\/wp-content\/uploads\/2015\/04\/anibal-conferencia.jpg?resize=300%2C203 300w\" sizes=\"auto, (max-width: 560px) 100vw, 560px\" \/>An\u00edbal Fern\u00e1ndez consider\u00f3 que el episodio protagonizado por la vedette Xipolitakis en la cabina de un avi\u00f3n de Austral fue producto de una campa\u00f1a para perjudicar al presidente de Aerol\u00edneas y aspirante a jefe de Gobierno del FpV, a quien defini\u00f3 como \u00abun excelente candidato\u201d. <!--more--><\/p>\n<p>En ese sentido, An\u00edbal Fern\u00e1ndez recalc\u00f3 que Mariano Recalde \u201cha hecho un gran trabajo y todas las tareas\u201d.<\/p>\n<p>\u201cEs un excelente candidato, inclusive para el futuro. Veremos c\u00f3mo resulta la elecci\u00f3n porte\u00f1a, en la que el primero (Horacio Rodr\u00edguez Larreta) tiene mucha diferencia con respecto a los dem\u00e1s\u00bb, enfatiz\u00f3 durante su habitual conferencia de prensa matutina.     <\/p>\n","protected":false},"excerpt":{"rendered":"<p>An\u00edbal Fern\u00e1ndez consider\u00f3 que el episodio protagonizado por la vedette Xipolitakis en la cabina de un avi\u00f3n de Austral fue producto de una campa\u00f1a para perjudicar al presidente de Aerol\u00edneas y aspirante a jefe de Gobierno del FpV, a quien defini\u00f3 como \u00abun excelente candidato\u201d.<\/p>\n","protected":false},"author":4,"featured_media":0,"comment_status":"open","ping_status":"open","sticky":false,"template":"","format":"standard","meta":{"_jetpack_newsletter_access":"","_jetpack_dont_email_post_to_subs":false,"_jetpack_newsletter_tier_id":0,"_jetpack_memberships_contains_paywalled_content":false,"_jetpack_memberships_contains_paid_content":false,"footnotes":""},"categories":[51],"tags":[],"class_list":["post-68270","post","type-post","status-publish","format-standard","hentry","category-politica"],"jetpack_shortlink":"https:\/\/wp.me\/p2JWE0-hL8","jetpack-related-posts":[{"id":68157,"url":"http:\/\/www.24baires.com\/?p=68157","url_meta":{"origin":68270,"position":0},"title":"An\u00edbal Fern\u00e1ndez: \u00abLos pilotos y Xipolitakis ser\u00e1n denunciados penalmente\u00bb","author":"AF","date":"26\/06\/2015","format":false,"excerpt":"El jefe de Gabinete asegur\u00f3 que Patricio Zocchi Molina y Federico Soaje adem\u00e1s de haber sido despedidos por su conducta en el vuelo 2708, \u201cser\u00e1n denunciados penalmente\u201d. El jefe de Gabinete, An\u00edbal Fern\u00e1ndez, coment\u00f3 hoy que adem\u00e1s de haber sido despedidos de la empresa Austral L\u00edneas A\u00e9reas, los dos pilotos\u2026","rel":"","context":"En \u00abJUDICIALES\u00bb","block_context":{"text":"JUDICIALES","link":"http:\/\/www.24baires.com\/?cat=68"},"img":{"alt_text":"anibal conferencia","src":"https:\/\/i0.wp.com\/www.24baires.com\/wp-content\/uploads\/2015\/04\/anibal-conferencia.jpg?resize=350%2C200","width":350,"height":200,"srcset":"https:\/\/i0.wp.com\/www.24baires.com\/wp-content\/uploads\/2015\/04\/anibal-conferencia.jpg?resize=350%2C200 1x, https:\/\/i0.wp.com\/www.24baires.com\/wp-content\/uploads\/2015\/04\/anibal-conferencia.jpg?resize=525%2C300 1.5x"},"classes":[]},{"id":64933,"url":"http:\/\/www.24baires.com\/?p=64933","url_meta":{"origin":68270,"position":1},"title":"An\u00edbal Fern\u00e1ndez: \u201cPara nada estas PASO son un golpe para el Gobierno nacional\u201d","author":"AF","date":"27\/04\/2015","format":false,"excerpt":"El jefe de Gabinete se refiri\u00f3 al resultado en las PASO porte\u00f1as en las que el FpV result\u00f3 tercero y dijo que Capital Federal \u201ces un escenario esquivo para el peronismo\". Adem\u00e1s, elogi\u00f3 la labor de Mariano Recalde, contundente ganador de la interna de esa fuerza. En ese marco, Fern\u00e1ndez\u2026","rel":"","context":"En \u00abPol\u00edtica\u00bb","block_context":{"text":"Pol\u00edtica","link":"http:\/\/www.24baires.com\/?cat=51"},"img":{"alt_text":"fern\u00e1ndez an\u00edbal2","src":"https:\/\/i0.wp.com\/www.24baires.com\/wp-content\/uploads\/2012\/11\/fern%C3%A1ndez-an%C3%ADbal2.jpg?resize=350%2C200","width":350,"height":200,"srcset":"https:\/\/i0.wp.com\/www.24baires.com\/wp-content\/uploads\/2012\/11\/fern%C3%A1ndez-an%C3%ADbal2.jpg?resize=350%2C200 1x, https:\/\/i0.wp.com\/www.24baires.com\/wp-content\/uploads\/2012\/11\/fern%C3%A1ndez-an%C3%ADbal2.jpg?resize=525%2C300 1.5x"},"classes":[]},{"id":69749,"url":"http:\/\/www.24baires.com\/?p=69749","url_meta":{"origin":68270,"position":2},"title":"An\u00edbal advierte sobre posibles \u201cpresiones\u201d en la etapa preelectoral","author":"AF","date":"30\/07\/2015","format":false,"excerpt":"El jefe de Gabinete, An\u00edbal Fern\u00e1ndez, afirm\u00f3 que \u201clo importante es que nos pongamos a trabajar para que estos embates no influyan ni impacten en la econom\u00eda y para que estas maniobras no terminen perjudicando a toda la sociedad\u201d, al coincidir con el candidato presidencial por el Frente para la\u2026","rel":"","context":"En \u00abElecciones 2015\u00bb","block_context":{"text":"Elecciones 2015","link":"http:\/\/www.24baires.com\/?cat=74"},"img":{"alt_text":"anibal","src":"https:\/\/i0.wp.com\/www.24baires.com\/wp-content\/uploads\/2015\/01\/anibal.jpg?resize=350%2C200","width":350,"height":200,"srcset":"https:\/\/i0.wp.com\/www.24baires.com\/wp-content\/uploads\/2015\/01\/anibal.jpg?resize=350%2C200 1x, https:\/\/i0.wp.com\/www.24baires.com\/wp-content\/uploads\/2015\/01\/anibal.jpg?resize=525%2C300 1.5x"},"classes":[]},{"id":103789,"url":"http:\/\/www.24baires.com\/?p=103789","url_meta":{"origin":68270,"position":3},"title":"\u00abEl blindaje al gobierno se termina cuando quer\u00e9s darle de comer a los pibes y no te alcanza\u00bb","author":"AF","date":"09\/08\/2018","format":false,"excerpt":"A contramano del remanido \"lo peor ya pas\u00f3\" del presidente Mauricio Macri, An\u00edbal Fern\u00e1ndez advirti\u00f3 que el estancamiento econ\u00f3mico y la crisis va camino a profundizarse a\u00fan m\u00e1s. El ex jefe de Gabinete de la Naci\u00f3n, An\u00edbal Fern\u00e1ndez carg\u00f3 este jueves con dureza contra el gobierno de Mauricio Macri, al\u2026","rel":"","context":"En \u00abPol\u00edtica\u00bb","block_context":{"text":"Pol\u00edtica","link":"http:\/\/www.24baires.com\/?cat=51"},"img":{"alt_text":"","src":"https:\/\/i0.wp.com\/www.24baires.com\/wp-content\/uploads\/2015\/08\/an%C3%ADbal-cierre.jpg?resize=350%2C200","width":350,"height":200,"srcset":"https:\/\/i0.wp.com\/www.24baires.com\/wp-content\/uploads\/2015\/08\/an%C3%ADbal-cierre.jpg?resize=350%2C200 1x, https:\/\/i0.wp.com\/www.24baires.com\/wp-content\/uploads\/2015\/08\/an%C3%ADbal-cierre.jpg?resize=525%2C300 1.5x"},"classes":[]},{"id":112742,"url":"http:\/\/www.24baires.com\/?p=112742","url_meta":{"origin":68270,"position":4},"title":"La Provincia tendr\u00e1 seis distritos comandados por mujeres","author":"GB","date":"28\/10\/2019","format":false,"excerpt":"Hablamos de las localidades de General Arenales, Quilmes, Presidente Per\u00f3n, Carlos Tejedor, Moreno y Ca\u00f1uelas. Los resultados de las elecciones generales, de este domingo, revelaron que, a partir del 10 de diciembre s\u00f3lo seis de los 135 municipios bonaerenses ser\u00e1n gobernados por mujeres. Hablamos de General Arenales, Quilmes, Presidente Per\u00f3n,\u2026","rel":"","context":"En \u00abELECCIONES 2019\u00bb","block_context":{"text":"ELECCIONES 2019","link":"http:\/\/www.24baires.com\/?cat=329"},"img":{"alt_text":"","src":"","width":0,"height":0},"classes":[]},{"id":120623,"url":"http:\/\/www.24baires.com\/?p=120623","url_meta":{"origin":68270,"position":5},"title":"Tienen mi respaldo para salir a la calle y defender la vida de los argentinos\u00bb, le dijo Massa a la Federal","author":"GB","date":"06\/11\/2023","format":false,"excerpt":"Con cr\u00edticas a la justicia, el ministro y candidato presidencial de Uni\u00f3n por la Patria, Sergio Massa, particip\u00f3 de un acto en la Escuela de Cadetes 'Comisario General Juan \u00c1ngel Pirker'. El ministro de Econom\u00eda de la Naci\u00f3n y candidato presidencial, Sergio Massa, manifest\u00f3 este s\u00e1bado su \"respaldo\" a la\u2026","rel":"","context":"En \u00abPol\u00edtica\u00bb","block_context":{"text":"Pol\u00edtica","link":"http:\/\/www.24baires.com\/?cat=51"},"img":{"alt_text":"","src":"https:\/\/i0.wp.com\/www.24baires.com\/wp-content\/uploads\/2023\/11\/massa-policia.jpeg?resize=350%2C200","width":350,"height":200,"srcset":"https:\/\/i0.wp.com\/www.24baires.com\/wp-content\/uploads\/2023\/11\/massa-policia.jpeg?resize=350%2C200 1x, https:\/\/i0.wp.com\/www.24baires.com\/wp-content\/uploads\/2023\/11\/massa-policia.jpeg?resize=525%2C300 1.5x, https:\/\/i0.wp.com\/www.24baires.com\/wp-content\/uploads\/2023\/11\/massa-policia.jpeg?resize=700%2C400 2x"},"classes":[]}],"jetpack_sharing_enabled":true,"jetpack_likes_enabled":true,"jetpack_featured_media_url":"","_links":{"self":[{"href":"http:\/\/www.24baires.com\/index.php?rest_route=\/wp\/v2\/posts\/68270","targetHints":{"allow":["GET"]}}],"collection":[{"href":"http:\/\/www.24baires.com\/index.php?rest_route=\/wp\/v2\/posts"}],"about":[{"href":"http:\/\/www.24baires.com\/index.php?rest_route=\/wp\/v2\/types\/post"}],"author":[{"embeddable":true,"href":"http:\/\/www.24baires.com\/index.php?rest_route=\/wp\/v2\/users\/4"}],"replies":[{"embeddable":true,"href":"http:\/\/www.24baires.com\/index.php?rest_route=%2Fwp%2Fv2%2Fcomments&post=68270"}],"version-history":[{"count":1,"href":"http:\/\/www.24baires.com\/index.php?rest_route=\/wp\/v2\/posts\/68270\/revisions"}],"predecessor-version":[{"id":68271,"href":"http:\/\/www.24baires.com\/index.php?rest_route=\/wp\/v2\/posts\/68270\/revisions\/68271"}],"wp:attachment":[{"href":"http:\/\/www.24baires.com\/index.php?rest_route=%2Fwp%2Fv2%2Fmedia&parent=68270"}],"wp:term":[{"taxonomy":"category","embeddable":true,"href":"http:\/\/www.24baires.com\/index.php?rest_route=%2Fwp%2Fv2%2Fcategories&post=68270"},{"taxonomy":"post_tag","embeddable":true,"href":"http:\/\/www.24baires.com\/index.php?rest_route=%2Fwp%2Fv2%2Ftags&post=68270"}],"curies":[{"name":"wp","href":"https:\/\/api.w.org\/{rel}","templated":true}]}}