{"id":68227,"date":"2015-06-27T14:00:02","date_gmt":"2015-06-27T17:00:02","guid":{"rendered":"http:\/\/www.24baires.com\/?p=68227"},"modified":"2015-06-28T13:11:18","modified_gmt":"2015-06-28T16:11:18","slug":"scioli-desde-mar-del-plata-mayor-presencia-policial-es-mas-prevencion-y-menos-delito","status":"publish","type":"post","link":"http:\/\/www.24baires.com\/?p=68227","title":{"rendered":"Scioli desde Mar del Plata: \u201cMayor presencia policial es m\u00e1s prevenci\u00f3n y menos delito\u201d"},"content":{"rendered":"<p><img data-recalc-dims=\"1\" loading=\"lazy\" decoding=\"async\" class=\"aligncenter size-full wp-image-68229\" src=\"https:\/\/i0.wp.com\/www.24baires.com\/wp-content\/uploads\/2015\/06\/scioli-pulti-2.jpg?resize=560%2C315\" alt=\"scioli pulti 2\" width=\"560\" height=\"315\" srcset=\"https:\/\/i0.wp.com\/www.24baires.com\/wp-content\/uploads\/2015\/06\/scioli-pulti-2.jpg?w=560 560w, https:\/\/i0.wp.com\/www.24baires.com\/wp-content\/uploads\/2015\/06\/scioli-pulti-2.jpg?resize=300%2C169 300w\" sizes=\"auto, (max-width: 560px) 100vw, 560px\" \/>Lo dijo el gobernador durante una recorrida por el Centro de Monitoreo. \u201cMar del Plata est\u00e1 a la vanguardia de la polic\u00eda local\u00bb, destac\u00f3.<!--more--><\/p>\n<p>El gobernador de la Provincia y precandidato a presidente recorri\u00f3 esta ma\u00f1ana el Centro de Operaciones y Monitoreo, donde destac\u00f3 los trabajos que se realizan en la ciudad en materia de seguridad y resalt\u00f3: \u201cMayor presencia policial es m\u00e1s prevenci\u00f3n y menos delito\u201d.<\/p>\n<p>Acompa\u00f1ado por el intendente Gustavo Pulti y el secretario de Seguridad Municipal Rodolfo Iriart, Scioli habl\u00f3 sobre el funcionamiento integral del centro, al que se sumar\u00e1 el radar meteorol\u00f3gico. \u201cEste centro de monitoreo, el m\u00e1s grande del pa\u00eds, es un proyecto para las grandes ciudades\u201d, sostuvo.<\/p>\n<p>Adem\u00e1s, se\u00f1al\u00f3 que se est\u00e1n integrando c\u00e1maras privadas de distintas \u00e1reas urbanas a las 1300 oficiales que est\u00e1n conectadas con el centro, \u201clo que va a permitir distribuir recursos humanos y log\u00edsticos\u201d.<\/p>\n<p>\u201cMar del Plata est\u00e1 a la vanguardia de la polic\u00eda local\u201d, remarc\u00f3. En este sentido, tambi\u00e9n expres\u00f3 que se hizo \u201cuna importante inversi\u00f3n para tener el establecimiento educativo para estos efectivos\u201d.<\/p>\n<p>\u201cMayor presencia policial es m\u00e1s prevenci\u00f3n y menos oportunidades para el delito. Se trata de que la gente est\u00e9 m\u00e1s tranquila, m\u00e1s segura y feliz en la \u2018ciudad feliz\u2019\u201d, indic\u00f3 Scioli.<\/p>\n<p>El precandidato a presidente por el Frente para la Victoria tambi\u00e9n sostuvo que \u201cesto se complementa con pol\u00edticas de inclusi\u00f3n, programas, inversi\u00f3n en educaci\u00f3n y lo que ayer se estuvo conversando en apertura de la Semana Social: es necesario que haya estados solidarios\u201d.<\/p>\n<p>Por otro lado, hizo un balance de su gesti\u00f3n y resalt\u00f3: \u201cVamos a terminar la gesti\u00f3n con 90 mil efectivos en la Provincia, complementados con estos centros de monitoreo\u201d.<\/p>\n<p>&nbsp;<\/p>\n<p>&nbsp;<\/p>\n<p>&nbsp;<\/p>\n<p>&nbsp;<\/p>\n<p>&nbsp;<\/p>\n<p>&nbsp;<\/p>\n<p>&nbsp;<\/p>\n<p>&nbsp;<\/p>\n<p>&nbsp;<\/p>\n<p>&nbsp;<\/p>\n<p>&nbsp;<\/p>\n<p>&nbsp;<\/p>\n<p>&nbsp;<\/p>\n<p>&nbsp;<\/p>\n<p>&nbsp;<\/p>\n<p>&nbsp;<\/p>\n","protected":false},"excerpt":{"rendered":"<p>Lo dijo el gobernador durante una recorrida por el Centro de Monitoreo. \u201cMar del Plata est\u00e1 a la vanguardia de la polic\u00eda local\u00bb, destac\u00f3.<\/p>\n","protected":false},"author":8,"featured_media":0,"comment_status":"open","ping_status":"open","sticky":false,"template":"","format":"standard","meta":{"_jetpack_newsletter_access":"","_jetpack_dont_email_post_to_subs":false,"_jetpack_newsletter_tier_id":0,"_jetpack_memberships_contains_paywalled_content":false,"_jetpack_memberships_contains_paid_content":false,"footnotes":""},"categories":[51],"tags":[],"class_list":["post-68227","post","type-post","status-publish","format-standard","hentry","category-politica"],"jetpack_shortlink":"https:\/\/wp.me\/p2JWE0-hKr","jetpack-related-posts":[{"id":118356,"url":"http:\/\/www.24baires.com\/?p=118356","url_meta":{"origin":68227,"position":0},"title":"Axel Kicillof lanza el Operativo Sol 2022 en Mar del Plata","author":"GB","date":"20\/12\/2021","format":false,"excerpt":"El gobernador de la Provincia de Buenos Aires, Axel Kicillof, presenta el Operativo Sol 2022 en la Ciudad de Mar del Plata tras lanzar la temporada de verano. Luego de lanzar la temporada de verano al inaugurar la finalizaci\u00f3n de las obras en las autov\u00edas y rutas N\u00ba 11 y\u2026","rel":"","context":"En \u00abProvincia\u00bb","block_context":{"text":"Provincia","link":"http:\/\/www.24baires.com\/?cat=40"},"img":{"alt_text":"","src":"https:\/\/i0.wp.com\/www.24baires.com\/wp-content\/uploads\/2021\/12\/axel-kicillof-mar-del-platajpg-300x200.jpg?resize=350%2C200","width":350,"height":200},"classes":[]},{"id":28940,"url":"http:\/\/www.24baires.com\/?p=28940","url_meta":{"origin":68227,"position":1},"title":"Scioli e Insaurralde inauguraron un centro de monitoreo en Avellaneda","author":"Grupo Sierra","date":"25\/07\/2013","format":false,"excerpt":"El gobernador bonaerense y el precandidato a diputado nacional por el Frente para la Victoria estuvieron junto al intendente de Avellaneda, Jorge Ferraresi, en la inauguraci\u00f3n del Centro de Monitoreo del distrito. \u201cNos estamos ocupando de la seguridad porque preocupa a los ciudadanos\u201d, remarc\u00f3 Insaurralde. El gobernador de la Provincia\u2026","rel":"","context":"En \u00abPol\u00edtica\u00bb","block_context":{"text":"Pol\u00edtica","link":"http:\/\/www.24baires.com\/?cat=51"},"img":{"alt_text":"scioli insaurralde avellaneda","src":"https:\/\/i0.wp.com\/www.24baires.com\/wp-content\/uploads\/2013\/07\/scioli-insaurralde-avellaneda-300x180.jpg?resize=350%2C200","width":350,"height":200},"classes":[]},{"id":72629,"url":"http:\/\/www.24baires.com\/?p=72629","url_meta":{"origin":68227,"position":2},"title":"A partir del pr\u00f3ximo jueves la Polic\u00eda Local de Mar del Plata saldr\u00e1 a la calle","author":"GB","date":"24\/09\/2015","format":false,"excerpt":"Los nuevos polic\u00edas tendr\u00e1n su acto el 28 de septiembre, con la presencia del gobernador Daniel Scioli. Luego saldr\u00e1n a patrullar las calles. El intendente Gustavo Pulti y el secretario de Seguridad y jefe de la Polic\u00eda Local, Fernando Telpuk, confirmaron que los miembros de la nueva fuerza tendr\u00e1n su\u2026","rel":"","context":"En \u00abLocales\u00bb","block_context":{"text":"Locales","link":"http:\/\/www.24baires.com\/?cat=38"},"img":{"alt_text":"","src":"","width":0,"height":0},"classes":[]},{"id":56870,"url":"http:\/\/www.24baires.com\/?p=56870","url_meta":{"origin":68227,"position":3},"title":"\u00abPara este verano estar\u00e1 dispuesto un Operativo Sol sin precedentes\u00bb, asegur\u00f3 Scioli","author":"GB","date":"10\/11\/2014","format":false,"excerpt":"MAR DEL PLATA-El Gobernador pas\u00f3 por Mar del Plata para anticipar lo que ser\u00e1n los operativos de seguridad en los destinos tur\u00edsticos de la provincia, sobre todo en la Costa Atl\u00e1ntica. Dijo que no tendr\u00e1 \"precedentes\". Como es sabido, el 2015 ser\u00e1 un a\u00f1o electoral de notable importancia y el\u2026","rel":"","context":"En \u00abPol\u00edtica\u00bb","block_context":{"text":"Pol\u00edtica","link":"http:\/\/www.24baires.com\/?cat=51"},"img":{"alt_text":"","src":"https:\/\/i0.wp.com\/www.24baires.com\/wp-content\/uploads\/2014\/11\/scioli-pulti-sol.jpg?resize=350%2C200","width":350,"height":200,"srcset":"https:\/\/i0.wp.com\/www.24baires.com\/wp-content\/uploads\/2014\/11\/scioli-pulti-sol.jpg?resize=350%2C200 1x, https:\/\/i0.wp.com\/www.24baires.com\/wp-content\/uploads\/2014\/11\/scioli-pulti-sol.jpg?resize=525%2C300 1.5x"},"classes":[]},{"id":52989,"url":"http:\/\/www.24baires.com\/?p=52989","url_meta":{"origin":68227,"position":4},"title":"Entregaron 32 m\u00f3viles policiales nuevos a Tigre","author":"AF","date":"03\/09\/2014","format":false,"excerpt":"El ministro de Seguridad, Alejandro Granados, entreg\u00f3 32 m\u00f3viles policiales nuevos al municipio de Tigre, al ponerse en marcha el Comando de Prevenci\u00f3n Comunitaria (CPC) local, como parte de las acciones dispuestas por el gobernador Daniel Scioli en el marco de la emergencia decretada. Granados subray\u00f3 ante el intendente local,\u2026","rel":"","context":"En \u00abLocales\u00bb","block_context":{"text":"Locales","link":"http:\/\/www.24baires.com\/?cat=38"},"img":{"alt_text":"","src":"https:\/\/i0.wp.com\/www.24baires.com\/wp-content\/uploads\/2014\/09\/patrullero-cpc.jpg?resize=350%2C200","width":350,"height":200,"srcset":"https:\/\/i0.wp.com\/www.24baires.com\/wp-content\/uploads\/2014\/09\/patrullero-cpc.jpg?resize=350%2C200 1x, https:\/\/i0.wp.com\/www.24baires.com\/wp-content\/uploads\/2014\/09\/patrullero-cpc.jpg?resize=525%2C300 1.5x"},"classes":[]},{"id":99669,"url":"http:\/\/www.24baires.com\/?p=99669","url_meta":{"origin":68227,"position":5},"title":"M\u00e1s de 15 mil polic\u00edas participar\u00e1n del Operativo Sol 2018","author":"GB","date":"28\/12\/2017","format":false,"excerpt":"Vidal lanz\u00f3 desde Mar del Plata el operativo de seguridad para la temporada de verano. Alcanzar\u00e1 a 47 localidades y contar\u00e1 con un fuerte despliegue tecnol\u00f3gico. M\u00e1s de 15 mil polic\u00edas desplegar\u00e1 el Gobierno bonaerense en 47 localidades para garantizar la seguridad durante la temporada de verano en el marco\u2026","rel":"","context":"En \u00abProvincia\u00bb","block_context":{"text":"Provincia","link":"http:\/\/www.24baires.com\/?cat=40"},"img":{"alt_text":"","src":"https:\/\/i0.wp.com\/www.24baires.com\/wp-content\/uploads\/2017\/12\/vidal-op-sol.jpg?resize=350%2C200","width":350,"height":200,"srcset":"https:\/\/i0.wp.com\/www.24baires.com\/wp-content\/uploads\/2017\/12\/vidal-op-sol.jpg?resize=350%2C200 1x, https:\/\/i0.wp.com\/www.24baires.com\/wp-content\/uploads\/2017\/12\/vidal-op-sol.jpg?resize=525%2C300 1.5x"},"classes":[]}],"jetpack_sharing_enabled":true,"jetpack_likes_enabled":true,"jetpack_featured_media_url":"","_links":{"self":[{"href":"http:\/\/www.24baires.com\/index.php?rest_route=\/wp\/v2\/posts\/68227","targetHints":{"allow":["GET"]}}],"collection":[{"href":"http:\/\/www.24baires.com\/index.php?rest_route=\/wp\/v2\/posts"}],"about":[{"href":"http:\/\/www.24baires.com\/index.php?rest_route=\/wp\/v2\/types\/post"}],"author":[{"embeddable":true,"href":"http:\/\/www.24baires.com\/index.php?rest_route=\/wp\/v2\/users\/8"}],"replies":[{"embeddable":true,"href":"http:\/\/www.24baires.com\/index.php?rest_route=%2Fwp%2Fv2%2Fcomments&post=68227"}],"version-history":[{"count":1,"href":"http:\/\/www.24baires.com\/index.php?rest_route=\/wp\/v2\/posts\/68227\/revisions"}],"predecessor-version":[{"id":68230,"href":"http:\/\/www.24baires.com\/index.php?rest_route=\/wp\/v2\/posts\/68227\/revisions\/68230"}],"wp:attachment":[{"href":"http:\/\/www.24baires.com\/index.php?rest_route=%2Fwp%2Fv2%2Fmedia&parent=68227"}],"wp:term":[{"taxonomy":"category","embeddable":true,"href":"http:\/\/www.24baires.com\/index.php?rest_route=%2Fwp%2Fv2%2Fcategories&post=68227"},{"taxonomy":"post_tag","embeddable":true,"href":"http:\/\/www.24baires.com\/index.php?rest_route=%2Fwp%2Fv2%2Ftags&post=68227"}],"curies":[{"name":"wp","href":"https:\/\/api.w.org\/{rel}","templated":true}]}}