{"id":68216,"date":"2015-06-26T22:00:54","date_gmt":"2015-06-27T01:00:54","guid":{"rendered":"http:\/\/www.24baires.com\/?p=68216"},"modified":"2015-06-26T21:19:40","modified_gmt":"2015-06-27T00:19:40","slug":"anibal-fernandez-no-hay-un-dirigente-mas-peronista-que-yo","status":"publish","type":"post","link":"http:\/\/www.24baires.com\/?p=68216","title":{"rendered":"An\u00edbal Fern\u00e1ndez: \u00abNo hay un dirigente m\u00e1s peronista que yo\u00bb"},"content":{"rendered":"<p>El jefe de Gabinete y precandidato a gobernador bonaerense, An\u00edbal Fern\u00e1ndez, afirm\u00f3 que \u00abno hay un dirigente m\u00e1s peronista\u00bb que \u00e9l, y destac\u00f3 que levanta \u00ablas banderas del discurso del ex presidente N\u00e9stor Kirchner el 25 de mayo de 2003\u00bb.<!--more--><\/p>\n<p>A la vez, el actual jefe de Gabinete se refiri\u00f3 a Mart\u00edn Sabbatella, su compa\u00f1ero de f\u00f3rmula, recordando que fue \u00e9l quien lo propuso ante la presidenta Cristina Fern\u00e1ndez de Kirchner para que lo acompa\u00f1e en las elecciones, y que lo hizo en la idea de \u00abampliar la base de sustentaci\u00f3n y la construcci\u00f3n de pol\u00edticas colectivas\u00bb.<\/p>\n<p>En di\u00e1logo con el canal C5, dijo adem\u00e1s: \u00abNo hay un dirigente m\u00e1s peronista que yo en el mundo\u00bb y explic\u00f3 que en \u00e9l abrevan \u00ablas banderas del discurso del ex presidente N\u00e9stor Kirchner el 25 de mayo de 2003&#8243;\u00b7.<\/p>\n<p>Consultado por las encuestas difundidas esta semana de la consultora Aresco, de Julio Aurelio, que lo dan primero en la provincia de Buenos Aires, respondi\u00f3: \u00abNo les presto mucho valor a las encuestas, pero le mentir\u00eda si no le digo que no me pone contento\u00bb.<\/p>\n<p>El jefe de Gabinete tiene previsto viajar ma\u00f1ana a Olavarr\u00eda para llevar su \u00abmensaje\u00bb y su \u00abidea y, entre ellas, insisti\u00f3 en que \u00bb la experiencia de haber sido cinco a\u00f1os jefe de las fuerzas de seguridad federales, tiempo en el que no hubo ni un muerto y ni un solo herido\u00bb quiere aprovecharla en la provincia y, en esa l\u00ednea, tiene proyecto \u00abdos polic\u00edas, una urbana y otra rural\u00bb.<\/p>\n","protected":false},"excerpt":{"rendered":"<p>El jefe de Gabinete y precandidato a gobernador bonaerense, An\u00edbal Fern\u00e1ndez, afirm\u00f3 que \u00abno hay un dirigente m\u00e1s peronista\u00bb que \u00e9l, y destac\u00f3 que levanta \u00ablas banderas del discurso del ex presidente N\u00e9stor Kirchner el 25 de mayo de 2003\u00bb.<\/p>\n","protected":false},"author":4,"featured_media":0,"comment_status":"open","ping_status":"open","sticky":false,"template":"","format":"standard","meta":{"_jetpack_newsletter_access":"","_jetpack_dont_email_post_to_subs":false,"_jetpack_newsletter_tier_id":0,"_jetpack_memberships_contains_paywalled_content":false,"_jetpack_memberships_contains_paid_content":false,"footnotes":""},"categories":[51],"tags":[],"class_list":["post-68216","post","type-post","status-publish","format-standard","hentry","category-politica"],"jetpack_shortlink":"https:\/\/wp.me\/p2JWE0-hKg","jetpack-related-posts":[{"id":40921,"url":"http:\/\/www.24baires.com\/?p=40921","url_meta":{"origin":68216,"position":0},"title":"An\u00edbal: \u00abel candidato que surja de las PASO tendr\u00e1 volumen pol\u00edtico en 2015\u00bb","author":"GB","date":"22\/02\/2014","format":false,"excerpt":"SANTA TERESITA-El senador An\u00edbal Fern\u00e1ndez afirm\u00f3 que el candidato a presidente del FPV \u201cque salga de las PASO ser\u00e1 el ganador\u201d y critic\u00f3 a los que dejaron el partido. \"Son ma\u00f1eros que comieron de nuestro plato\". En la apertura del Congreso del Partido Justicialista bonaerense que se llev\u00f3 a cabo\u2026","rel":"","context":"En \u00abPol\u00edtica\u00bb","block_context":{"text":"Pol\u00edtica","link":"http:\/\/www.24baires.com\/?cat=51"},"img":{"alt_text":"fern\u00e1ndez an\u00edbal","src":"https:\/\/i0.wp.com\/www.24baires.com\/wp-content\/uploads\/2012\/12\/fern%C3%A1ndez-an%C3%ADbal.jpg?resize=350%2C200","width":350,"height":200,"srcset":"https:\/\/i0.wp.com\/www.24baires.com\/wp-content\/uploads\/2012\/12\/fern%C3%A1ndez-an%C3%ADbal.jpg?resize=350%2C200 1x, https:\/\/i0.wp.com\/www.24baires.com\/wp-content\/uploads\/2012\/12\/fern%C3%A1ndez-an%C3%ADbal.jpg?resize=525%2C300 1.5x"},"classes":[]},{"id":120269,"url":"http:\/\/www.24baires.com\/?p=120269","url_meta":{"origin":68216,"position":1},"title":"Cristina a Macri: \u201cUsted es muy mentiroso, ingeniero\u201d","author":"AF","date":"10\/07\/2023","format":false,"excerpt":"Los ex mandatarios se cruzaron en Twitter por la pol\u00edtica energ\u00e9tica de sus gobiernos y la inauguraci\u00f3n de la obra en Salliquel\u00f3. El dirigente de Juntos por el Cambio hab\u00eda calificado al kirchnerismo como el \u201cpeor gobierno de la historia\u201d. La vicepresidenta Cristina Fern\u00e1ndez de Kirchner tild\u00f3 hoy de \u201cmuy\u2026","rel":"","context":"En \u00abPol\u00edtica\u00bb","block_context":{"text":"Pol\u00edtica","link":"http:\/\/www.24baires.com\/?cat=51"},"img":{"alt_text":"","src":"https:\/\/i0.wp.com\/www.24baires.com\/wp-content\/uploads\/2021\/10\/macri.jpg?resize=350%2C200","width":350,"height":200,"srcset":"https:\/\/i0.wp.com\/www.24baires.com\/wp-content\/uploads\/2021\/10\/macri.jpg?resize=350%2C200 1x, https:\/\/i0.wp.com\/www.24baires.com\/wp-content\/uploads\/2021\/10\/macri.jpg?resize=525%2C300 1.5x, https:\/\/i0.wp.com\/www.24baires.com\/wp-content\/uploads\/2021\/10\/macri.jpg?resize=700%2C400 2x"},"classes":[]},{"id":108071,"url":"http:\/\/www.24baires.com\/?p=108071","url_meta":{"origin":68216,"position":2},"title":"CFK present\u00f3 su libro y plante\u00f3 \u00abun contrato social de ciudadan\u00eda responsable\u00bb","author":"AF","date":"10\/05\/2019","format":false,"excerpt":"Cristina Kirchner present\u00f3 su libro ante una multitud reunida dentro y fuera del predio de La Rural. En tono coloquial, dijo que espera \u201cque sirva para el debate\u201d y plante\u00f3 un \u201ccontrato social de ciudadan\u00eda responsable\u201d que impulse el crecimiento econ\u00f3mico a partir del desarrollo del mercado interno. La ex\u2026","rel":"","context":"En \u00abPol\u00edtica\u00bb","block_context":{"text":"Pol\u00edtica","link":"http:\/\/www.24baires.com\/?cat=51"},"img":{"alt_text":"","src":"https:\/\/i0.wp.com\/www.24baires.com\/wp-content\/uploads\/2019\/05\/cristina-sinceramente.jpeg?resize=350%2C200","width":350,"height":200,"srcset":"https:\/\/i0.wp.com\/www.24baires.com\/wp-content\/uploads\/2019\/05\/cristina-sinceramente.jpeg?resize=350%2C200 1x, https:\/\/i0.wp.com\/www.24baires.com\/wp-content\/uploads\/2019\/05\/cristina-sinceramente.jpeg?resize=525%2C300 1.5x"},"classes":[]},{"id":100442,"url":"http:\/\/www.24baires.com\/?p=100442","url_meta":{"origin":68216,"position":3},"title":"CFK: \u00abEl \u00fanico argumento es la persecuci\u00f3n pol\u00edtica\u00bb","author":"AF","date":"08\/02\/2018","format":false,"excerpt":"La ex presidenta atribuy\u00f3 la denuncia por \"da\u00f1os y perjuicios\" por 22.500 millones pesos de Javier Iguacel, titular de Vialidad, a la campa\u00f1a instrumentada en su contra por el Gobierno. Marc\u00f3 las contradicciones de la presentaci\u00f3n judicial y pidi\u00f3 que se cite como testigos a todos los que fueron jefes\u2026","rel":"","context":"En \u00abPol\u00edtica\u00bb","block_context":{"text":"Pol\u00edtica","link":"http:\/\/www.24baires.com\/?cat=51"},"img":{"alt_text":"","src":"https:\/\/i0.wp.com\/www.24baires.com\/wp-content\/uploads\/2017\/09\/cristina.jpg?resize=350%2C200","width":350,"height":200,"srcset":"https:\/\/i0.wp.com\/www.24baires.com\/wp-content\/uploads\/2017\/09\/cristina.jpg?resize=350%2C200 1x, https:\/\/i0.wp.com\/www.24baires.com\/wp-content\/uploads\/2017\/09\/cristina.jpg?resize=525%2C300 1.5x"},"classes":[]},{"id":118006,"url":"http:\/\/www.24baires.com\/?p=118006","url_meta":{"origin":68216,"position":4},"title":"Recambio de ministros: Manzur, Jefe de Gabinete y An\u00edbal Fern\u00e1ndez a Seguridad","author":"GB","date":"18\/09\/2021","format":false,"excerpt":"Wado De Pedro seguir\u00e1 en su lugar, pero se ir\u00e1n Felipe Sol\u00e1, Roberto Salvarezza y Sabina Frederic. Juan Manzur reemplaza a Cafiero que ser\u00e1 Canciller El gobierno nacional confirm\u00f3 los cambios en el gabinete de ministros y prepara un relanzamiento de la gesti\u00f3n a partir del pr\u00f3ximo lunes, con el\u2026","rel":"","context":"En \u00abPol\u00edtica\u00bb","block_context":{"text":"Pol\u00edtica","link":"http:\/\/www.24baires.com\/?cat=51"},"img":{"alt_text":"","src":"https:\/\/i0.wp.com\/www.24baires.com\/wp-content\/uploads\/2021\/09\/Zxa4bz6uJ_1256x620__1-1024x505.jpg?resize=350%2C200","width":350,"height":200,"srcset":"https:\/\/i0.wp.com\/www.24baires.com\/wp-content\/uploads\/2021\/09\/Zxa4bz6uJ_1256x620__1-1024x505.jpg?resize=350%2C200 1x, https:\/\/i0.wp.com\/www.24baires.com\/wp-content\/uploads\/2021\/09\/Zxa4bz6uJ_1256x620__1-1024x505.jpg?resize=525%2C300 1.5x"},"classes":[]},{"id":108392,"url":"http:\/\/www.24baires.com\/?p=108392","url_meta":{"origin":68216,"position":5},"title":"Alberto y Cristina Fern\u00e1ndez presentaron su candidatura en Merlo","author":"AF","date":"26\/05\/2019","format":false,"excerpt":"El precandidato a presidente se present\u00f3 con su candidata a vice, la ex mandataria Cristina Kirchner: \"Yo estuve en el laberinto de la crisis y se c\u00f3mo salir\", enfatiz\u00f3 Alberto. Alberto Fern\u00e1ndez present\u00f3 su f\u00f3rmula junto a Cristina Kirchner de cara a las elecciones presidenciales de octubre en la que\u2026","rel":"","context":"En \u00abPol\u00edtica\u00bb","block_context":{"text":"Pol\u00edtica","link":"http:\/\/www.24baires.com\/?cat=51"},"img":{"alt_text":"","src":"https:\/\/i0.wp.com\/www.24baires.com\/wp-content\/uploads\/2019\/05\/alberto-cristina-fernandez-merlo.jpg?resize=350%2C200","width":350,"height":200,"srcset":"https:\/\/i0.wp.com\/www.24baires.com\/wp-content\/uploads\/2019\/05\/alberto-cristina-fernandez-merlo.jpg?resize=350%2C200 1x, https:\/\/i0.wp.com\/www.24baires.com\/wp-content\/uploads\/2019\/05\/alberto-cristina-fernandez-merlo.jpg?resize=525%2C300 1.5x"},"classes":[]}],"jetpack_sharing_enabled":true,"jetpack_likes_enabled":true,"jetpack_featured_media_url":"","_links":{"self":[{"href":"http:\/\/www.24baires.com\/index.php?rest_route=\/wp\/v2\/posts\/68216","targetHints":{"allow":["GET"]}}],"collection":[{"href":"http:\/\/www.24baires.com\/index.php?rest_route=\/wp\/v2\/posts"}],"about":[{"href":"http:\/\/www.24baires.com\/index.php?rest_route=\/wp\/v2\/types\/post"}],"author":[{"embeddable":true,"href":"http:\/\/www.24baires.com\/index.php?rest_route=\/wp\/v2\/users\/4"}],"replies":[{"embeddable":true,"href":"http:\/\/www.24baires.com\/index.php?rest_route=%2Fwp%2Fv2%2Fcomments&post=68216"}],"version-history":[{"count":1,"href":"http:\/\/www.24baires.com\/index.php?rest_route=\/wp\/v2\/posts\/68216\/revisions"}],"predecessor-version":[{"id":68217,"href":"http:\/\/www.24baires.com\/index.php?rest_route=\/wp\/v2\/posts\/68216\/revisions\/68217"}],"wp:attachment":[{"href":"http:\/\/www.24baires.com\/index.php?rest_route=%2Fwp%2Fv2%2Fmedia&parent=68216"}],"wp:term":[{"taxonomy":"category","embeddable":true,"href":"http:\/\/www.24baires.com\/index.php?rest_route=%2Fwp%2Fv2%2Fcategories&post=68216"},{"taxonomy":"post_tag","embeddable":true,"href":"http:\/\/www.24baires.com\/index.php?rest_route=%2Fwp%2Fv2%2Ftags&post=68216"}],"curies":[{"name":"wp","href":"https:\/\/api.w.org\/{rel}","templated":true}]}}