{"id":68195,"date":"2015-06-26T19:00:31","date_gmt":"2015-06-26T22:00:31","guid":{"rendered":"http:\/\/www.24baires.com\/?p=68195"},"modified":"2015-06-26T15:04:10","modified_gmt":"2015-06-26T18:04:10","slug":"grave-denuncia-contra-lousteau-lo-acusan-de-financiar-su-candidatura-con-fondos-de-la-uba","status":"publish","type":"post","link":"http:\/\/www.24baires.com\/?p=68195","title":{"rendered":"Grave denuncia contra Lousteau: lo acusan de financiar su candidatura con fondos de la UBA"},"content":{"rendered":"<p><img data-recalc-dims=\"1\" loading=\"lazy\" decoding=\"async\" class=\"aligncenter size-full wp-image-42960\" src=\"https:\/\/i0.wp.com\/www.24baires.com\/wp-content\/uploads\/2014\/03\/lousteau.jpg?resize=560%2C343\" alt=\"lousteau\" width=\"560\" height=\"343\" srcset=\"https:\/\/i0.wp.com\/www.24baires.com\/wp-content\/uploads\/2014\/03\/lousteau.jpg?w=560 560w, https:\/\/i0.wp.com\/www.24baires.com\/wp-content\/uploads\/2014\/03\/lousteau.jpg?resize=300%2C183 300w\" sizes=\"auto, (max-width: 560px) 100vw, 560px\" \/>Los periodistas Gustavo Sylvestre y Alejandro Bercovich presentaron un informe en donde denuncian una supuesta \u00abtrama de corrupci\u00f3n oculta para financiar con fondos de la UBA la candidatura de Mart\u00edn Lousteau\u00bb. Los acusados son important\u00edsimos funcionarios de la facultad, dirigentes de la UCR y vinculados al PRO.<!--more--><\/p>\n<p>\u00bfDe d\u00f3nde salen \u201clas decenas de millones de pesos en una campa\u00f1a de esta magnitud\u201d? \u00bfC\u00f3mo se conectan la corrupci\u00f3n en la UBA y el vaciamiento del Hospital de Cl\u00ednicas con la campa\u00f1a de Lousteau?, son dos preguntas que se hicieron los periodistas de C5N, en un informe presentado ayer en el programa Minuto Uno.<br \/>\nEmiliano Yacobitti, secretario de Hacienda de la UBA y Presidente de la UCR porte\u00f1a es uno de los principales impulsores de la candidatura de Lousteau para jefe de Gobierno: ayer se lo pudo ver sentado pr\u00f3ximo al candidato a vicepresidente radical Lucas Llach, en la tribuna del debate de la Ciudad de Buenos Aires organizado por el programa de televisi\u00f3n A dos Voces, de la se\u00f1al de cable, TN.<\/p>\n<p>En su informe, los periodistas denuncian que \u201cLa UBA es el bot\u00edn que un grupo de dirigentes se viene repartiendo hace 20 a\u00f1os con testaferros, empresas fantasmas e insumos que no llegan\u201d. A Yacobitti lo acusan de ser socio a trav\u00e9s de terceras empresas y testaferros del ex decano de la Facultad de Ciencias Econ\u00f3micas Jos\u00e9 Luis Giusti, quien debi\u00f3 renunciar hace menos de dos meses a su cargo luego de que su mujer lo denunciara por violencia de g\u00e9nero, lesiones y presunto enriquecimiento il\u00edcito. Giusti antes de llegar al decanato fue secretario de Hacienda de la UBA, auditor porte\u00f1o y candidato a legislador por la CABA del PRO.<\/p>\n<p>La denuncia presentada relaciona a Giusti a trav\u00e9s de terceras personas, con el secretario de Hacienda de la UBA, Emiliano Yacobitti y el ex director de asistencia t\u00e9cnica y pasant\u00edas de la FCE, Gast\u00f3n Ricardo, en media docena de empresas que son a su vez accionistas de otras.<\/p>\n<p>El epicentro de la denuncia presentada por los periodistas surge de una presunta desviaci\u00f3n de fondos del Hospital de Cl\u00ednicas a trav\u00e9s de Medipack S.A, empresa farmac\u00e9utica que provee de insumos al hospital y \u201cle factura millones\u201d, y que en el informe, la vinculan a Yacobitti, y a Giusti, a trav\u00e9s de otros actores que median como terceros en la supuesta asociaci\u00f3n il\u00edcita. Un empleado del Hospital advierte al ser consultado por Bercovich \u201cel estado calamitoso en que se encuentra el Cl\u00ednicas, con ascensores que no funcionan, falta de insumos y falta de higiene\u201d. El funcionario Leopoldo Douglas Bordoli ex gerente administrativo del Hospital abandon\u00f3 casualmente su cargo luego de la renuncia de Giusti: \u201clas decisiones de compra pasaban todas por \u00e9l\u201d denuncia el empleado entrevistado en el informe.<\/p>\n<p>Los periodistas de C5N se preguntan c\u00f3mo hizo Giusti para comprar una mansi\u00f3n en el club de golf Estancias del Pilar tasada en 700.000 d\u00f3lares, o su piso en Arenales y Suipacha tasado en 1 mill\u00f3n de d\u00f3lares. \u201cEs un engranaje clave en la maquinaria montada por estos funcionarios de la UBA para hacer negocios con la propia UBA\u201d sostienen. A su vez, Sylvestre pregunt\u00f3 c\u00f3mo es posible que el rector de la UBA, Alberto Barbieri, no est\u00e9 al tanto de estos \u201cgrav\u00edsimos hechos que involucran a uno de sus principales funcionarios, Emiliano Yacobitti, quien es el secretario de Hacienda del rectorado de la UBA\u201d<\/p>\n<p>Por \u00faltimo, los periodistas tambi\u00e9n se preguntaron c\u00f3mo es posible que la dirigente Graciela Oca\u00f1a, quien en reiteradas oportunidades denunci\u00f3 esc\u00e1ndalos de corrupci\u00f3n y desviaci\u00f3n de fondos en las obras sociales, haya colado dirigentes propios en la lista de Mart\u00edn Lousteau, lista que incluye varios dirigentes ligados a este \u201centramado de corrupci\u00f3n\u201d.<\/p>\n<p>Adem\u00e1s en el programa de C5N destacaron que Lousteau hizo de la lucha contra la corrupci\u00f3n una de sus banderas, y que deber\u00e1 dar explicaciones por estas grav\u00edsimas denuncias contra los funcionarios que sostienen su candidatura.<\/p>\n<p>&nbsp;<\/p>\n<p>&nbsp;<\/p>\n<p>&nbsp;<\/p>\n<p>&nbsp;<\/p>\n<p>&nbsp;<\/p>\n<p>&nbsp;<\/p>\n<p>&nbsp;<\/p>\n<p>&nbsp;<\/p>\n<p>&nbsp;<\/p>\n<p>&nbsp;<\/p>\n<p>&nbsp;<\/p>\n<p>&nbsp;<\/p>\n<p>&nbsp;<\/p>\n<p>&nbsp;<\/p>\n<p>&nbsp;<\/p>\n<p>&nbsp;<\/p>\n<p>&nbsp;<\/p>\n","protected":false},"excerpt":{"rendered":"<p>Los periodistas Gustavo Sylvestre y Alejandro Bercovich presentaron un informe en donde denuncian una supuesta \u00abtrama de corrupci\u00f3n oculta para financiar con fondos de la UBA la candidatura de Mart\u00edn Lousteau\u00bb. Los acusados son important\u00edsimos funcionarios de la facultad, dirigentes de la UCR y vinculados al PRO.<\/p>\n","protected":false},"author":4,"featured_media":0,"comment_status":"open","ping_status":"open","sticky":false,"template":"","format":"standard","meta":{"_jetpack_newsletter_access":"","_jetpack_dont_email_post_to_subs":false,"_jetpack_newsletter_tier_id":0,"_jetpack_memberships_contains_paywalled_content":false,"_jetpack_memberships_contains_paid_content":false,"footnotes":""},"categories":[51],"tags":[],"class_list":["post-68195","post","type-post","status-publish","format-standard","hentry","category-politica"],"jetpack_shortlink":"https:\/\/wp.me\/p2JWE0-hJV","jetpack-related-posts":[{"id":106260,"url":"http:\/\/www.24baires.com\/?p=106260","url_meta":{"origin":68195,"position":0},"title":"Cambiemos a\u00fan no define qui\u00e9n ser\u00e1 su pr\u00f3ximo candidato a Presidente","author":"AF","date":"08\/01\/2019","format":false,"excerpt":"Ricardo Alfons\u00edn advirti\u00f3 que Mauricio Macri no es el \"candidato natural\" del oficialismo, como hab\u00eda se\u00f1alado el titular del PRO, Humberto Schiavoni. Mart\u00edn Lousteau tambi\u00e9n plantea la posibilidad de enfrentar al Presidente en una interna. El dirigente radical Ricardo Alfons\u00edn cruz\u00f3 al presidente del PRO, Humberto Schiavoni, quien hab\u00eda planteado\u2026","rel":"","context":"En \u00abPol\u00edtica\u00bb","block_context":{"text":"Pol\u00edtica","link":"http:\/\/www.24baires.com\/?cat=51"},"img":{"alt_text":"","src":"https:\/\/i0.wp.com\/www.24baires.com\/wp-content\/uploads\/2018\/10\/MACRI-IDEA.jpg?resize=350%2C200","width":350,"height":200,"srcset":"https:\/\/i0.wp.com\/www.24baires.com\/wp-content\/uploads\/2018\/10\/MACRI-IDEA.jpg?resize=350%2C200 1x, https:\/\/i0.wp.com\/www.24baires.com\/wp-content\/uploads\/2018\/10\/MACRI-IDEA.jpg?resize=525%2C300 1.5x"},"classes":[]},{"id":106925,"url":"http:\/\/www.24baires.com\/?p=106925","url_meta":{"origin":68195,"position":1},"title":"Vidal prolonga el misterio sobre qui\u00e9n ser\u00e1 su vice","author":"AF","date":"20\/02\/2019","format":false,"excerpt":"La gobernadora Mar\u00eda Eugenia Vidal prolong\u00f3 hoy, en una reuni\u00f3n con Senadores, el misterio el torno a la candidatura a vicegobernador bonaerense al se\u00f1alar que esa categor\u00eda no est\u00e1 definida en Naci\u00f3n, provincia no en la Ciudad Aut\u00f3noma, al tiempo que advirti\u00f3 que esa precisi\u00f3n podr\u00eda llegar \"a \u00faltimo momento\".\u2026","rel":"","context":"En \u00abPol\u00edtica\u00bb","block_context":{"text":"Pol\u00edtica","link":"http:\/\/www.24baires.com\/?cat=51"},"img":{"alt_text":"","src":"https:\/\/i0.wp.com\/www.24baires.com\/wp-content\/uploads\/2019\/01\/vidal.jpg?resize=350%2C200","width":350,"height":200,"srcset":"https:\/\/i0.wp.com\/www.24baires.com\/wp-content\/uploads\/2019\/01\/vidal.jpg?resize=350%2C200 1x, https:\/\/i0.wp.com\/www.24baires.com\/wp-content\/uploads\/2019\/01\/vidal.jpg?resize=525%2C300 1.5x"},"classes":[]},{"id":58919,"url":"http:\/\/www.24baires.com\/?p=58919","url_meta":{"origin":68195,"position":2},"title":"Desde UNEN acusan a Lousteau de ser \u00abinfiltrado\u00bb del PRO","author":"Grupo Sierra","date":"20\/12\/2014","format":false,"excerpt":"Luego del lanzamiento de su candidatura a Jefe de Gobierno, su rival dentro del FAU asegur\u00f3 que \"acord\u00f3 para apoyar al macrismo tras las PASO\". El precandidato a jefe de gobierno por el Frente Amplio Unen (FAU), Sergio Abrevaya, acus\u00f3 a su adversario interno Mart\u00edn Lousteau de haber sellado un\u2026","rel":"","context":"En \u00abElecciones 2015\u00bb","block_context":{"text":"Elecciones 2015","link":"http:\/\/www.24baires.com\/?cat=74"},"img":{"alt_text":"lousteau","src":"https:\/\/i0.wp.com\/www.24baires.com\/wp-content\/uploads\/2014\/03\/lousteau.jpg?resize=350%2C200","width":350,"height":200,"srcset":"https:\/\/i0.wp.com\/www.24baires.com\/wp-content\/uploads\/2014\/03\/lousteau.jpg?resize=350%2C200 1x, https:\/\/i0.wp.com\/www.24baires.com\/wp-content\/uploads\/2014\/03\/lousteau.jpg?resize=525%2C300 1.5x"},"classes":[]},{"id":121769,"url":"http:\/\/www.24baires.com\/?p=121769","url_meta":{"origin":68195,"position":3},"title":"Se rompi\u00f3 la UCR: 12 diputados formar\u00e1n una nueva bancada en el Congreso","author":"GB","date":"24\/10\/2024","format":false,"excerpt":"El quiebre en la UCR se formaliz\u00f3 luego de la reuni\u00f3n de algunos diputados con el oficialismo. Manes-Lousteau por un lado, Rodrigo de Loredo por el otro. Finalmente el bloque de la Uni\u00f3n C\u00edvica Radical (UCR) en Diputados se fractur\u00f3 con la confirmaci\u00f3n de la salida de 12 legisladores que\u2026","rel":"","context":"En \u00abPol\u00edtica\u00bb","block_context":{"text":"Pol\u00edtica","link":"http:\/\/www.24baires.com\/?cat=51"},"img":{"alt_text":"","src":"https:\/\/i0.wp.com\/www.24baires.com\/wp-content\/uploads\/2024\/10\/ruptura-ucr.webp?resize=350%2C200","width":350,"height":200,"srcset":"https:\/\/i0.wp.com\/www.24baires.com\/wp-content\/uploads\/2024\/10\/ruptura-ucr.webp?resize=350%2C200 1x, https:\/\/i0.wp.com\/www.24baires.com\/wp-content\/uploads\/2024\/10\/ruptura-ucr.webp?resize=525%2C300 1.5x, https:\/\/i0.wp.com\/www.24baires.com\/wp-content\/uploads\/2024\/10\/ruptura-ucr.webp?resize=700%2C400 2x"},"classes":[]},{"id":121364,"url":"http:\/\/www.24baires.com\/?p=121364","url_meta":{"origin":68195,"position":4},"title":"El financiamiento de las universidades vuelve a la C\u00e1mara de Diputados","author":"GB","date":"21\/05\/2024","format":false,"excerpt":"El radicalismo pidi\u00f3 sesi\u00f3n especial y Uni\u00f3n por la Patria dar\u00e1 qu\u00f3rum, pero con una salvedad. Las universidades vuelven a Diputados. Tras el acuerdo entre el Gobierno Nacional y la UBA, el resto de las universidades pusieron el grito en el cielo. El radicalismo respondi\u00f3 pidiendo una sesi\u00f3n especial en\u2026","rel":"","context":"En \u00abPol\u00edtica\u00bb","block_context":{"text":"Pol\u00edtica","link":"http:\/\/www.24baires.com\/?cat=51"},"img":{"alt_text":"","src":"https:\/\/i0.wp.com\/www.24baires.com\/wp-content\/uploads\/2024\/02\/WhatsApp-Image-2024-02-06-at-22.13.09.jpeg?resize=350%2C200","width":350,"height":200,"srcset":"https:\/\/i0.wp.com\/www.24baires.com\/wp-content\/uploads\/2024\/02\/WhatsApp-Image-2024-02-06-at-22.13.09.jpeg?resize=350%2C200 1x, https:\/\/i0.wp.com\/www.24baires.com\/wp-content\/uploads\/2024\/02\/WhatsApp-Image-2024-02-06-at-22.13.09.jpeg?resize=525%2C300 1.5x, https:\/\/i0.wp.com\/www.24baires.com\/wp-content\/uploads\/2024\/02\/WhatsApp-Image-2024-02-06-at-22.13.09.jpeg?resize=700%2C400 2x"},"classes":[]},{"id":93555,"url":"http:\/\/www.24baires.com\/?p=93555","url_meta":{"origin":68195,"position":5},"title":"Lousteau renunci\u00f3 a la embajada en Estados Unidos","author":"GB","date":"03\/04\/2017","format":false,"excerpt":"En medio del esc\u00e1ndalo por la adquisici\u00f3n de armamento al pa\u00eds del norte, el ahora ex embajador busca despegarse de la pol\u00e9mica cuando confirm\u00f3 su candidatura en la Ciudad de Buenos Aires. Fuentes gubernamentales le confirmaron a Pol\u00edtica Argentina que Mart\u00edn Lousteau renunci\u00f3 a su cargo al frente de la\u2026","rel":"","context":"En \u00abPol\u00edtica\u00bb","block_context":{"text":"Pol\u00edtica","link":"http:\/\/www.24baires.com\/?cat=51"},"img":{"alt_text":"","src":"https:\/\/i0.wp.com\/www.24baires.com\/wp-content\/uploads\/2014\/03\/lousteau.jpg?resize=350%2C200","width":350,"height":200,"srcset":"https:\/\/i0.wp.com\/www.24baires.com\/wp-content\/uploads\/2014\/03\/lousteau.jpg?resize=350%2C200 1x, https:\/\/i0.wp.com\/www.24baires.com\/wp-content\/uploads\/2014\/03\/lousteau.jpg?resize=525%2C300 1.5x"},"classes":[]}],"jetpack_sharing_enabled":true,"jetpack_likes_enabled":true,"jetpack_featured_media_url":"","_links":{"self":[{"href":"http:\/\/www.24baires.com\/index.php?rest_route=\/wp\/v2\/posts\/68195","targetHints":{"allow":["GET"]}}],"collection":[{"href":"http:\/\/www.24baires.com\/index.php?rest_route=\/wp\/v2\/posts"}],"about":[{"href":"http:\/\/www.24baires.com\/index.php?rest_route=\/wp\/v2\/types\/post"}],"author":[{"embeddable":true,"href":"http:\/\/www.24baires.com\/index.php?rest_route=\/wp\/v2\/users\/4"}],"replies":[{"embeddable":true,"href":"http:\/\/www.24baires.com\/index.php?rest_route=%2Fwp%2Fv2%2Fcomments&post=68195"}],"version-history":[{"count":2,"href":"http:\/\/www.24baires.com\/index.php?rest_route=\/wp\/v2\/posts\/68195\/revisions"}],"predecessor-version":[{"id":68198,"href":"http:\/\/www.24baires.com\/index.php?rest_route=\/wp\/v2\/posts\/68195\/revisions\/68198"}],"wp:attachment":[{"href":"http:\/\/www.24baires.com\/index.php?rest_route=%2Fwp%2Fv2%2Fmedia&parent=68195"}],"wp:term":[{"taxonomy":"category","embeddable":true,"href":"http:\/\/www.24baires.com\/index.php?rest_route=%2Fwp%2Fv2%2Fcategories&post=68195"},{"taxonomy":"post_tag","embeddable":true,"href":"http:\/\/www.24baires.com\/index.php?rest_route=%2Fwp%2Fv2%2Ftags&post=68195"}],"curies":[{"name":"wp","href":"https:\/\/api.w.org\/{rel}","templated":true}]}}