{"id":68186,"date":"2015-06-26T17:00:59","date_gmt":"2015-06-26T20:00:59","guid":{"rendered":"http:\/\/www.24baires.com\/?p=68186"},"modified":"2015-06-26T14:06:01","modified_gmt":"2015-06-26T17:06:01","slug":"tras-las-criticas-de-cristina-el-pro-defendio-a-sus-globos","status":"publish","type":"post","link":"http:\/\/www.24baires.com\/?p=68186","title":{"rendered":"Tras las cr\u00edticas de Cristina, el PRO defendi\u00f3 a sus globos"},"content":{"rendered":"<p><img data-recalc-dims=\"1\" loading=\"lazy\" decoding=\"async\" class=\"aligncenter size-full wp-image-68187\" src=\"https:\/\/i0.wp.com\/www.24baires.com\/wp-content\/uploads\/2015\/06\/globo-pro.jpg?resize=560%2C373\" alt=\"globo pro\" width=\"560\" height=\"373\" srcset=\"https:\/\/i0.wp.com\/www.24baires.com\/wp-content\/uploads\/2015\/06\/globo-pro.jpg?w=560 560w, https:\/\/i0.wp.com\/www.24baires.com\/wp-content\/uploads\/2015\/06\/globo-pro.jpg?resize=300%2C200 300w\" sizes=\"auto, (max-width: 560px) 100vw, 560px\" \/>El secretario de Gobierno de la Ciudad, Marcos Pe\u00f1a, sostuvo que el macrismo propone otra \u201cforma de ver la vida\u201d y un v\u00ednculo pol\u00edtico \u201ca partir de algo alegre y colorido\u201d como esos objetos. <!--more--><\/p>\n<p>Luego de que la presidenta Cristina Fern\u00e1ndez de Kirchner dijera ayer que \u201cno se gobierna con globitos y chamuyo, sino con n\u00fameros y gesti\u00f3n\u201d en alusi\u00f3n indirecta a los objetos utilizados por el PRO para hacer campa\u00f1a por la Ciudad, desde el macrismo salieron a responderle. El encargado de hablar fue Marcos Pe\u00f1a, el secretario de Gobierno que perdi\u00f3 la disputa interna con Gabriela Michetti para ser el candidato a vicepresidente de Mauricio Macri.<\/p>\n<p>\u201cCoincidimos totalmente con la Presidenta, no sabemos si darnos por aludidos o pensar que est\u00e1 proyectando por ah\u00ed algo que le d\u00e9 culpa. Nosotros estamos muy tranquilos, gestionando y mostrando resultados concretos y mejoras de la vida de los porte\u00f1os\u201d, ironiz\u00f3 esta ma\u00f1ana en FM Millenium.<\/p>\n<p>Tras la broma, Marcos Pe\u00f1a ensay\u00f3 una encendida defensa de los globos como modo de organizar una campa\u00f1a. \u00abMe llama la atenci\u00f3n c\u00f3mo se han transformado los globos, como si fueran una amenaza para el sistema pol\u00edtico. Est\u00e1 claro que evidentemente genera alg\u00fan tipo de amenaza para una dirigencia pol\u00edtica que se ha acostumbrado al doble discurso y a la pol\u00edtica como un drama, una tristeza\u2026\u201d, afirm\u00f3.<\/p>\n<p>Y fue por m\u00e1s: \u00abNosotros creemos que lo que se discute no son s\u00f3lo modelos pol\u00edticos sino formas de ver la vida. Y el poder vincularse a partir de la alegr\u00eda y algo lindo y colorido y que despierte una sonrisa, que escuchamos en cada esquina del pa\u00eds cuando repartimos los globos, porque ven que les da alguna alegr\u00eda la pol\u00edtica. Por lo menos un globo, algo que les sirve\u201d.<\/p>\n<p>\u00abEl PRO genera un anticuerpo, como si fu\u00e9ramos una gran amenaza para algunos pol\u00edticos que llevan mucho tiempo en el poder y que no quieren que se abra el sistema pol\u00edtico\u00bb, concluy\u00f3 el funcionario macrista.<\/p>\n<p>&nbsp;<\/p>\n<p>&nbsp;<\/p>\n<p>&nbsp;<\/p>\n<p>&nbsp;<\/p>\n<p>&nbsp;<\/p>\n<p>&nbsp;<\/p>\n<p>&nbsp;<\/p>\n<p>&nbsp;<\/p>\n<p>&nbsp;<\/p>\n<p>&nbsp;<\/p>\n<p>&nbsp;<\/p>\n<p>&nbsp;<\/p>\n<p>&nbsp;<\/p>\n","protected":false},"excerpt":{"rendered":"<p>El secretario de Gobierno de la Ciudad, Marcos Pe\u00f1a, sostuvo que el macrismo propone otra \u201cforma de ver la vida\u201d y un v\u00ednculo pol\u00edtico \u201ca partir de algo alegre y colorido\u201d como esos objetos.<\/p>\n","protected":false},"author":4,"featured_media":0,"comment_status":"open","ping_status":"open","sticky":false,"template":"","format":"standard","meta":{"_jetpack_newsletter_access":"","_jetpack_dont_email_post_to_subs":false,"_jetpack_newsletter_tier_id":0,"_jetpack_memberships_contains_paywalled_content":false,"_jetpack_memberships_contains_paid_content":false,"footnotes":""},"categories":[51],"tags":[],"class_list":["post-68186","post","type-post","status-publish","format-standard","hentry","category-politica"],"jetpack_shortlink":"https:\/\/wp.me\/p2JWE0-hJM","jetpack-related-posts":[{"id":117629,"url":"http:\/\/www.24baires.com\/?p=117629","url_meta":{"origin":68186,"position":0},"title":"Revelan conexiones de Patricia Bullrich con procesados por espionaje ilegal","author":"AF","date":"27\/05\/2021","format":false,"excerpt":"El an\u00e1lisis de los registros de ingreso al ministerio de Seguridad durante el macrismo revela que todos los procesados por espionaje ilegal se reun\u00edan de manera asidua con Bullrich. La presidenta del PRO Patricia Bullrich, mantuvo reuniones durante su gesti\u00f3n como ministra de Seguridad de la Naci\u00f3n durante el gobierno\u2026","rel":"","context":"En \u00abPol\u00edtica\u00bb","block_context":{"text":"Pol\u00edtica","link":"http:\/\/www.24baires.com\/?cat=51"},"img":{"alt_text":"","src":"https:\/\/i0.wp.com\/www.24baires.com\/wp-content\/uploads\/2020\/09\/bullrich-anticuarentena.jpg?resize=350%2C200","width":350,"height":200,"srcset":"https:\/\/i0.wp.com\/www.24baires.com\/wp-content\/uploads\/2020\/09\/bullrich-anticuarentena.jpg?resize=350%2C200 1x, https:\/\/i0.wp.com\/www.24baires.com\/wp-content\/uploads\/2020\/09\/bullrich-anticuarentena.jpg?resize=525%2C300 1.5x"},"classes":[]},{"id":107485,"url":"http:\/\/www.24baires.com\/?p=107485","url_meta":{"origin":68186,"position":1},"title":"Macri convoc\u00f3 a los radicales a reunirse en Casa Rosada de cara a las elecciones","author":"AF","date":"02\/04\/2019","format":false,"excerpt":"El Presidente cit\u00f3 a la plana mayor de la UCR para la pr\u00f3xima semana. Asistir\u00e1n los gobernadores Cornejo, Morales y Vald\u00e9s, entre otros. Fuentes del Comit\u00e9 Nacional desmintieron que les hayan ofrecido la candidatura a vicepresidente. Atravesado por la crisis econ\u00f3mica y necesitado de mostrar fortaleza y unidad en el\u2026","rel":"","context":"En \u00abPol\u00edtica\u00bb","block_context":{"text":"Pol\u00edtica","link":"http:\/\/www.24baires.com\/?cat=51"},"img":{"alt_text":"","src":"https:\/\/i0.wp.com\/www.24baires.com\/wp-content\/uploads\/2019\/04\/macri.jpg?resize=350%2C200","width":350,"height":200,"srcset":"https:\/\/i0.wp.com\/www.24baires.com\/wp-content\/uploads\/2019\/04\/macri.jpg?resize=350%2C200 1x, https:\/\/i0.wp.com\/www.24baires.com\/wp-content\/uploads\/2019\/04\/macri.jpg?resize=525%2C300 1.5x"},"classes":[]},{"id":112866,"url":"http:\/\/www.24baires.com\/?p=112866","url_meta":{"origin":68186,"position":2},"title":"Alberto advirti\u00f3 sobre \u00abla situaci\u00f3n cr\u00edtica que deja el macrismo\u00bb","author":"AF","date":"05\/11\/2019","format":false,"excerpt":"El presidente electo habl\u00f3 sobre la herencia econ\u00f3mica que recibir\u00e1 y rechaz\u00f3 el informe que elabor\u00f3 el gobierno de Macri, \"La crisis de deuda que hoy tenemos hace cuatro a\u00f1os no exist\u00eda y es producto de la gran inoperancia del gobierno\", replic\u00f3 Fern\u00e1ndez. El presidente electo, Alberto Fern\u00e1ndez, subray\u00f3 que\u2026","rel":"","context":"En \u00abPol\u00edtica\u00bb","block_context":{"text":"Pol\u00edtica","link":"http:\/\/www.24baires.com\/?cat=51"},"img":{"alt_text":"","src":"https:\/\/i0.wp.com\/www.24baires.com\/wp-content\/uploads\/2019\/10\/alberto1.jpeg?resize=350%2C200","width":350,"height":200,"srcset":"https:\/\/i0.wp.com\/www.24baires.com\/wp-content\/uploads\/2019\/10\/alberto1.jpeg?resize=350%2C200 1x, https:\/\/i0.wp.com\/www.24baires.com\/wp-content\/uploads\/2019\/10\/alberto1.jpeg?resize=525%2C300 1.5x"},"classes":[]},{"id":62803,"url":"http:\/\/www.24baires.com\/?p=62803","url_meta":{"origin":68186,"position":3},"title":"Jorge Macri le pidi\u00f3 a los j\u00f3venes PRO que militen como La C\u00e1mpora","author":"GB","date":"07\/03\/2015","format":false,"excerpt":"VICENTE L\u00d3PEZ-El intendente de Vicente L\u00f3pez les pidi\u00f3 a los j\u00f3venes del PRO que militen como lo hacen los militantes de La C\u00e1mpora y desat\u00f3 la pol\u00e9mica dentro del macrismo y tambi\u00e9n en el kirchnerismo, desde donde salieron al cruce del jefe comunal macrista. El intendente de Vicente L\u00f3pez, Jorge\u2026","rel":"","context":"En \u00abPol\u00edtica\u00bb","block_context":{"text":"Pol\u00edtica","link":"http:\/\/www.24baires.com\/?cat=51"},"img":{"alt_text":"macri jorge","src":"https:\/\/i0.wp.com\/www.24baires.com\/wp-content\/uploads\/2014\/03\/macri-jorge.jpg?resize=350%2C200","width":350,"height":200,"srcset":"https:\/\/i0.wp.com\/www.24baires.com\/wp-content\/uploads\/2014\/03\/macri-jorge.jpg?resize=350%2C200 1x, https:\/\/i0.wp.com\/www.24baires.com\/wp-content\/uploads\/2014\/03\/macri-jorge.jpg?resize=525%2C300 1.5x"},"classes":[]},{"id":113184,"url":"http:\/\/www.24baires.com\/?p=113184","url_meta":{"origin":68186,"position":4},"title":"Kicillof ya defini\u00f3 parte de su gabinete","author":"AF","date":"28\/11\/2019","format":false,"excerpt":"Mientras define a sus colaboradores, el gobernador electo analiza postergar su asunci\u00f3n para el 11 de diciembre, para que no se superponga con el traspaso del mando presidencial. El gobernador electo de la provincia de Buenos Aires, Axel Kicillof, le da los \u00faltimos toques a su plan de gobierno y\u2026","rel":"","context":"En \u00abPol\u00edtica\u00bb","block_context":{"text":"Pol\u00edtica","link":"http:\/\/www.24baires.com\/?cat=51"},"img":{"alt_text":"","src":"https:\/\/i0.wp.com\/www.24baires.com\/wp-content\/uploads\/2019\/11\/kicillof.jpg?resize=350%2C200","width":350,"height":200,"srcset":"https:\/\/i0.wp.com\/www.24baires.com\/wp-content\/uploads\/2019\/11\/kicillof.jpg?resize=350%2C200 1x, https:\/\/i0.wp.com\/www.24baires.com\/wp-content\/uploads\/2019\/11\/kicillof.jpg?resize=525%2C300 1.5x"},"classes":[]},{"id":22560,"url":"http:\/\/www.24baires.com\/?p=22560","url_meta":{"origin":68186,"position":5},"title":"Moyano se enoj\u00f3 con el macrismo por algunas cr\u00edticas y se acord\u00f3 de la represi\u00f3n del Borda","author":"Grupo Sierra","date":"03\/05\/2013","format":false,"excerpt":"El Secretario General de la CGT opositora, Hugo Moyano, mostr\u00f3 hoy su disconformidad por la reacci\u00f3n del macrismo ante la foto de dirigentes opositores durante los festejos del 1 de Mayo en la provincia de C\u00f3rdoba. Moyano tambi\u00e9n reprob\u00f3 la \u201crepresi\u00f3n\u201d del gobierno de la Ciudad en el hospital Borda,\u2026","rel":"","context":"En \u00abPol\u00edtica\u00bb","block_context":{"text":"Pol\u00edtica","link":"http:\/\/www.24baires.com\/?cat=51"},"img":{"alt_text":"","src":"https:\/\/i0.wp.com\/www.24baires.com\/wp-content\/uploads\/2013\/05\/moyano-de-la-sota.jpg?resize=350%2C200","width":350,"height":200},"classes":[]}],"jetpack_sharing_enabled":true,"jetpack_likes_enabled":true,"jetpack_featured_media_url":"","_links":{"self":[{"href":"http:\/\/www.24baires.com\/index.php?rest_route=\/wp\/v2\/posts\/68186","targetHints":{"allow":["GET"]}}],"collection":[{"href":"http:\/\/www.24baires.com\/index.php?rest_route=\/wp\/v2\/posts"}],"about":[{"href":"http:\/\/www.24baires.com\/index.php?rest_route=\/wp\/v2\/types\/post"}],"author":[{"embeddable":true,"href":"http:\/\/www.24baires.com\/index.php?rest_route=\/wp\/v2\/users\/4"}],"replies":[{"embeddable":true,"href":"http:\/\/www.24baires.com\/index.php?rest_route=%2Fwp%2Fv2%2Fcomments&post=68186"}],"version-history":[{"count":1,"href":"http:\/\/www.24baires.com\/index.php?rest_route=\/wp\/v2\/posts\/68186\/revisions"}],"predecessor-version":[{"id":68188,"href":"http:\/\/www.24baires.com\/index.php?rest_route=\/wp\/v2\/posts\/68186\/revisions\/68188"}],"wp:attachment":[{"href":"http:\/\/www.24baires.com\/index.php?rest_route=%2Fwp%2Fv2%2Fmedia&parent=68186"}],"wp:term":[{"taxonomy":"category","embeddable":true,"href":"http:\/\/www.24baires.com\/index.php?rest_route=%2Fwp%2Fv2%2Fcategories&post=68186"},{"taxonomy":"post_tag","embeddable":true,"href":"http:\/\/www.24baires.com\/index.php?rest_route=%2Fwp%2Fv2%2Ftags&post=68186"}],"curies":[{"name":"wp","href":"https:\/\/api.w.org\/{rel}","templated":true}]}}