{"id":68123,"date":"2015-06-25T14:36:48","date_gmt":"2015-06-25T17:36:48","guid":{"rendered":"http:\/\/www.24baires.com\/?p=68123"},"modified":"2015-06-26T10:45:09","modified_gmt":"2015-06-26T13:45:09","slug":"cristina-el-pais-no-se-gobierna-con-globitos-sino-con-numeros-y-gestion","status":"publish","type":"post","link":"http:\/\/www.24baires.com\/?p=68123","title":{"rendered":"Cristina: \u00abEl pa\u00eds no se gobierna con globitos sino con n\u00fameros y gesti\u00f3n\u00bb"},"content":{"rendered":"<p><img data-recalc-dims=\"1\" loading=\"lazy\" decoding=\"async\" class=\"aligncenter size-full wp-image-68124\" src=\"https:\/\/i0.wp.com\/www.24baires.com\/wp-content\/uploads\/2015\/06\/cristinaa.jpg?resize=560%2C262\" alt=\"cristinaa\" width=\"560\" height=\"262\" srcset=\"https:\/\/i0.wp.com\/www.24baires.com\/wp-content\/uploads\/2015\/06\/cristinaa.jpg?w=560 560w, https:\/\/i0.wp.com\/www.24baires.com\/wp-content\/uploads\/2015\/06\/cristinaa.jpg?resize=300%2C140 300w\" sizes=\"auto, (max-width: 560px) 100vw, 560px\" \/>Lo afirm\u00f3 la Presidenta por cadena nacional desde La Pampa donde hoy, junto a Scioli y Zannini, inaugur\u00f3 obras.<!--more--><\/p>\n<p>Cristina afirm\u00f3 hoy que \u00abel desarrollo del pa\u00eds no pueden estar a tiro de un decreto privatizador\u201d.<\/p>\n<p>\u201cLa discusi\u00f3n del desarrollo y la ciencia de las empresas de los argentinos no puede estar a tiro de decreto de ning\u00fan gobierno. Eso ya no podr\u00e1 hacerse. Cada privatizaci\u00f3n que contemple este aspecto deber\u00e1 discutirse en el Congreso\u201d, se\u00f1al\u00f3 la jefa de Estado.<\/p>\n<p>\u00abLa pol\u00edtica no puede ser una calesita donde siempre giran los mismos caballitos. Debe ser recambio, renovacion, formaci\u00f3n de cuadros, de nuevos dirigentes. Nuestro movimiento, no s\u00f3lo el FpV, el peronismo, la pol\u00edtica del pa\u00eds necesita la formaci\u00f3n de nuevos cuadros nacionales, populares y democr\u00e1ticos\u00bb, enfatiz\u00f3.<\/p>\n<p>La inauguraci\u00f3n de obras. Tras la inauguraci\u00f3n de obras en varios puntos del pa\u00eds, la Presidenta destac\u00f3 la funci\u00f3n de la transmisi\u00f3n de las mismas por cadena nacional: \u00abNos estamos conectando a trav\u00e9s de videoconferencias con el resto del pa\u00eds. Algunos creyeron ver en este sistema de videoconferencias una suerte de conectividad, de anunciar al mismo tiempo distintas inauguraciones, actos, gestiones, pol\u00edticas de gobierno. Pero no es s\u00f3lo eso, es la visi\u00f3n federal e integral que este esapcio y el Gobierno tiene del pa\u00eds\u00bb, sostuvo.<\/p>\n<p>La jefa de Estado, a trav\u00e9s de una videoconferencia con el gobernador de La Rioja, Luis Beder Herrera, inaugur\u00f3 el Instituto Regional de Planificaci\u00f3n, Control y Servicios Ambientales, que tiene la misi\u00f3n de realizar estudios ambientales.<\/p>\n<p>Tambi\u00e9n v\u00eda teleconferencia con el ministro de Defensa, Agust\u00edn Rossi, inaugur\u00f3 la F\u00e1brica Militar de Villa Mar\u00eda, C\u00f3rdoba, la renovaci\u00f3n integral del laboratorio qu\u00edmico de esa unidad.<\/p>\n<p>Sobre las inuguraciones en materia tecnol\u00f3gica, la mandataria remarc\u00f3: \u00abCuando se ponen en juego la ciencia y tecnolog\u00eda, el coraz\u00f3n del dearrollo de un pais, el progeso, no puede estar a tiro de decreto, tiene que pasar por el Congreso para ser discutido por todos los espacios pol\u00edticos\u00bb.<\/p>\n<p>Por otro lado, indic\u00f3: \u00abEstamos agregando, con una inversion de m\u00e1s de 53 millones de pesos, una nueva turbina para generar m\u00e1s energ\u00eda, para la industria, el trabajo y para que haya m\u00e1s desarrollo en Tierra del Fuego\u00bb.<\/p>\n<p>\u00abHemos recuperado la Patria\u00bb, destac\u00f3 la Presidenta.<\/p>\n<p>&nbsp;<\/p>\n<p>&nbsp;<\/p>\n<p>&nbsp;<\/p>\n<p>&nbsp;<\/p>\n<p>&nbsp;<\/p>\n<p>&nbsp;<\/p>\n<p>&nbsp;<\/p>\n<p>&nbsp;<\/p>\n<p>&nbsp;<\/p>\n<p>&nbsp;<\/p>\n","protected":false},"excerpt":{"rendered":"<p>Lo afirm\u00f3 la Presidenta por cadena nacional desde La Pampa donde hoy, junto a Scioli y Zannini, inaugur\u00f3 obras.<\/p>\n","protected":false},"author":4,"featured_media":0,"comment_status":"open","ping_status":"open","sticky":false,"template":"","format":"standard","meta":{"_jetpack_newsletter_access":"","_jetpack_dont_email_post_to_subs":false,"_jetpack_newsletter_tier_id":0,"_jetpack_memberships_contains_paywalled_content":false,"_jetpack_memberships_contains_paid_content":false,"footnotes":""},"categories":[51],"tags":[],"class_list":["post-68123","post","type-post","status-publish","format-standard","hentry","category-politica"],"jetpack_shortlink":"https:\/\/wp.me\/p2JWE0-hIL","jetpack-related-posts":[{"id":101833,"url":"http:\/\/www.24baires.com\/?p=101833","url_meta":{"origin":68123,"position":0},"title":"Sentada docente frente a la Casa Rosada para reclamar la apertura de la paritaria nacional","author":"GB","date":"26\/04\/2018","format":false,"excerpt":"Trabajadores de todo el pa\u00eds se situaron sobre Avenida de Mayo para exigirle al Gobierno de Mauricio Macri que vuelva a convocar la paritaria nacional que elimin\u00f3 por decreto a principios de a\u00f1o. \"Siguen conflictos abiertos en gran parte del pa\u00eds y el Gobierno no interviene en las provincias con\u2026","rel":"","context":"En \u00abPol\u00edtica\u00bb","block_context":{"text":"Pol\u00edtica","link":"http:\/\/www.24baires.com\/?cat=51"},"img":{"alt_text":"","src":"https:\/\/i0.wp.com\/www.24baires.com\/wp-content\/uploads\/2018\/04\/sentada.jpg?resize=350%2C200","width":350,"height":200,"srcset":"https:\/\/i0.wp.com\/www.24baires.com\/wp-content\/uploads\/2018\/04\/sentada.jpg?resize=350%2C200 1x, https:\/\/i0.wp.com\/www.24baires.com\/wp-content\/uploads\/2018\/04\/sentada.jpg?resize=525%2C300 1.5x"},"classes":[]},{"id":44511,"url":"http:\/\/www.24baires.com\/?p=44511","url_meta":{"origin":68123,"position":1},"title":"Cristina llam\u00f3 a cuidar los trenes y \u00abvolver a la Argentina que alguna vez fuimos\u00bb","author":"AF","date":"23\/04\/2014","format":false,"excerpt":"La presidenta Cristina Fern\u00e1ndez de Kirchner encabezar\u00f3 este mediod\u00eda el acto de presentaci\u00f3n de nuevas formaciones de la l\u00ednea del ferrocarril San Mart\u00edn, que une la Capital Federal con el noroeste del conurbano, con una inversi\u00f3n de 1.600 millones de d\u00f3lares.\u00a0Adem\u00e1s llam\u00f3 a\u00a0\"distinguir lo concreto, lo real, de los cantos\u2026","rel":"","context":"En \u00abSociedad\u00bb","block_context":{"text":"Sociedad","link":"http:\/\/www.24baires.com\/?cat=1"},"img":{"alt_text":"","src":"https:\/\/i0.wp.com\/www.24baires.com\/wp-content\/uploads\/2014\/04\/cristina.jpg?resize=350%2C200","width":350,"height":200,"srcset":"https:\/\/i0.wp.com\/www.24baires.com\/wp-content\/uploads\/2014\/04\/cristina.jpg?resize=350%2C200 1x, https:\/\/i0.wp.com\/www.24baires.com\/wp-content\/uploads\/2014\/04\/cristina.jpg?resize=525%2C300 1.5x"},"classes":[]},{"id":118317,"url":"http:\/\/www.24baires.com\/?p=118317","url_meta":{"origin":68123,"position":2},"title":"Festejos en Plaza de Mayo y Transporte gratuito","author":"GB","date":"10\/12\/2021","format":false,"excerpt":"Para conmemorar el Dia de la Restauraci\u00f3n de la Democracia, desde el Gobierno realizar\u00e1n actividades en Plaza de Mayo y decretaron que el servicio de transporte p\u00fablico nacional ser\u00e1 gratuito. El Gobierno festejar\u00e1 este D\u00eda de la Democracia en la Plaza de Mayo, con un acto en el que estar\u00e1n\u2026","rel":"","context":"En \u00abPol\u00edtica\u00bb","block_context":{"text":"Pol\u00edtica","link":"http:\/\/www.24baires.com\/?cat=51"},"img":{"alt_text":"","src":"https:\/\/i0.wp.com\/www.24baires.com\/wp-content\/uploads\/2021\/12\/lula_cristina_y_alberto.jpg_1756841869.jpg?resize=350%2C200","width":350,"height":200,"srcset":"https:\/\/i0.wp.com\/www.24baires.com\/wp-content\/uploads\/2021\/12\/lula_cristina_y_alberto.jpg_1756841869.jpg?resize=350%2C200 1x, https:\/\/i0.wp.com\/www.24baires.com\/wp-content\/uploads\/2021\/12\/lula_cristina_y_alberto.jpg_1756841869.jpg?resize=525%2C300 1.5x"},"classes":[]},{"id":32985,"url":"http:\/\/www.24baires.com\/?p=32985","url_meta":{"origin":68123,"position":3},"title":"\u00abVamos por otra d\u00e9cada m\u00e1s de desarrollo\u00bb sentenci\u00f3 Cristina","author":"AF","date":"04\/10\/2013","format":false,"excerpt":"LA MATANZA-\u00a0La Presidenta inaugur\u00f3 el hospital materno-infantil \"Alberto Balestrini\", en ciudad Evita. Se trata de un centro modelo que cubrir\u00e1 un \u00e1rea de 18.500 metros cuadrados. \"Vamos por otra d\u00e9cada m\u00e1s de desarrollo\", afirm\u00f3. \"Vamos a ir por otra d\u00e9cada m\u00e1s de desarrollo para consolidar el crecimiento y profundizar los\u2026","rel":"","context":"En \u00abSociedad\u00bb","block_context":{"text":"Sociedad","link":"http:\/\/www.24baires.com\/?cat=1"},"img":{"alt_text":"","src":"https:\/\/i0.wp.com\/www.24baires.com\/wp-content\/uploads\/2013\/10\/cristina-la-matanza.jpg?resize=350%2C200","width":350,"height":200},"classes":[]},{"id":103952,"url":"http:\/\/www.24baires.com\/?p=103952","url_meta":{"origin":68123,"position":4},"title":"Cristina: \u00abHay un manejo extorsivo de la figura del arrepentido\u00bb","author":"AF","date":"17\/08\/2018","format":false,"excerpt":"La ex mandataria se refiri\u00f3 en particular a la declaraci\u00f3n del empresario Gabriel Romero, due\u00f1o de EMEPA, que hab\u00eda asegurado que pag\u00f3 coimas por un decreto presidencial. \"Sobre pijamas, dormitorios y decretos en la Argentina macrista arrepentida\", as\u00ed titul\u00f3 la senadora Cristina Kirchner un descargo sobre la causa de los\u2026","rel":"","context":"En \u00abPol\u00edtica\u00bb","block_context":{"text":"Pol\u00edtica","link":"http:\/\/www.24baires.com\/?cat=51"},"img":{"alt_text":"","src":"https:\/\/i0.wp.com\/www.24baires.com\/wp-content\/uploads\/2017\/10\/cristina-1.jpg?resize=350%2C200","width":350,"height":200,"srcset":"https:\/\/i0.wp.com\/www.24baires.com\/wp-content\/uploads\/2017\/10\/cristina-1.jpg?resize=350%2C200 1x, https:\/\/i0.wp.com\/www.24baires.com\/wp-content\/uploads\/2017\/10\/cristina-1.jpg?resize=525%2C300 1.5x"},"classes":[]},{"id":111238,"url":"http:\/\/www.24baires.com\/?p=111238","url_meta":{"origin":68123,"position":5},"title":"Massa: \u00abla mitad de los argentinos se est\u00e1 ahogando\u00bb","author":"GB","date":"18\/07\/2019","format":false,"excerpt":"El primer precandidato a diputado nacional por el Frente de Todos en provincia de Buenos Aires, Sergio Massa, afirm\u00f3 hoy que el presidente Mauricio Macri encabeza \"un gobierno para pocos\" mientras el resto de la sociedad \"cada vez tiene menos\", y denunci\u00f3 que \"la mitad de los argentinos se est\u00e1\u2026","rel":"","context":"En \u00abPol\u00edtica\u00bb","block_context":{"text":"Pol\u00edtica","link":"http:\/\/www.24baires.com\/?cat=51"},"img":{"alt_text":"","src":"https:\/\/i0.wp.com\/www.24baires.com\/wp-content\/uploads\/2016\/09\/s-massa.jpg?resize=350%2C200","width":350,"height":200,"srcset":"https:\/\/i0.wp.com\/www.24baires.com\/wp-content\/uploads\/2016\/09\/s-massa.jpg?resize=350%2C200 1x, https:\/\/i0.wp.com\/www.24baires.com\/wp-content\/uploads\/2016\/09\/s-massa.jpg?resize=525%2C300 1.5x"},"classes":[]}],"jetpack_sharing_enabled":true,"jetpack_likes_enabled":true,"jetpack_featured_media_url":"","_links":{"self":[{"href":"http:\/\/www.24baires.com\/index.php?rest_route=\/wp\/v2\/posts\/68123","targetHints":{"allow":["GET"]}}],"collection":[{"href":"http:\/\/www.24baires.com\/index.php?rest_route=\/wp\/v2\/posts"}],"about":[{"href":"http:\/\/www.24baires.com\/index.php?rest_route=\/wp\/v2\/types\/post"}],"author":[{"embeddable":true,"href":"http:\/\/www.24baires.com\/index.php?rest_route=\/wp\/v2\/users\/4"}],"replies":[{"embeddable":true,"href":"http:\/\/www.24baires.com\/index.php?rest_route=%2Fwp%2Fv2%2Fcomments&post=68123"}],"version-history":[{"count":1,"href":"http:\/\/www.24baires.com\/index.php?rest_route=\/wp\/v2\/posts\/68123\/revisions"}],"predecessor-version":[{"id":68125,"href":"http:\/\/www.24baires.com\/index.php?rest_route=\/wp\/v2\/posts\/68123\/revisions\/68125"}],"wp:attachment":[{"href":"http:\/\/www.24baires.com\/index.php?rest_route=%2Fwp%2Fv2%2Fmedia&parent=68123"}],"wp:term":[{"taxonomy":"category","embeddable":true,"href":"http:\/\/www.24baires.com\/index.php?rest_route=%2Fwp%2Fv2%2Fcategories&post=68123"},{"taxonomy":"post_tag","embeddable":true,"href":"http:\/\/www.24baires.com\/index.php?rest_route=%2Fwp%2Fv2%2Ftags&post=68123"}],"curies":[{"name":"wp","href":"https:\/\/api.w.org\/{rel}","templated":true}]}}