{"id":68120,"date":"2015-06-25T14:00:24","date_gmt":"2015-06-25T17:00:24","guid":{"rendered":"http:\/\/www.24baires.com\/?p=68120"},"modified":"2015-06-25T14:05:55","modified_gmt":"2015-06-25T17:05:55","slug":"rossi-confirmo-que-el-retiro-de-milani-fue-por-razones-estrictamente-personales","status":"publish","type":"post","link":"http:\/\/www.24baires.com\/?p=68120","title":{"rendered":"Rossi confirm\u00f3 que el retiro de Milani fue por razones estrictamente personales"},"content":{"rendered":"<p><img data-recalc-dims=\"1\" loading=\"lazy\" decoding=\"async\" class=\"aligncenter size-full wp-image-61674\" src=\"https:\/\/i0.wp.com\/www.24baires.com\/wp-content\/uploads\/2015\/02\/rossi1.jpg?resize=560%2C373\" alt=\"rossi\" width=\"560\" height=\"373\" srcset=\"https:\/\/i0.wp.com\/www.24baires.com\/wp-content\/uploads\/2015\/02\/rossi1.jpg?w=560 560w, https:\/\/i0.wp.com\/www.24baires.com\/wp-content\/uploads\/2015\/02\/rossi1.jpg?resize=300%2C200 300w\" sizes=\"auto, (max-width: 560px) 100vw, 560px\" \/>El ministro de Defensa, Agust\u00edn Rossi, rest\u00f3 importancia este jueves al papel desempe\u00f1ado por el ex jefe del Ej\u00e9rcito en la dictadura, C\u00e9sar Milani, quien en las \u00faltimas horas fue relevado de ese cargo.<!--more--><\/p>\n<p>La petici\u00f3n de C\u00e9sar Milani a ser relevado de su deber dej\u00f3 al Gobierno en una posici\u00f3n delicada, ya que hab\u00eda habido rumores que suger\u00edan que el ex jefe del Ej\u00e9rcito se retir\u00f3 como los casos que lo implican en la dictadura de la era de los derechos humanos violaciones estaban a punto de seguir adelante.<\/p>\n<p>En declaraciones period\u00edsticas, Rossi desestim\u00f3 esa posibilidad al afirmar que \u201cno hab\u00eda absolutamente nada\u00bb, y defendi\u00f3 el nombramiento de Milani para liderar el Ej\u00e9rcito hace casi dos a\u00f1os, a pesar del hecho de que \u00e9l fue mencionado en el informe Nunca M\u00e1s de La Rioja y en medio de acusaciones de que estaba involucrado en la desaparici\u00f3n forzada de un conscripto.<\/p>\n<p>Rossi descart\u00f3 un rumor que sugiere que Milani hizo a un lado con el fin de no da\u00f1ar la campa\u00f1a presidencial de Daniel Scioli.<\/p>\n<p>\u00abMilani tom\u00f3 su decisi\u00f3n por su cuenta &#8211; en base a razones personales. No ten\u00edamos nada que ver con eso \u00ab, precis\u00f3.<\/p>\n","protected":false},"excerpt":{"rendered":"<p>El ministro de Defensa, Agust\u00edn Rossi, rest\u00f3 importancia este jueves al papel desempe\u00f1ado por el ex jefe del Ej\u00e9rcito en la dictadura, C\u00e9sar Milani, quien en las \u00faltimas horas fue relevado de ese cargo.<\/p>\n","protected":false},"author":4,"featured_media":0,"comment_status":"open","ping_status":"open","sticky":false,"template":"","format":"standard","meta":{"_jetpack_newsletter_access":"","_jetpack_dont_email_post_to_subs":false,"_jetpack_newsletter_tier_id":0,"_jetpack_memberships_contains_paywalled_content":false,"_jetpack_memberships_contains_paid_content":false,"footnotes":""},"categories":[51],"tags":[],"class_list":["post-68120","post","type-post","status-publish","format-standard","hentry","category-politica"],"jetpack_shortlink":"https:\/\/wp.me\/p2JWE0-hII","jetpack-related-posts":[{"id":111535,"url":"http:\/\/www.24baires.com\/?p=111535","url_meta":{"origin":68120,"position":0},"title":"Absolvieron a Milani por el caso Olivera","author":"AF","date":"09\/08\/2019","format":false,"excerpt":"El ex jefe del Ej\u00e9rcito, C\u00e9sar Milani, result\u00f3 absuelto hoy en la causa que investigaba su presunta participaci\u00f3n en delitos de lesa humanidad cometidos durante la \u00faltima dictadura en la provincia de La Rioja y la Justicia de esa provincia orden\u00f3 su \"inmediata libertad\". As\u00ed lo resolvi\u00f3 el Tribunal Oral\u2026","rel":"","context":"En \u00abJUDICIALES\u00bb","block_context":{"text":"JUDICIALES","link":"http:\/\/www.24baires.com\/?cat=68"},"img":{"alt_text":"","src":"https:\/\/i0.wp.com\/www.24baires.com\/wp-content\/uploads\/2017\/02\/milani3.jpg?resize=350%2C200","width":350,"height":200,"srcset":"https:\/\/i0.wp.com\/www.24baires.com\/wp-content\/uploads\/2017\/02\/milani3.jpg?resize=350%2C200 1x, https:\/\/i0.wp.com\/www.24baires.com\/wp-content\/uploads\/2017\/02\/milani3.jpg?resize=525%2C300 1.5x"},"classes":[]},{"id":100960,"url":"http:\/\/www.24baires.com\/?p=100960","url_meta":{"origin":68120,"position":1},"title":"La Corte dej\u00f3 firme el procesamiento y la prisi\u00f3n preventiva de C\u00e9sar Milani","author":"AF","date":"09\/03\/2018","format":false,"excerpt":"Es por la causa de secuestro y tormentos a Pedro Olivera y su hijo Ram\u00f3n en marzo de 1977, en La Rioja, durante la dictadura c\u00edvico militar 76-83. La Corte Suprema de Justicia dej\u00f3 firme el procesamiento y prisi\u00f3n preventiva del ex jefe del Ej\u00e9rcito C\u00e9sar Milani por el secuestro\u2026","rel":"","context":"En \u00abLocales\u00bb","block_context":{"text":"Locales","link":"http:\/\/www.24baires.com\/?cat=38"},"img":{"alt_text":"","src":"https:\/\/i0.wp.com\/www.24baires.com\/wp-content\/uploads\/2015\/06\/milani2.jpg?resize=350%2C200","width":350,"height":200,"srcset":"https:\/\/i0.wp.com\/www.24baires.com\/wp-content\/uploads\/2015\/06\/milani2.jpg?resize=350%2C200 1x, https:\/\/i0.wp.com\/www.24baires.com\/wp-content\/uploads\/2015\/06\/milani2.jpg?resize=525%2C300 1.5x"},"classes":[]},{"id":28468,"url":"http:\/\/www.24baires.com\/?p=28468","url_meta":{"origin":68120,"position":2},"title":"Milani se puso a disposici\u00f3n de la Justicia","author":"Grupo Sierra","date":"17\/07\/2013","format":false,"excerpt":"El jefe del Ej\u00e9rcito se present\u00f3 este mi\u00e9rcoles ante la Justicia de La Rioja, luego de que organismos de Derechos Humanos lo vincularan a la represi\u00f3n ilegal. Milani se present\u00f3 ante la Justicia El jefe del Ej\u00e9rcito, C\u00e9sar Milani, se present\u00f3 este mi\u00e9rcoles \"espont\u00e1neamente\" ante la Justicia de La Rioja\u2026","rel":"","context":"En \u00abJUDICIALES\u00bb","block_context":{"text":"JUDICIALES","link":"http:\/\/www.24baires.com\/?cat=68"},"img":{"alt_text":"","src":"","width":0,"height":0},"classes":[]},{"id":37162,"url":"http:\/\/www.24baires.com\/?p=37162","url_meta":{"origin":68120,"position":3},"title":"Milani asumi\u00f3 el mando del Ej\u00e9rcito","author":"GB","date":"19\/12\/2013","format":false,"excerpt":"Tras aprobarse ayer el ascenso en el Senado, el General asumi\u00f3 a ese cargo, en el marco de la ceremonia que encabez\u00f3 la presidenta Cristina Fern\u00e1ndez de Kirchner. Adem\u00e1s, otros oficiales de las Fuerzas Armadas asumieron sus respectivos cargos. En el marco de la ceremonia que encabez\u00f3 la jefa de\u2026","rel":"","context":"En \u00abPol\u00edtica\u00bb","block_context":{"text":"Pol\u00edtica","link":"http:\/\/www.24baires.com\/?cat=51"},"img":{"alt_text":"milani","src":"https:\/\/i0.wp.com\/www.24baires.com\/wp-content\/uploads\/2013\/07\/milani.jpg?resize=350%2C200","width":350,"height":200},"classes":[]},{"id":113198,"url":"http:\/\/www.24baires.com\/?p=113198","url_meta":{"origin":68120,"position":4},"title":"Milani fue absuelto por la desaparici\u00f3n del soldado Ledo","author":"AF","date":"29\/11\/2019","format":false,"excerpt":"C\u00e9sar Milani, ex jefe del Ej\u00e9rcito del gobierno de Cristina Fern\u00e1ndez de Kirchner, acusado de falsear un acta sobre la presunta \"deserci\u00f3n\" del soldado Alberto Agapito Ledo, desaparecido en 1976, fue absuelto por el Tribunal Oral Federal de Tucum\u00e1n. \"Fue una campa\u00f1a pol\u00edtica, medi\u00e1tica y judicial in\u00e9dita contra un jefe\u2026","rel":"","context":"En \u00abJUDICIALES\u00bb","block_context":{"text":"JUDICIALES","link":"http:\/\/www.24baires.com\/?cat=68"},"img":{"alt_text":"","src":"https:\/\/i0.wp.com\/www.24baires.com\/wp-content\/uploads\/2015\/06\/milani2.jpg?resize=350%2C200","width":350,"height":200,"srcset":"https:\/\/i0.wp.com\/www.24baires.com\/wp-content\/uploads\/2015\/06\/milani2.jpg?resize=350%2C200 1x, https:\/\/i0.wp.com\/www.24baires.com\/wp-content\/uploads\/2015\/06\/milani2.jpg?resize=525%2C300 1.5x"},"classes":[]},{"id":68313,"url":"http:\/\/www.24baires.com\/?p=68313","url_meta":{"origin":68120,"position":5},"title":"Ricardo Cundom asumi\u00f3 como jefe del Ej\u00e9rcito","author":"GB","date":"29\/06\/2015","format":false,"excerpt":"El general fue puesto en funciones este lunes en un acto encabezado por el ministro de Defensa, Agust\u00edn Rossi. Afirm\u00f3 que se trata del \"desaf\u00edo m\u00e1s importante\" de su vida profesional. En tanto, el saliente C\u00e9sar Milani arremeti\u00f3 contra quienes lo criticaron. El general Ricardo Luis Cundom asumi\u00f3 este lunes\u2026","rel":"","context":"En \u00abPol\u00edtica\u00bb","block_context":{"text":"Pol\u00edtica","link":"http:\/\/www.24baires.com\/?cat=51"},"img":{"alt_text":"cundom","src":"https:\/\/i0.wp.com\/www.24baires.com\/wp-content\/uploads\/2015\/06\/cundom.jpg?resize=350%2C200","width":350,"height":200,"srcset":"https:\/\/i0.wp.com\/www.24baires.com\/wp-content\/uploads\/2015\/06\/cundom.jpg?resize=350%2C200 1x, https:\/\/i0.wp.com\/www.24baires.com\/wp-content\/uploads\/2015\/06\/cundom.jpg?resize=525%2C300 1.5x"},"classes":[]}],"jetpack_sharing_enabled":true,"jetpack_likes_enabled":true,"jetpack_featured_media_url":"","_links":{"self":[{"href":"http:\/\/www.24baires.com\/index.php?rest_route=\/wp\/v2\/posts\/68120","targetHints":{"allow":["GET"]}}],"collection":[{"href":"http:\/\/www.24baires.com\/index.php?rest_route=\/wp\/v2\/posts"}],"about":[{"href":"http:\/\/www.24baires.com\/index.php?rest_route=\/wp\/v2\/types\/post"}],"author":[{"embeddable":true,"href":"http:\/\/www.24baires.com\/index.php?rest_route=\/wp\/v2\/users\/4"}],"replies":[{"embeddable":true,"href":"http:\/\/www.24baires.com\/index.php?rest_route=%2Fwp%2Fv2%2Fcomments&post=68120"}],"version-history":[{"count":1,"href":"http:\/\/www.24baires.com\/index.php?rest_route=\/wp\/v2\/posts\/68120\/revisions"}],"predecessor-version":[{"id":68121,"href":"http:\/\/www.24baires.com\/index.php?rest_route=\/wp\/v2\/posts\/68120\/revisions\/68121"}],"wp:attachment":[{"href":"http:\/\/www.24baires.com\/index.php?rest_route=%2Fwp%2Fv2%2Fmedia&parent=68120"}],"wp:term":[{"taxonomy":"category","embeddable":true,"href":"http:\/\/www.24baires.com\/index.php?rest_route=%2Fwp%2Fv2%2Fcategories&post=68120"},{"taxonomy":"post_tag","embeddable":true,"href":"http:\/\/www.24baires.com\/index.php?rest_route=%2Fwp%2Fv2%2Ftags&post=68120"}],"curies":[{"name":"wp","href":"https:\/\/api.w.org\/{rel}","templated":true}]}}