{"id":68101,"date":"2015-06-25T10:33:23","date_gmt":"2015-06-25T13:33:23","guid":{"rendered":"http:\/\/www.24baires.com\/?p=68101"},"modified":"2015-06-26T10:44:40","modified_gmt":"2015-06-26T13:44:40","slug":"anibal-fernandez-hay-mala-leche-para-perjudicar-a-maximo-kirchner","status":"publish","type":"post","link":"http:\/\/www.24baires.com\/?p=68101","title":{"rendered":"An\u00edbal Fern\u00e1ndez: \u00abHay mala leche para perjudicar a M\u00e1ximo Kirchner\u00bb"},"content":{"rendered":"<p><img data-recalc-dims=\"1\" loading=\"lazy\" decoding=\"async\" class=\"aligncenter size-full wp-image-60580\" src=\"https:\/\/i0.wp.com\/www.24baires.com\/wp-content\/uploads\/2015\/01\/anibal.jpg?resize=560%2C373\" alt=\"anibal\" width=\"560\" height=\"373\" srcset=\"https:\/\/i0.wp.com\/www.24baires.com\/wp-content\/uploads\/2015\/01\/anibal.jpg?w=560 560w, https:\/\/i0.wp.com\/www.24baires.com\/wp-content\/uploads\/2015\/01\/anibal.jpg?resize=300%2C200 300w\" sizes=\"auto, (max-width: 560px) 100vw, 560px\" \/>El jefe de Gabinete, An\u00edbal Fern\u00e1ndez, calific\u00f3 hoy como \u00abuna estupidez y de mala leche como pocas veces se puede ver\u00bb algunos cuestionamientos hacia la figura de M\u00e1ximo Kirchner, precandidato a diputado nacional por la provincia de Santa Cruz por el Frente para la Victoria.<!--more--><\/p>\n<p>Dijo que estas cr\u00edticas tienen el objetivo de \u00ablastimarlo a M\u00e1ximo, se lo hicieron con la cuenta en el banco Felton de Estados Unidos, en las Islas Gran Caim\u00e1n; bienes en Nevada, con un departamento de Florencia (Kirchner) en Nueva York\u00bb.<\/p>\n<p>\u00ab\u00bfCuanta mala leche m\u00e1s le van a querer tirar a alguien que tiene que ser de candidato en la provincia de Santa Cruz?\u201d, se pregunt\u00f3 el funcionario.<\/p>\n<p>Asimismo, rechaz\u00f3 el uso electoral de la entrega de colchones, electrodom\u00e9sticos y calefones que realiza el Ministerio de Desarrollo Social en Santa Cruz.<\/p>\n<p>\u00abEs est\u00fapido pensar que alguien pueda generar algo que vaya por fuera de los carriles normales, porque son profesionales los que lo entregan, porque se hace un expediente y se cuelga en el portal\u00bb del citado ministerio, dijo al referirse a las acusaciones.<\/p>\n","protected":false},"excerpt":{"rendered":"<p>El jefe de Gabinete, An\u00edbal Fern\u00e1ndez, calific\u00f3 hoy como \u00abuna estupidez y de mala leche como pocas veces se puede ver\u00bb algunos cuestionamientos hacia la figura de M\u00e1ximo Kirchner, precandidato a diputado nacional por la provincia de Santa Cruz por el Frente para la Victoria.<\/p>\n","protected":false},"author":4,"featured_media":0,"comment_status":"open","ping_status":"open","sticky":false,"template":"","format":"standard","meta":{"_jetpack_newsletter_access":"","_jetpack_dont_email_post_to_subs":false,"_jetpack_newsletter_tier_id":0,"_jetpack_memberships_contains_paywalled_content":false,"_jetpack_memberships_contains_paid_content":false,"footnotes":""},"categories":[51],"tags":[],"class_list":["post-68101","post","type-post","status-publish","format-standard","hentry","category-politica"],"jetpack_shortlink":"https:\/\/wp.me\/p2JWE0-hIp","jetpack-related-posts":[{"id":68526,"url":"http:\/\/www.24baires.com\/?p=68526","url_meta":{"origin":68101,"position":0},"title":"An\u00edbal: \u00abM\u00e1ximo ha organizado la agrupaci\u00f3n con m\u00e1s m\u00edstica del pa\u00eds\u00bb","author":"AF","date":"03\/07\/2015","format":false,"excerpt":"El jefe de Gabinete destac\u00f3 que si el hijo de la presidenta Cristina Fern\u00e1ndez de Kirchner ahora \"ha decidido mostrarse, no hay duda de que tiene un mont\u00f3n de trabajo realizado para poner sobre la mesa\". Fern\u00e1ndez analiz\u00f3 as\u00ed la presencia del candidato a diputado nacional por la provincia de\u2026","rel":"","context":"En \u00abPol\u00edtica\u00bb","block_context":{"text":"Pol\u00edtica","link":"http:\/\/www.24baires.com\/?cat=51"},"img":{"alt_text":"fern\u00e1ndez an\u00edbal2","src":"https:\/\/i0.wp.com\/www.24baires.com\/wp-content\/uploads\/2012\/11\/fern%C3%A1ndez-an%C3%ADbal2.jpg?resize=350%2C200","width":350,"height":200,"srcset":"https:\/\/i0.wp.com\/www.24baires.com\/wp-content\/uploads\/2012\/11\/fern%C3%A1ndez-an%C3%ADbal2.jpg?resize=350%2C200 1x, https:\/\/i0.wp.com\/www.24baires.com\/wp-content\/uploads\/2012\/11\/fern%C3%A1ndez-an%C3%ADbal2.jpg?resize=525%2C300 1.5x"},"classes":[]},{"id":73675,"url":"http:\/\/www.24baires.com\/?p=73675","url_meta":{"origin":68101,"position":1},"title":"\u00abEsta transformaci\u00f3n no va a parar porque Daniel Scioli va a ser presidente y va a seguir adelante\u00bb","author":"AF","date":"16\/10\/2015","format":false,"excerpt":"La Presidenta encabeza un acto en Caleta Olivia junto a la candidata a gobernadora Alicia Kirchner, el candidato a diputado M\u00e1ximo Kirchner, y a la f\u00f3rmula presidencial Scioli-Zannini. La presidenta Cristina Fern\u00e1ndez de Kirchner sostuvo hoy que Daniel Scioli \"va a ser el presidente de todos los argentinos\" y le\u2026","rel":"","context":"En \u00abSociedad\u00bb","block_context":{"text":"Sociedad","link":"http:\/\/www.24baires.com\/?cat=1"},"img":{"alt_text":"","src":"https:\/\/i0.wp.com\/www.24baires.com\/wp-content\/uploads\/2015\/10\/cfk-caleta.jpg?resize=350%2C200","width":350,"height":200,"srcset":"https:\/\/i0.wp.com\/www.24baires.com\/wp-content\/uploads\/2015\/10\/cfk-caleta.jpg?resize=350%2C200 1x, https:\/\/i0.wp.com\/www.24baires.com\/wp-content\/uploads\/2015\/10\/cfk-caleta.jpg?resize=525%2C300 1.5x"},"classes":[]},{"id":77979,"url":"http:\/\/www.24baires.com\/?p=77979","url_meta":{"origin":68101,"position":2},"title":"M\u00e1ximo habl\u00f3 sobre la usurpaci\u00f3n de su despacho en el Congreso","author":"AF","date":"22\/01\/2016","format":false,"excerpt":"El diputado por Santa Cruz, M\u00e1ximo Kirchner, habl\u00f3 sobre la usurpaci\u00f3n de su despacho en el Congreso Nacional. \"Si me hubiesen avisado que necesitaban ingresar lo hubi\u00e9semos dialogado\". As\u00ed respondi\u00f3 el diputado por la provincia de Santa Cruz, M\u00e1ximo Kirchner, a la \"usurpaci\u00f3n\" que se realiz\u00f3 en la oficina que\u2026","rel":"","context":"En \u00abPol\u00edtica\u00bb","block_context":{"text":"Pol\u00edtica","link":"http:\/\/www.24baires.com\/?cat=51"},"img":{"alt_text":"m\u00e1ximo kirchner","src":"https:\/\/i0.wp.com\/www.24baires.com\/wp-content\/uploads\/2015\/07\/m%C3%A1ximo-kirchner.jpg?resize=350%2C200","width":350,"height":200,"srcset":"https:\/\/i0.wp.com\/www.24baires.com\/wp-content\/uploads\/2015\/07\/m%C3%A1ximo-kirchner.jpg?resize=350%2C200 1x, https:\/\/i0.wp.com\/www.24baires.com\/wp-content\/uploads\/2015\/07\/m%C3%A1ximo-kirchner.jpg?resize=525%2C300 1.5x"},"classes":[]},{"id":75422,"url":"http:\/\/www.24baires.com\/?p=75422","url_meta":{"origin":68101,"position":3},"title":"\u201cLo que tiene que primar es una Argentina que contenga a todos\u201d","author":"GB","date":"22\/11\/2015","format":false,"excerpt":"El diputado nacional electo por Santa Cruz destac\u00f3 la necesidad de que siga primando \u201cuna Argentina que contenga a todos\u201d y se profundice ese camino \u201ccon m\u00e1s argentinos adentro\u201d. \u201cLo que tiene que primar es una Argentina que contenga a todos\u201d, postul\u00f3 esta tarde M\u00e1ximo Kirchner en declaraciones a la\u2026","rel":"","context":"En \u00abElecciones 2015\u00bb","block_context":{"text":"Elecciones 2015","link":"http:\/\/www.24baires.com\/?cat=74"},"img":{"alt_text":"","src":"https:\/\/i0.wp.com\/www.24baires.com\/wp-content\/uploads\/2015\/11\/maximo-voto1.jpg?resize=350%2C200","width":350,"height":200,"srcset":"https:\/\/i0.wp.com\/www.24baires.com\/wp-content\/uploads\/2015\/11\/maximo-voto1.jpg?resize=350%2C200 1x, https:\/\/i0.wp.com\/www.24baires.com\/wp-content\/uploads\/2015\/11\/maximo-voto1.jpg?resize=525%2C300 1.5x"},"classes":[]},{"id":73847,"url":"http:\/\/www.24baires.com\/?p=73847","url_meta":{"origin":68101,"position":4},"title":"\u00abA Macri nunca le interes\u00f3 si en el interior estamos mejor o peor\u201d, asegur\u00f3 M\u00e1ximo","author":"GB","date":"20\/10\/2015","format":false,"excerpt":"El candidato a diputado del FpV M\u00e1ximo Kirchner cruz\u00f3 al candidato de Cambiemos al asegurar que para el l\u00edder del PRO las provincias m\u00e1s chicas son \"el patio trasero, la periferia de la Patria\u201d. En paralelo indic\u00f3 que m\u00e1s que la presencia del jefe de gobierno en su provincia lo\u2026","rel":"","context":"En \u00abPol\u00edtica\u00bb","block_context":{"text":"Pol\u00edtica","link":"http:\/\/www.24baires.com\/?cat=51"},"img":{"alt_text":"m\u00e1ximo kirchner","src":"https:\/\/i0.wp.com\/www.24baires.com\/wp-content\/uploads\/2015\/07\/m%C3%A1ximo-kirchner.jpg?resize=350%2C200","width":350,"height":200,"srcset":"https:\/\/i0.wp.com\/www.24baires.com\/wp-content\/uploads\/2015\/07\/m%C3%A1ximo-kirchner.jpg?resize=350%2C200 1x, https:\/\/i0.wp.com\/www.24baires.com\/wp-content\/uploads\/2015\/07\/m%C3%A1ximo-kirchner.jpg?resize=525%2C300 1.5x"},"classes":[]},{"id":40921,"url":"http:\/\/www.24baires.com\/?p=40921","url_meta":{"origin":68101,"position":5},"title":"An\u00edbal: \u00abel candidato que surja de las PASO tendr\u00e1 volumen pol\u00edtico en 2015\u00bb","author":"GB","date":"22\/02\/2014","format":false,"excerpt":"SANTA TERESITA-El senador An\u00edbal Fern\u00e1ndez afirm\u00f3 que el candidato a presidente del FPV \u201cque salga de las PASO ser\u00e1 el ganador\u201d y critic\u00f3 a los que dejaron el partido. \"Son ma\u00f1eros que comieron de nuestro plato\". En la apertura del Congreso del Partido Justicialista bonaerense que se llev\u00f3 a cabo\u2026","rel":"","context":"En \u00abPol\u00edtica\u00bb","block_context":{"text":"Pol\u00edtica","link":"http:\/\/www.24baires.com\/?cat=51"},"img":{"alt_text":"fern\u00e1ndez an\u00edbal","src":"https:\/\/i0.wp.com\/www.24baires.com\/wp-content\/uploads\/2012\/12\/fern%C3%A1ndez-an%C3%ADbal.jpg?resize=350%2C200","width":350,"height":200,"srcset":"https:\/\/i0.wp.com\/www.24baires.com\/wp-content\/uploads\/2012\/12\/fern%C3%A1ndez-an%C3%ADbal.jpg?resize=350%2C200 1x, https:\/\/i0.wp.com\/www.24baires.com\/wp-content\/uploads\/2012\/12\/fern%C3%A1ndez-an%C3%ADbal.jpg?resize=525%2C300 1.5x"},"classes":[]}],"jetpack_sharing_enabled":true,"jetpack_likes_enabled":true,"jetpack_featured_media_url":"","_links":{"self":[{"href":"http:\/\/www.24baires.com\/index.php?rest_route=\/wp\/v2\/posts\/68101","targetHints":{"allow":["GET"]}}],"collection":[{"href":"http:\/\/www.24baires.com\/index.php?rest_route=\/wp\/v2\/posts"}],"about":[{"href":"http:\/\/www.24baires.com\/index.php?rest_route=\/wp\/v2\/types\/post"}],"author":[{"embeddable":true,"href":"http:\/\/www.24baires.com\/index.php?rest_route=\/wp\/v2\/users\/4"}],"replies":[{"embeddable":true,"href":"http:\/\/www.24baires.com\/index.php?rest_route=%2Fwp%2Fv2%2Fcomments&post=68101"}],"version-history":[{"count":1,"href":"http:\/\/www.24baires.com\/index.php?rest_route=\/wp\/v2\/posts\/68101\/revisions"}],"predecessor-version":[{"id":68102,"href":"http:\/\/www.24baires.com\/index.php?rest_route=\/wp\/v2\/posts\/68101\/revisions\/68102"}],"wp:attachment":[{"href":"http:\/\/www.24baires.com\/index.php?rest_route=%2Fwp%2Fv2%2Fmedia&parent=68101"}],"wp:term":[{"taxonomy":"category","embeddable":true,"href":"http:\/\/www.24baires.com\/index.php?rest_route=%2Fwp%2Fv2%2Fcategories&post=68101"},{"taxonomy":"post_tag","embeddable":true,"href":"http:\/\/www.24baires.com\/index.php?rest_route=%2Fwp%2Fv2%2Ftags&post=68101"}],"curies":[{"name":"wp","href":"https:\/\/api.w.org\/{rel}","templated":true}]}}