{"id":68083,"date":"2015-06-24T20:43:57","date_gmt":"2015-06-24T23:43:57","guid":{"rendered":"http:\/\/www.24baires.com\/?p=68083"},"modified":"2015-06-25T10:31:27","modified_gmt":"2015-06-25T13:31:27","slug":"zannini-tengo-el-orgullo-de-acompanar-a-quien-fuera-el-companero-de-nestor","status":"publish","type":"post","link":"http:\/\/www.24baires.com\/?p=68083","title":{"rendered":"Zannini: \u201cTengo el orgullo de acompa\u00f1ar a quien fuera el compa\u00f1ero de N\u00e9stor \u00ab"},"content":{"rendered":"<p><img data-recalc-dims=\"1\" loading=\"lazy\" decoding=\"async\" class=\"aligncenter size-full wp-image-68084\" src=\"https:\/\/i0.wp.com\/www.24baires.com\/wp-content\/uploads\/2015\/06\/scioli-zannini.jpg?resize=560%2C352\" alt=\"scioli zannini\" width=\"560\" height=\"352\" srcset=\"https:\/\/i0.wp.com\/www.24baires.com\/wp-content\/uploads\/2015\/06\/scioli-zannini.jpg?w=560 560w, https:\/\/i0.wp.com\/www.24baires.com\/wp-content\/uploads\/2015\/06\/scioli-zannini.jpg?resize=300%2C189 300w\" sizes=\"auto, (max-width: 560px) 100vw, 560px\" \/>En C\u00f3rdoba, y en el marco del primer acto oficial de la f\u00f3rmula presidencial del FpV que encabeza Daniel Scioli, Carlos Zannini dio un encendido discurso. \u00abHay que seguir por el mismo camino porque en estos 12 a\u00f1os\u00bb, agreg\u00f3.<!--more--><\/p>\n<p>El secretario de Legal y T\u00e9cnica de la Presidencia y candidato a vicepresidente por el FpV, Carlos Zannini, afirm\u00f3 hoy que \u201chay que seguir por el mismo camino porque en estos 12 a\u00f1os junto a N\u00e9stor y Cristina (Kirchner) reconstruimos la Argentina y ahora tenemos un futuro virtuoso\u201d y tambi\u00e9n critic\u00f3 a los opositores que \u201chablan de cambio\u201d porque es \u201cun cambio vac\u00edo\u201d.<\/p>\n<p>En C\u00f3rdoba, y en el marco del primer acto oficial de la f\u00f3rmula presidencial del FpV que encabeza Daniel Scioli, Zannini dej\u00f3 en claro: \u201cTengo el orgullo de acompa\u00f1ar a quien fuera el compa\u00f1ero de N\u00e9stor Carlos Kirchner\u201d.<\/p>\n<p>Durante el encuentro, donde el binomio estuvo acompa\u00f1ado por el candidato del FpV a Gobernador de esa provincia, Eduardo Acastello, el candidato a vicepresidente comenz\u00f3 su discurso con una frase sobre los medios al se\u00f1alar que \u201cno soy de ese lote de los candidatos a los que los medios los van a proteger sino que me van a tratar de descontextualizar\u201d.<\/p>\n<p>\u201cTenemos que aprender a unir lo diferente, en C\u00f3rdoba y en la Argentina, porque tenemos la posibilidad de desarrollarnos en un camino que lleva a la Argentina creyendo en nosotros mismos\u201d, agreg\u00f3 el funcionario nacional.<\/p>\n<p>Al autodefinirse, Zannini cont\u00f3 sus origenes de una familia trabajadora de C\u00f3rdoba y record\u00f3 que: \u201cPor defender el gobierno de Obreg\u00f3n Cano termin\u00e9 preso y me torturaron. En la primera noche despu\u00e9s de la tortura, cuando comprobamos que est\u00e1bamos s\u00f3lo, nos juramentamos que \u00edbamos a trabajar para un mundo sin tortura\u201d.<\/p>\n<p>Sobre la provincia mediterr\u00e1nea y luego de citar al escritor Fi\u00f3dor Dostoievski, afirm\u00f3 que \u201cC\u00f3rdoba tambi\u00e9n fue sujeta de injusticias a lo largo de la historia\u201d.<\/p>\n","protected":false},"excerpt":{"rendered":"<p>En C\u00f3rdoba, y en el marco del primer acto oficial de la f\u00f3rmula presidencial del FpV que encabeza Daniel Scioli, Carlos Zannini dio un encendido discurso. \u00abHay que seguir por el mismo camino porque en estos 12 a\u00f1os\u00bb, agreg\u00f3.<\/p>\n","protected":false},"author":4,"featured_media":0,"comment_status":"open","ping_status":"open","sticky":false,"template":"","format":"standard","meta":{"_jetpack_newsletter_access":"","_jetpack_dont_email_post_to_subs":false,"_jetpack_newsletter_tier_id":0,"_jetpack_memberships_contains_paywalled_content":false,"_jetpack_memberships_contains_paid_content":false,"footnotes":""},"categories":[51],"tags":[],"class_list":["post-68083","post","type-post","status-publish","format-standard","hentry","category-politica"],"jetpack_shortlink":"https:\/\/wp.me\/p2JWE0-hI7","jetpack-related-posts":[{"id":67714,"url":"http:\/\/www.24baires.com\/?p=67714","url_meta":{"origin":68083,"position":0},"title":"Zannini: \u00abAcept\u00e9 acompa\u00f1ar a Scioli porque es la continuidad del camino\u00bb","author":"AF","date":"17\/06\/2015","format":false,"excerpt":"El secretario de Legal y T\u00e9cnica de la Presidencia lo dijo esta tarde al arribar a Casa de Gobierno, luego de reunirse con la presidenta Cristina Fern\u00e1ndez de Kirchner en la residencia de Olivos. El secretario de Legal y T\u00e9cnica de la Presidencia, Carlos Zannini, confirm\u00f3 en Casa de Gobierno\u2026","rel":"","context":"En \u00abElecciones 2015\u00bb","block_context":{"text":"Elecciones 2015","link":"http:\/\/www.24baires.com\/?cat=74"},"img":{"alt_text":"","src":"https:\/\/i0.wp.com\/www.24baires.com\/wp-content\/uploads\/2015\/06\/zannini.jpg?resize=350%2C200","width":350,"height":200,"srcset":"https:\/\/i0.wp.com\/www.24baires.com\/wp-content\/uploads\/2015\/06\/zannini.jpg?resize=350%2C200 1x, https:\/\/i0.wp.com\/www.24baires.com\/wp-content\/uploads\/2015\/06\/zannini.jpg?resize=525%2C300 1.5x"},"classes":[]},{"id":72286,"url":"http:\/\/www.24baires.com\/?p=72286","url_meta":{"origin":68083,"position":1},"title":"Evo sobre Scioli: \u201cDaniel es un revolucionario de la Patria Grande\u201d","author":"GB","date":"17\/09\/2015","format":false,"excerpt":"LA PLATA-El presidente de Bolivia fue recibido en La Plata por el candidato presidencial del Frente para la Victoria. Daniel Scioli, candidato presidencial por el Frente para la Victoria -FPV-, recibi\u00f3 este jueves a Evo Morales, presidente de Bolivia. Ambos encabezan un acto en la ciudad de La Plata, donde\u2026","rel":"","context":"En \u00abPol\u00edtica\u00bb","block_context":{"text":"Pol\u00edtica","link":"http:\/\/www.24baires.com\/?cat=51"},"img":{"alt_text":"","src":"https:\/\/i0.wp.com\/www.24baires.com\/wp-content\/uploads\/2015\/09\/evo-zannini-scioli.jpg?resize=350%2C200","width":350,"height":200,"srcset":"https:\/\/i0.wp.com\/www.24baires.com\/wp-content\/uploads\/2015\/09\/evo-zannini-scioli.jpg?resize=350%2C200 1x, https:\/\/i0.wp.com\/www.24baires.com\/wp-content\/uploads\/2015\/09\/evo-zannini-scioli.jpg?resize=525%2C300 1.5x"},"classes":[]},{"id":69662,"url":"http:\/\/www.24baires.com\/?p=69662","url_meta":{"origin":68083,"position":2},"title":"Scioli destac\u00f3 la \u00abagenda de integraci\u00f3n\u00bb del Frente para la Victoria","author":"AF","date":"28\/07\/2015","format":false,"excerpt":"El candidato a presidente por el Frente para la Victoria, Daniel Scioli, junto al candidato a vicepresidente, Carlos Zannini, encabez\u00f3 el acto de cierre del encuentro regional de candidatos al Parlasur. El candidato presidencial del Frente para la Victoria, Daniel Scioli, cerr\u00f3 en la capital provincial el encuentro de Parlamentarios\u2026","rel":"","context":"En \u00abPol\u00edtica\u00bb","block_context":{"text":"Pol\u00edtica","link":"http:\/\/www.24baires.com\/?cat=51"},"img":{"alt_text":"","src":"https:\/\/i0.wp.com\/www.24baires.com\/wp-content\/uploads\/2015\/07\/scioli-en-mendoza.jpg?resize=350%2C200","width":350,"height":200,"srcset":"https:\/\/i0.wp.com\/www.24baires.com\/wp-content\/uploads\/2015\/07\/scioli-en-mendoza.jpg?resize=350%2C200 1x, https:\/\/i0.wp.com\/www.24baires.com\/wp-content\/uploads\/2015\/07\/scioli-en-mendoza.jpg?resize=525%2C300 1.5x"},"classes":[]},{"id":67753,"url":"http:\/\/www.24baires.com\/?p=67753","url_meta":{"origin":68083,"position":3},"title":"Scioli: \u00abTenemos que seguir haciendo historia dentro de este rumbo\u00bb","author":"AF","date":"18\/06\/2015","format":false,"excerpt":"El gobernador y precandidato presidencial por el FpV encabez\u00f3 un acto en Florencio Varela en el que le pid\u00f3 a los j\u00f3venes que \"asuman la responsabilidad de llevar las pol\u00edticas kirchneristas a la victoria\". El gobernador bonaerense y precandidato a la presidencia por el Frente para la Victoria, Daniel Scioli,\u2026","rel":"","context":"En \u00abElecciones 2015\u00bb","block_context":{"text":"Elecciones 2015","link":"http:\/\/www.24baires.com\/?cat=74"},"img":{"alt_text":"scioli 1","src":"https:\/\/i0.wp.com\/www.24baires.com\/wp-content\/uploads\/2015\/01\/scioli-1.jpg?resize=350%2C200","width":350,"height":200,"srcset":"https:\/\/i0.wp.com\/www.24baires.com\/wp-content\/uploads\/2015\/01\/scioli-1.jpg?resize=350%2C200 1x, https:\/\/i0.wp.com\/www.24baires.com\/wp-content\/uploads\/2015\/01\/scioli-1.jpg?resize=525%2C300 1.5x"},"classes":[]},{"id":69839,"url":"http:\/\/www.24baires.com\/?p=69839","url_meta":{"origin":68083,"position":4},"title":"Scioli en Tandil: \u00abEste es el espacio pol\u00edtico de la industria nacional\u00bb","author":"AF","date":"31\/07\/2015","format":false,"excerpt":"El gobernador bonaerense y candidato presidencial del Frente para la Victoria, Daniel Scioli habl\u00f3 en un acto en la ciudad bonaerense de Tandil. \"Esta Argentina va a sembrar cada vez m\u00e1s oportunidades\", dijo. El gobernador bonaerense y candidato presidencial del Frente para la Victoria, Daniel Scioli, afirm\u00f3 hoy que \"las\u2026","rel":"","context":"En \u00abElecciones 2015\u00bb","block_context":{"text":"Elecciones 2015","link":"http:\/\/www.24baires.com\/?cat=74"},"img":{"alt_text":"","src":"https:\/\/i0.wp.com\/www.24baires.com\/wp-content\/uploads\/2015\/07\/zannini-scioli-bossio-an%C3%ADbal.jpg?resize=350%2C200","width":350,"height":200,"srcset":"https:\/\/i0.wp.com\/www.24baires.com\/wp-content\/uploads\/2015\/07\/zannini-scioli-bossio-an%C3%ADbal.jpg?resize=350%2C200 1x, https:\/\/i0.wp.com\/www.24baires.com\/wp-content\/uploads\/2015\/07\/zannini-scioli-bossio-an%C3%ADbal.jpg?resize=525%2C300 1.5x"},"classes":[]},{"id":68464,"url":"http:\/\/www.24baires.com\/?p=68464","url_meta":{"origin":68083,"position":5},"title":"Scioli y Zannini inauguran el Ateneo N\u00e9stor Kirchner en Santa Cruz","author":"AF","date":"02\/07\/2015","format":false,"excerpt":"El candidato a presidente por el Frente para la Victoria, Daniel Scioli, y su compa\u00f1ero de f\u00f3rmula, Carlos Zannini, encabezar\u00e1n el jueves la inauguraci\u00f3n del Ateneo N\u00e9stor Kirchner en R\u00edo Gallegos, un espacio en el que se recorrer\u00e1, a modo de homenaje, la carrera pol\u00edtica del ex presidente, desde sus\u2026","rel":"","context":"En \u00abSociedad\u00bb","block_context":{"text":"Sociedad","link":"http:\/\/www.24baires.com\/?cat=1"},"img":{"alt_text":"scioli zannini","src":"https:\/\/i0.wp.com\/www.24baires.com\/wp-content\/uploads\/2015\/07\/scioli-zannini.jpg?resize=350%2C200","width":350,"height":200},"classes":[]}],"jetpack_sharing_enabled":true,"jetpack_likes_enabled":true,"jetpack_featured_media_url":"","_links":{"self":[{"href":"http:\/\/www.24baires.com\/index.php?rest_route=\/wp\/v2\/posts\/68083","targetHints":{"allow":["GET"]}}],"collection":[{"href":"http:\/\/www.24baires.com\/index.php?rest_route=\/wp\/v2\/posts"}],"about":[{"href":"http:\/\/www.24baires.com\/index.php?rest_route=\/wp\/v2\/types\/post"}],"author":[{"embeddable":true,"href":"http:\/\/www.24baires.com\/index.php?rest_route=\/wp\/v2\/users\/4"}],"replies":[{"embeddable":true,"href":"http:\/\/www.24baires.com\/index.php?rest_route=%2Fwp%2Fv2%2Fcomments&post=68083"}],"version-history":[{"count":1,"href":"http:\/\/www.24baires.com\/index.php?rest_route=\/wp\/v2\/posts\/68083\/revisions"}],"predecessor-version":[{"id":68085,"href":"http:\/\/www.24baires.com\/index.php?rest_route=\/wp\/v2\/posts\/68083\/revisions\/68085"}],"wp:attachment":[{"href":"http:\/\/www.24baires.com\/index.php?rest_route=%2Fwp%2Fv2%2Fmedia&parent=68083"}],"wp:term":[{"taxonomy":"category","embeddable":true,"href":"http:\/\/www.24baires.com\/index.php?rest_route=%2Fwp%2Fv2%2Fcategories&post=68083"},{"taxonomy":"post_tag","embeddable":true,"href":"http:\/\/www.24baires.com\/index.php?rest_route=%2Fwp%2Fv2%2Ftags&post=68083"}],"curies":[{"name":"wp","href":"https:\/\/api.w.org\/{rel}","templated":true}]}}