{"id":68052,"date":"2015-06-24T11:38:06","date_gmt":"2015-06-24T14:38:06","guid":{"rendered":"http:\/\/www.24baires.com\/?p=68052"},"modified":"2015-06-24T11:38:06","modified_gmt":"2015-06-24T14:38:06","slug":"scioli-ensalzo-a-la-campora-son-el-futuro-y-el-presente-de-la-politica-argentina","status":"publish","type":"post","link":"http:\/\/www.24baires.com\/?p=68052","title":{"rendered":"Scioli ensalz\u00f3 a La C\u00e1mpora: \u201cSon el futuro y el presente de la pol\u00edtica argentina\u201d"},"content":{"rendered":"<p><img data-recalc-dims=\"1\" loading=\"lazy\" decoding=\"async\" class=\"aligncenter size-full wp-image-41328\" src=\"https:\/\/i0.wp.com\/www.24baires.com\/wp-content\/uploads\/2014\/03\/c%C3%A1mpora.jpg?resize=560%2C314\" alt=\"c\u00e1mpora\" width=\"560\" height=\"314\" srcset=\"https:\/\/i0.wp.com\/www.24baires.com\/wp-content\/uploads\/2014\/03\/c%C3%A1mpora.jpg?w=560 560w, https:\/\/i0.wp.com\/www.24baires.com\/wp-content\/uploads\/2014\/03\/c%C3%A1mpora.jpg?resize=300%2C168 300w\" sizes=\"auto, (max-width: 560px) 100vw, 560px\" \/>El precandidato a presidente por el Frente para la Victoria afirm\u00f3 adem\u00e1s que tiene \u00abmuy buen di\u00e1logo\u00bb con la agrupaci\u00f3n kirchnerista, a la que defini\u00f3 como \u00abuna organizaci\u00f3n de cuadros pol\u00edticos juveniles y militantes\u00bb.<!--more--><\/p>\n<p>Para m\u00ed (La C\u00e1mpora) es una juventud con una voluntad de comprometerse que no son (solo) el futuro, sino que son el presente y el futuro de la Argentina\u00bb, defini\u00f3 Scioli, y convoc\u00f3 a los j\u00f3venes en general a que \u00absalgan a defender este rumbo del pa\u00eds, porque es una Argentina que les va a dar cada vez m\u00e1s oportunidades\u00bb.<\/p>\n<p>El precandidato presidencial del oficialismo valor\u00f3 adem\u00e1s el trabajo militante de los j\u00f3venes kirchneristas y dese\u00f3 que \u00abojal\u00e1 que las juventudes de todos los espacios pol\u00edticos, la juventud radical y la juventud socialista lo hagan\u201d<\/p>\n<p>\u201cYo interpreto a los j\u00f3venes y los convoco especialmente a los que votan por primera vez. Entiendo sus preocupaciones como lo es el primer empleo, que se les de oportunidades, que se los contenga y se los escuche. Desde ese lugar tengo una muy buena relaci\u00f3n\u00bb, concluy\u00f3.<\/p>\n","protected":false},"excerpt":{"rendered":"<p>El precandidato a presidente por el Frente para la Victoria afirm\u00f3 adem\u00e1s que tiene \u00abmuy buen di\u00e1logo\u00bb con la agrupaci\u00f3n kirchnerista, a la que defini\u00f3 como \u00abuna organizaci\u00f3n de cuadros pol\u00edticos juveniles y militantes\u00bb.<\/p>\n","protected":false},"author":8,"featured_media":0,"comment_status":"open","ping_status":"open","sticky":false,"template":"","format":"standard","meta":{"_jetpack_newsletter_access":"","_jetpack_dont_email_post_to_subs":false,"_jetpack_newsletter_tier_id":0,"_jetpack_memberships_contains_paywalled_content":false,"_jetpack_memberships_contains_paid_content":false,"footnotes":""},"categories":[51],"tags":[],"class_list":["post-68052","post","type-post","status-publish","format-standard","hentry","category-politica"],"jetpack_shortlink":"https:\/\/wp.me\/p2JWE0-hHC","jetpack-related-posts":[{"id":31890,"url":"http:\/\/www.24baires.com\/?p=31890","url_meta":{"origin":68052,"position":0},"title":"\u201cNo se metan m\u00e1s con los militantes porque ah\u00ed esta la esperanza de la Argentina\u201d","author":"Grupo Sierra","date":"14\/09\/2013","format":false,"excerpt":"El diputado nacional y secretario General de La C\u00e1mpora, Andr\u00e9s Larroque, asegur\u00f3 que en \u201cen los j\u00f3venes militantes est\u00e1 el futuro de la Argentina\u201d, al hablarle a los diez mil militantes que concurrieron al acto de Unidos y Organizados a tres a\u00f1os del encuentro de la juventud con N\u00e9stor Kirchner\u2026","rel":"","context":"En \u00abPol\u00edtica\u00bb","block_context":{"text":"Pol\u00edtica","link":"http:\/\/www.24baires.com\/?cat=51"},"img":{"alt_text":"","src":"https:\/\/i0.wp.com\/www.24baires.com\/wp-content\/uploads\/2013\/09\/larroque-cuervo.jpg?resize=350%2C200","width":350,"height":200,"srcset":"https:\/\/i0.wp.com\/www.24baires.com\/wp-content\/uploads\/2013\/09\/larroque-cuervo.jpg?resize=350%2C200 1x, https:\/\/i0.wp.com\/www.24baires.com\/wp-content\/uploads\/2013\/09\/larroque-cuervo.jpg?resize=525%2C300 1.5x"},"classes":[]},{"id":120181,"url":"http:\/\/www.24baires.com\/?p=120181","url_meta":{"origin":68052,"position":1},"title":"El Frente de Todos pasa a llamarse \u00abUni\u00f3n por la Patria\u00bb","author":"AF","date":"14\/06\/2023","format":false,"excerpt":"Los distintos sectores que componen el frente oficialista mantienen reuniones para definir, entre otras cosas, la constituci\u00f3n de su junta partidaria y el reglamento electoral que fijar\u00e1 pisos y porcentajes para la integraci\u00f3n de listas. El Frente de Todos (FdT) se llamar\u00e1 Uni\u00f3n por la Patria (UxP) en las pr\u00f3ximas\u2026","rel":"","context":"En \u00abPol\u00edtica\u00bb","block_context":{"text":"Pol\u00edtica","link":"http:\/\/www.24baires.com\/?cat=51"},"img":{"alt_text":"","src":"https:\/\/i0.wp.com\/www.24baires.com\/wp-content\/uploads\/2023\/06\/cfk-25-5.png?resize=350%2C200","width":350,"height":200,"srcset":"https:\/\/i0.wp.com\/www.24baires.com\/wp-content\/uploads\/2023\/06\/cfk-25-5.png?resize=350%2C200 1x, https:\/\/i0.wp.com\/www.24baires.com\/wp-content\/uploads\/2023\/06\/cfk-25-5.png?resize=525%2C300 1.5x, https:\/\/i0.wp.com\/www.24baires.com\/wp-content\/uploads\/2023\/06\/cfk-25-5.png?resize=700%2C400 2x, https:\/\/i0.wp.com\/www.24baires.com\/wp-content\/uploads\/2023\/06\/cfk-25-5.png?resize=1050%2C600 3x"},"classes":[]},{"id":111295,"url":"http:\/\/www.24baires.com\/?p=111295","url_meta":{"origin":68052,"position":2},"title":"Cristina lidera el r\u00e1nking de imagen positiva entre j\u00f3venes de 18 a 22 a\u00f1os","author":"AF","date":"23\/07\/2019","format":false,"excerpt":"Detr\u00e1s de la senadora, que tiene 43 puntos, se ubica Mar\u00eda Eugenia Vidal, con 32 puntos. Seg\u00fan un relevamiento de Ipsos Argentina, Mauricio Macri es el de peor reputaci\u00f3n. La precandidata a vice del Frente de Todos, Cristina Kirchner, es la dirigente con mayor imagen positiva entre los j\u00f3venes de\u2026","rel":"","context":"En \u00abPol\u00edtica\u00bb","block_context":{"text":"Pol\u00edtica","link":"http:\/\/www.24baires.com\/?cat=51"},"img":{"alt_text":"","src":"https:\/\/i0.wp.com\/www.24baires.com\/wp-content\/uploads\/2019\/07\/Cristina.jpg?resize=350%2C200","width":350,"height":200,"srcset":"https:\/\/i0.wp.com\/www.24baires.com\/wp-content\/uploads\/2019\/07\/Cristina.jpg?resize=350%2C200 1x, https:\/\/i0.wp.com\/www.24baires.com\/wp-content\/uploads\/2019\/07\/Cristina.jpg?resize=525%2C300 1.5x"},"classes":[]},{"id":54802,"url":"http:\/\/www.24baires.com\/?p=54802","url_meta":{"origin":68052,"position":3},"title":"\u00abAhora viene lo mejor\u00bb, asegur\u00f3 Scioli desde Tandil","author":"AF","date":"04\/10\/2014","format":false,"excerpt":"El gobernador de la Provincia de Buenos Aires reconoci\u00f3 la \"movilizaci\u00f3n\" de la juventud para acompa\u00f1ar a los procesos pol\u00edticos. \"Es la fuerza de la unidad\", asegur\u00f3. Con un discurso en la sede de la Universidad Nacional en Tandil para cerrar el encuentro del peronismo bonaerense, Scioli convoc\u00f3 a \"seguir\u2026","rel":"","context":"En \u00abPol\u00edtica\u00bb","block_context":{"text":"Pol\u00edtica","link":"http:\/\/www.24baires.com\/?cat=51"},"img":{"alt_text":"scioli5","src":"https:\/\/i0.wp.com\/www.24baires.com\/wp-content\/uploads\/2014\/08\/scioli5.jpg?resize=350%2C200","width":350,"height":200,"srcset":"https:\/\/i0.wp.com\/www.24baires.com\/wp-content\/uploads\/2014\/08\/scioli5.jpg?resize=350%2C200 1x, https:\/\/i0.wp.com\/www.24baires.com\/wp-content\/uploads\/2014\/08\/scioli5.jpg?resize=525%2C300 1.5x"},"classes":[]},{"id":67753,"url":"http:\/\/www.24baires.com\/?p=67753","url_meta":{"origin":68052,"position":4},"title":"Scioli: \u00abTenemos que seguir haciendo historia dentro de este rumbo\u00bb","author":"AF","date":"18\/06\/2015","format":false,"excerpt":"El gobernador y precandidato presidencial por el FpV encabez\u00f3 un acto en Florencio Varela en el que le pid\u00f3 a los j\u00f3venes que \"asuman la responsabilidad de llevar las pol\u00edticas kirchneristas a la victoria\". El gobernador bonaerense y precandidato a la presidencia por el Frente para la Victoria, Daniel Scioli,\u2026","rel":"","context":"En \u00abElecciones 2015\u00bb","block_context":{"text":"Elecciones 2015","link":"http:\/\/www.24baires.com\/?cat=74"},"img":{"alt_text":"scioli 1","src":"https:\/\/i0.wp.com\/www.24baires.com\/wp-content\/uploads\/2015\/01\/scioli-1.jpg?resize=350%2C200","width":350,"height":200,"srcset":"https:\/\/i0.wp.com\/www.24baires.com\/wp-content\/uploads\/2015\/01\/scioli-1.jpg?resize=350%2C200 1x, https:\/\/i0.wp.com\/www.24baires.com\/wp-content\/uploads\/2015\/01\/scioli-1.jpg?resize=525%2C300 1.5x"},"classes":[]},{"id":120049,"url":"http:\/\/www.24baires.com\/?p=120049","url_meta":{"origin":68052,"position":5},"title":"CFK record\u00f3 que la convertibilidad \u00abfracas\u00f3\u00bb y llam\u00f3 a crear \u00abprogramas de gobierno\u00bb","author":"AF","date":"27\/04\/2023","format":false,"excerpt":"La vicepresidenta brind\u00f3 una clase magistral en el Teatro Argentino de la capital bonaerense. Fue la primera aparici\u00f3n p\u00fablica de la dirigente tras el anuncio del Presidente de no presentarse para un pr\u00f3ximo mandato. La vicepresidenta Cristina Fern\u00e1ndez de Kirchner record\u00f3 que \"la dolarizaci\u00f3n fracas\u00f3 hace 20 a\u00f1os\" en Argentina,\u2026","rel":"","context":"En \u00abPol\u00edtica\u00bb","block_context":{"text":"Pol\u00edtica","link":"http:\/\/www.24baires.com\/?cat=51"},"img":{"alt_text":"","src":"https:\/\/i0.wp.com\/www.24baires.com\/wp-content\/uploads\/2023\/04\/cfk.jpeg?resize=350%2C200","width":350,"height":200,"srcset":"https:\/\/i0.wp.com\/www.24baires.com\/wp-content\/uploads\/2023\/04\/cfk.jpeg?resize=350%2C200 1x, https:\/\/i0.wp.com\/www.24baires.com\/wp-content\/uploads\/2023\/04\/cfk.jpeg?resize=525%2C300 1.5x, https:\/\/i0.wp.com\/www.24baires.com\/wp-content\/uploads\/2023\/04\/cfk.jpeg?resize=700%2C400 2x"},"classes":[]}],"jetpack_sharing_enabled":true,"jetpack_likes_enabled":true,"jetpack_featured_media_url":"","_links":{"self":[{"href":"http:\/\/www.24baires.com\/index.php?rest_route=\/wp\/v2\/posts\/68052","targetHints":{"allow":["GET"]}}],"collection":[{"href":"http:\/\/www.24baires.com\/index.php?rest_route=\/wp\/v2\/posts"}],"about":[{"href":"http:\/\/www.24baires.com\/index.php?rest_route=\/wp\/v2\/types\/post"}],"author":[{"embeddable":true,"href":"http:\/\/www.24baires.com\/index.php?rest_route=\/wp\/v2\/users\/8"}],"replies":[{"embeddable":true,"href":"http:\/\/www.24baires.com\/index.php?rest_route=%2Fwp%2Fv2%2Fcomments&post=68052"}],"version-history":[{"count":1,"href":"http:\/\/www.24baires.com\/index.php?rest_route=\/wp\/v2\/posts\/68052\/revisions"}],"predecessor-version":[{"id":68053,"href":"http:\/\/www.24baires.com\/index.php?rest_route=\/wp\/v2\/posts\/68052\/revisions\/68053"}],"wp:attachment":[{"href":"http:\/\/www.24baires.com\/index.php?rest_route=%2Fwp%2Fv2%2Fmedia&parent=68052"}],"wp:term":[{"taxonomy":"category","embeddable":true,"href":"http:\/\/www.24baires.com\/index.php?rest_route=%2Fwp%2Fv2%2Fcategories&post=68052"},{"taxonomy":"post_tag","embeddable":true,"href":"http:\/\/www.24baires.com\/index.php?rest_route=%2Fwp%2Fv2%2Ftags&post=68052"}],"curies":[{"name":"wp","href":"https:\/\/api.w.org\/{rel}","templated":true}]}}