{"id":68045,"date":"2015-06-24T10:30:55","date_gmt":"2015-06-24T13:30:55","guid":{"rendered":"http:\/\/www.24baires.com\/?p=68045"},"modified":"2015-06-24T10:08:22","modified_gmt":"2015-06-24T13:08:22","slug":"cristina-y-scioli-visitaran-tucuman-para-celebrar-el-9-de-julio","status":"publish","type":"post","link":"http:\/\/www.24baires.com\/?p=68045","title":{"rendered":"Cristina y Scioli visitar\u00e1n Tucum\u00e1n para celebrar el 9 de julio"},"content":{"rendered":"<p><img data-recalc-dims=\"1\" loading=\"lazy\" decoding=\"async\" class=\"aligncenter size-full wp-image-42873\" src=\"https:\/\/i0.wp.com\/www.24baires.com\/wp-content\/uploads\/2014\/03\/Cristina-y-Scioli.jpg?resize=560%2C373\" alt=\"Cristina y Scioli\" width=\"560\" height=\"373\" srcset=\"https:\/\/i0.wp.com\/www.24baires.com\/wp-content\/uploads\/2014\/03\/Cristina-y-Scioli.jpg?w=560 560w, https:\/\/i0.wp.com\/www.24baires.com\/wp-content\/uploads\/2014\/03\/Cristina-y-Scioli.jpg?resize=300%2C199 300w\" sizes=\"auto, (max-width: 560px) 100vw, 560px\" \/>El gobernador de Tucum\u00e1n, Jos\u00e9 Alperovich, confirm\u00f3 que la presidenta encabezar\u00e1 los actos del 9 de Julio en la provincia. Est\u00e1 previsto que el gobernador de Buenos Aires y precandidato presidencial del FpV, tambi\u00e9n participe de las celebraciones.<!--more--><\/p>\n<p>El mandatario consign\u00f3 que est\u00e1 previsto que el gobernador de Buenos Aires y precandidato presidencial del Frente para la Victoria, Daniel Scioli, tambi\u00e9n participe de las celebraciones.<\/p>\n<p>\u00abSer\u00e1 una fiesta, igual que en a\u00f1os anteriores\u00bb, afirm\u00f3 Alperovich sobre los tradicionales festejos de la fecha que recuerda la declaraci\u00f3n de la Independencia.<\/p>\n<p>Ser\u00e1 la \u00faltima vez que Alperovich y Fern\u00e1ndez de Kirchner lideren el acto como m\u00e1ximas autoridades de la provincia y la Naci\u00f3n, respectivamente.<\/p>\n<p>Las actividades oficiales hab\u00edan tenido como protagonista el a\u00f1o pasado al vicepresidente Amado Boudou porque la jefa de Estado estaba enferma y no pudo viajar.<\/p>\n","protected":false},"excerpt":{"rendered":"<p>El gobernador de Tucum\u00e1n, Jos\u00e9 Alperovich, confirm\u00f3 que la presidenta encabezar\u00e1 los actos del 9 de Julio en la provincia. Est\u00e1 previsto que el gobernador de Buenos Aires y precandidato presidencial del FpV, tambi\u00e9n participe de las celebraciones.<\/p>\n","protected":false},"author":8,"featured_media":0,"comment_status":"open","ping_status":"open","sticky":false,"template":"","format":"standard","meta":{"_jetpack_newsletter_access":"","_jetpack_dont_email_post_to_subs":false,"_jetpack_newsletter_tier_id":0,"_jetpack_memberships_contains_paywalled_content":false,"_jetpack_memberships_contains_paid_content":false,"footnotes":""},"categories":[51],"tags":[],"class_list":["post-68045","post","type-post","status-publish","format-standard","hentry","category-politica"],"jetpack_shortlink":"https:\/\/wp.me\/p2JWE0-hHv","jetpack-related-posts":[{"id":108593,"url":"http:\/\/www.24baires.com\/?p=108593","url_meta":{"origin":68045,"position":0},"title":"Alberto Fern\u00e1ndez recibi\u00f3 al gobernador tucumano Manzur","author":"AF","date":"05\/06\/2019","format":false,"excerpt":"El precandidato a presidente por el Partido Justicialista se reuni\u00f3 con quien este domingo ir\u00e1 por la reelecci\u00f3n. Estiman que este jueves ser\u00e1 dado de alta. El precandidato presidencial peronista Alberto Fern\u00e1ndez recibi\u00f3 al gobernador de Tucum\u00e1n Juan Manzur, quien este domingo ir\u00e1 por la reelecci\u00f3n, a horas de ser\u2026","rel":"","context":"En \u00abPol\u00edtica\u00bb","block_context":{"text":"Pol\u00edtica","link":"http:\/\/www.24baires.com\/?cat=51"},"img":{"alt_text":"","src":"https:\/\/i0.wp.com\/www.24baires.com\/wp-content\/uploads\/2019\/06\/manzur-fern%C3%A1ndez.jpg?resize=350%2C200","width":350,"height":200,"srcset":"https:\/\/i0.wp.com\/www.24baires.com\/wp-content\/uploads\/2019\/06\/manzur-fern%C3%A1ndez.jpg?resize=350%2C200 1x, https:\/\/i0.wp.com\/www.24baires.com\/wp-content\/uploads\/2019\/06\/manzur-fern%C3%A1ndez.jpg?resize=525%2C300 1.5x"},"classes":[]},{"id":113106,"url":"http:\/\/www.24baires.com\/?p=113106","url_meta":{"origin":68045,"position":1},"title":"Alperovich habl\u00f3 sobre la denuncia por violaci\u00f3n y expuso a la v\u00edctima","author":"AF","date":"22\/11\/2019","format":false,"excerpt":"La mujer, que tiene 29 a\u00f1os, denunci\u00f3 en la justicia al senador tucumano y ex gobernador por ataques ocurridos entre 2017 y 2019, mientras fue su colaboradora. La sobrina segunda del senador tucumano Jos\u00e9 Alperovich, que lo denunci\u00f3 por violaci\u00f3n, tendr\u00e1 custodia policial mientras se da inicio a las investigaciones\u2026","rel":"","context":"En \u00abPol\u00edtica\u00bb","block_context":{"text":"Pol\u00edtica","link":"http:\/\/www.24baires.com\/?cat=51"},"img":{"alt_text":"","src":"https:\/\/i0.wp.com\/www.24baires.com\/wp-content\/uploads\/2019\/11\/alperovich.jpg?resize=350%2C200","width":350,"height":200,"srcset":"https:\/\/i0.wp.com\/www.24baires.com\/wp-content\/uploads\/2019\/11\/alperovich.jpg?resize=350%2C200 1x, https:\/\/i0.wp.com\/www.24baires.com\/wp-content\/uploads\/2019\/11\/alperovich.jpg?resize=525%2C300 1.5x"},"classes":[]},{"id":113125,"url":"http:\/\/www.24baires.com\/?p=113125","url_meta":{"origin":68045,"position":2},"title":"Alperovich pedir\u00e1 licencia en el Senado tras la denuncia de violaci\u00f3n de su sobrina","author":"AF","date":"25\/11\/2019","format":false,"excerpt":"Seg\u00fan trascendi\u00f3, el ex gobernador de Tucum\u00e1n enviar\u00e1 en las pr\u00f3ximas horas el pedido de licencia a la presidenta del Senado, Gabriela Michetti. Luego de que su sobrina lo denunciara por abuso sexual, y tras asegurar este mismo lunes que no pedir\u00eda licencia, el senador por la provincia de Tucum\u00e1n\u2026","rel":"","context":"En \u00abSociedad\u00bb","block_context":{"text":"Sociedad","link":"http:\/\/www.24baires.com\/?cat=1"},"img":{"alt_text":"","src":"https:\/\/i0.wp.com\/www.24baires.com\/wp-content\/uploads\/2019\/11\/alperovich.jpg?resize=350%2C200","width":350,"height":200,"srcset":"https:\/\/i0.wp.com\/www.24baires.com\/wp-content\/uploads\/2019\/11\/alperovich.jpg?resize=350%2C200 1x, https:\/\/i0.wp.com\/www.24baires.com\/wp-content\/uploads\/2019\/11\/alperovich.jpg?resize=525%2C300 1.5x"},"classes":[]},{"id":113221,"url":"http:\/\/www.24baires.com\/?p=113221","url_meta":{"origin":68045,"position":3},"title":"La sobrina de Alperovich ratific\u00f3 su denuncia en Buenos Aires","author":"AF","date":"02\/12\/2019","format":false,"excerpt":"En Tucum\u00e1n, la causa qued\u00f3 caratulada como \"abuso sexual con acceso carnal\". La joven que denunci\u00f3 por abusos sexuales al senador y ex gobernador de Tucum\u00e1n Jos\u00e9 Alperovich, se present\u00f3 ante la justicia porte\u00f1a \u201cpara ratificar su relato sobre los hechos ocurridos en la Ciudad de Buenos Aires y volvi\u00f3\u2026","rel":"","context":"En \u00abSociedad\u00bb","block_context":{"text":"Sociedad","link":"http:\/\/www.24baires.com\/?cat=1"},"img":{"alt_text":"","src":"https:\/\/i0.wp.com\/www.24baires.com\/wp-content\/uploads\/2019\/11\/alperovich.jpg?resize=350%2C200","width":350,"height":200,"srcset":"https:\/\/i0.wp.com\/www.24baires.com\/wp-content\/uploads\/2019\/11\/alperovich.jpg?resize=350%2C200 1x, https:\/\/i0.wp.com\/www.24baires.com\/wp-content\/uploads\/2019\/11\/alperovich.jpg?resize=525%2C300 1.5x"},"classes":[]},{"id":68830,"url":"http:\/\/www.24baires.com\/?p=68830","url_meta":{"origin":68045,"position":4},"title":"Cristina desde Tucum\u00e1n: \u00abEste proyecto le ha dado independencia al pa\u00eds\u00bb","author":"GB","date":"09\/07\/2015","format":false,"excerpt":"Cristina encabeza el acto por el 9 de Julio desde el hip\u00f3dromo Tucum\u00e1n. La ceremonia se transmite por cadena nacionald. Antes, la jefa de Estado, estuvo en la Casa Hist\u00f3rica, donde rindi\u00f3 homenaje a los pr\u00f3ceres de 1816. La presidenta Cristina Fern\u00e1ndez de Kirchner abandon\u00f3 la Casa Hist\u00f3rica de Tucum\u00e1n,\u2026","rel":"","context":"En \u00abSociedad\u00bb","block_context":{"text":"Sociedad","link":"http:\/\/www.24baires.com\/?cat=1"},"img":{"alt_text":"cristinaa","src":"https:\/\/i0.wp.com\/www.24baires.com\/wp-content\/uploads\/2015\/06\/cristinaa.jpg?resize=350%2C200","width":350,"height":200,"srcset":"https:\/\/i0.wp.com\/www.24baires.com\/wp-content\/uploads\/2015\/06\/cristinaa.jpg?resize=350%2C200 1x, https:\/\/i0.wp.com\/www.24baires.com\/wp-content\/uploads\/2015\/06\/cristinaa.jpg?resize=525%2C300 1.5x"},"classes":[]},{"id":49305,"url":"http:\/\/www.24baires.com\/?p=49305","url_meta":{"origin":68045,"position":5},"title":"Mujica, Evo, Correa y Maduro acompa\u00f1ar\u00e1n a Cristina el 9 de Julio","author":"Grupo Sierra","date":"05\/07\/2014","format":false,"excerpt":"Seg\u00fan inform\u00f3 el gobernador de Tucum\u00e1n, Jos\u00e9 Alperovich, participar\u00e1n los presidentes de Uruguay, Bolivia, Ecuador y Venezuela. Los actos oficiales se realizar\u00e1n en Tucum\u00e1n. \"Estamos preparando todo porque aparentemente vendr\u00e1n\", declar\u00f3 Alperovich en rueda de prensa, en alusi\u00f3n a las visita de los presidentes de Uruguay, Jos\u00e9 Mujica; de Bolivia,\u2026","rel":"","context":"En \u00abCultura\u00bb","block_context":{"text":"Cultura","link":"http:\/\/www.24baires.com\/?cat=66"},"img":{"alt_text":"","src":"https:\/\/i0.wp.com\/www.24baires.com\/wp-content\/uploads\/2014\/07\/cristina.jpg?resize=350%2C200","width":350,"height":200,"srcset":"https:\/\/i0.wp.com\/www.24baires.com\/wp-content\/uploads\/2014\/07\/cristina.jpg?resize=350%2C200 1x, https:\/\/i0.wp.com\/www.24baires.com\/wp-content\/uploads\/2014\/07\/cristina.jpg?resize=525%2C300 1.5x"},"classes":[]}],"jetpack_sharing_enabled":true,"jetpack_likes_enabled":true,"jetpack_featured_media_url":"","_links":{"self":[{"href":"http:\/\/www.24baires.com\/index.php?rest_route=\/wp\/v2\/posts\/68045","targetHints":{"allow":["GET"]}}],"collection":[{"href":"http:\/\/www.24baires.com\/index.php?rest_route=\/wp\/v2\/posts"}],"about":[{"href":"http:\/\/www.24baires.com\/index.php?rest_route=\/wp\/v2\/types\/post"}],"author":[{"embeddable":true,"href":"http:\/\/www.24baires.com\/index.php?rest_route=\/wp\/v2\/users\/8"}],"replies":[{"embeddable":true,"href":"http:\/\/www.24baires.com\/index.php?rest_route=%2Fwp%2Fv2%2Fcomments&post=68045"}],"version-history":[{"count":1,"href":"http:\/\/www.24baires.com\/index.php?rest_route=\/wp\/v2\/posts\/68045\/revisions"}],"predecessor-version":[{"id":68047,"href":"http:\/\/www.24baires.com\/index.php?rest_route=\/wp\/v2\/posts\/68045\/revisions\/68047"}],"wp:attachment":[{"href":"http:\/\/www.24baires.com\/index.php?rest_route=%2Fwp%2Fv2%2Fmedia&parent=68045"}],"wp:term":[{"taxonomy":"category","embeddable":true,"href":"http:\/\/www.24baires.com\/index.php?rest_route=%2Fwp%2Fv2%2Fcategories&post=68045"},{"taxonomy":"post_tag","embeddable":true,"href":"http:\/\/www.24baires.com\/index.php?rest_route=%2Fwp%2Fv2%2Ftags&post=68045"}],"curies":[{"name":"wp","href":"https:\/\/api.w.org\/{rel}","templated":true}]}}