{"id":68043,"date":"2015-06-24T10:00:39","date_gmt":"2015-06-24T13:00:39","guid":{"rendered":"http:\/\/www.24baires.com\/?p=68043"},"modified":"2015-06-25T10:31:16","modified_gmt":"2015-06-25T13:31:16","slug":"anibal-se-refirio-al-retiro-de-milani-fue-por-razones-personales-no-le-den-mas-vueltas","status":"publish","type":"post","link":"http:\/\/www.24baires.com\/?p=68043","title":{"rendered":"An\u00edbal se refiri\u00f3 al retiro de Milani: \u00abfue por razones personales, no le den m\u00e1s vueltas"},"content":{"rendered":"<p><img data-recalc-dims=\"1\" loading=\"lazy\" decoding=\"async\" class=\"aligncenter size-full wp-image-63981\" src=\"https:\/\/i0.wp.com\/www.24baires.com\/wp-content\/uploads\/2015\/04\/anibal-conferencia.jpg?resize=560%2C379\" alt=\"anibal conferencia\" width=\"560\" height=\"379\" srcset=\"https:\/\/i0.wp.com\/www.24baires.com\/wp-content\/uploads\/2015\/04\/anibal-conferencia.jpg?w=560 560w, https:\/\/i0.wp.com\/www.24baires.com\/wp-content\/uploads\/2015\/04\/anibal-conferencia.jpg?resize=300%2C203 300w\" sizes=\"auto, (max-width: 560px) 100vw, 560px\" \/>El jefe de Gabinete, An\u00edbal Fern\u00e1ndez, sostuvo hoy que la decisi\u00f3n \u00abes un hecho simple\u00bb y afirm\u00f3 que se debe a motivos personales del ex jefe del Ej\u00e9rcito. \u00abSi el propio Milani lo dijo por qu\u00e9 hay que buscarle la vuelta a estas cosas\u00bb, se pregunt\u00f3.<!--more--><\/p>\n<p>Lo expres\u00f3 en su habitual encuentro con periodistas al ingresar a la Casa de Gobierno, tras ser consultado si el retiro del jefe del Ej\u00e9rcito, general Milani, fue por conveniencia electoral.<\/p>\n<p>Para el jefe de ministros, \u201ccualquiera dice cualquier cosa y esto es una expresi\u00f3n del propio general Milani: el que dice que pide el pase a retiro por razones personales, \u00bfporque hay que buscarle la vuelta a \u00e9stas cosas?\u201d.<\/p>\n<p>Record\u00f3 una expresi\u00f3n de un fraile franciscano de fines del siglo XIII, que se conoce como la navaja de Ockham, \u201cque significa que entre las mismas condiciones, la explicaci\u00f3n m\u00e1s sencilla suele ser la correcta y todos le buscan una explicaci\u00f3n a una situaci\u00f3n y no tiene que darse m\u00e1s vuelta: pidi\u00f3 el retiro por razones personales\u201d.<\/p>\n<p>A\u00f1adi\u00f3 que \u201caqu\u00ed se viene a dar el ejemplo de la navaja de Ockham ante la igualdad de condiciones la explicaci\u00f3n m\u00e1s sencilla suele ser la m\u00e1s correcta y ya tiene 800 a\u00f1os\u201d.<\/p>\n<p>Consultado sobre la posibilidad de que el militar sea llamado a declaraci\u00f3n indagatoria en dos causas penales que afronta en Tucum\u00e1n y La Rioja, Fern\u00e1ndez record\u00f3 que cuando se elev\u00f3 el pliego del general Milani a la comisi\u00f3n de Acuerdos del Senado de la que formaba parte, \u201cel expediente no ten\u00eda absolutamente nada que explicara espec\u00edficamente lo sucedido y lo que dec\u00eda en aquel momento era que si no se explica una raz\u00f3n contundente, y si no hab\u00eda razones que lo explicaran, \u00bfporque no otorgarle el ascenso para ser jefe del Estado Mayor del Ej\u00e9rcito?\u201d.<\/p>\n<p>\u201cEventualmente si en alg\u00fan momento fuera llamado a indagatoria o procesado, la Presidenta, como lo hab\u00eda hecho en otra ocasi\u00f3n con otros jefes militares, le dar\u00eda el retiro y ahora \u00e9l pidi\u00f3 el retiro por razones personales\u201d, concluy\u00f3.<\/p>\n","protected":false},"excerpt":{"rendered":"<p>El jefe de Gabinete, An\u00edbal Fern\u00e1ndez, sostuvo hoy que la decisi\u00f3n \u00abes un hecho simple\u00bb y afirm\u00f3 que se debe a motivos personales del ex jefe del Ej\u00e9rcito. \u00abSi el propio Milani lo dijo por qu\u00e9 hay que buscarle la vuelta a estas cosas\u00bb, se pregunt\u00f3.<\/p>\n","protected":false},"author":8,"featured_media":0,"comment_status":"open","ping_status":"open","sticky":false,"template":"","format":"standard","meta":{"_jetpack_newsletter_access":"","_jetpack_dont_email_post_to_subs":false,"_jetpack_newsletter_tier_id":0,"_jetpack_memberships_contains_paywalled_content":false,"_jetpack_memberships_contains_paid_content":false,"footnotes":""},"categories":[51],"tags":[],"class_list":["post-68043","post","type-post","status-publish","format-standard","hentry","category-politica"],"jetpack_shortlink":"https:\/\/wp.me\/p2JWE0-hHt","jetpack-related-posts":[{"id":111535,"url":"http:\/\/www.24baires.com\/?p=111535","url_meta":{"origin":68043,"position":0},"title":"Absolvieron a Milani por el caso Olivera","author":"AF","date":"09\/08\/2019","format":false,"excerpt":"El ex jefe del Ej\u00e9rcito, C\u00e9sar Milani, result\u00f3 absuelto hoy en la causa que investigaba su presunta participaci\u00f3n en delitos de lesa humanidad cometidos durante la \u00faltima dictadura en la provincia de La Rioja y la Justicia de esa provincia orden\u00f3 su \"inmediata libertad\". As\u00ed lo resolvi\u00f3 el Tribunal Oral\u2026","rel":"","context":"En \u00abJUDICIALES\u00bb","block_context":{"text":"JUDICIALES","link":"http:\/\/www.24baires.com\/?cat=68"},"img":{"alt_text":"","src":"https:\/\/i0.wp.com\/www.24baires.com\/wp-content\/uploads\/2017\/02\/milani3.jpg?resize=350%2C200","width":350,"height":200,"srcset":"https:\/\/i0.wp.com\/www.24baires.com\/wp-content\/uploads\/2017\/02\/milani3.jpg?resize=350%2C200 1x, https:\/\/i0.wp.com\/www.24baires.com\/wp-content\/uploads\/2017\/02\/milani3.jpg?resize=525%2C300 1.5x"},"classes":[]},{"id":68002,"url":"http:\/\/www.24baires.com\/?p=68002","url_meta":{"origin":68043,"position":1},"title":"Milani pidi\u00f3 el pase a retiro por razones \u00abestrictamente personales\u00bb","author":"AF","date":"23\/06\/2015","format":false,"excerpt":"A trav\u00e9s de un comunicado, se inform\u00f3 que el Jefe del Estado Mayor General del Ej\u00e9rcito, present\u00f3 su pase a retiro efectivo \"por razones estrictamente personales\". El Jefe del Estado Mayor General del Ej\u00e9rcito, el teniente general C\u00e9sar Gerardo Milani, present\u00f3 hoy su pedido de \"pase a retiro efectivo\". Seg\u00fan\u2026","rel":"","context":"En \u00abGeneral\u00bb","block_context":{"text":"General","link":"http:\/\/www.24baires.com\/?cat=67"},"img":{"alt_text":"","src":"https:\/\/i0.wp.com\/www.24baires.com\/wp-content\/uploads\/2015\/06\/milani2.jpg?resize=350%2C200","width":350,"height":200,"srcset":"https:\/\/i0.wp.com\/www.24baires.com\/wp-content\/uploads\/2015\/06\/milani2.jpg?resize=350%2C200 1x, https:\/\/i0.wp.com\/www.24baires.com\/wp-content\/uploads\/2015\/06\/milani2.jpg?resize=525%2C300 1.5x"},"classes":[]},{"id":100960,"url":"http:\/\/www.24baires.com\/?p=100960","url_meta":{"origin":68043,"position":2},"title":"La Corte dej\u00f3 firme el procesamiento y la prisi\u00f3n preventiva de C\u00e9sar Milani","author":"AF","date":"09\/03\/2018","format":false,"excerpt":"Es por la causa de secuestro y tormentos a Pedro Olivera y su hijo Ram\u00f3n en marzo de 1977, en La Rioja, durante la dictadura c\u00edvico militar 76-83. La Corte Suprema de Justicia dej\u00f3 firme el procesamiento y prisi\u00f3n preventiva del ex jefe del Ej\u00e9rcito C\u00e9sar Milani por el secuestro\u2026","rel":"","context":"En \u00abLocales\u00bb","block_context":{"text":"Locales","link":"http:\/\/www.24baires.com\/?cat=38"},"img":{"alt_text":"","src":"https:\/\/i0.wp.com\/www.24baires.com\/wp-content\/uploads\/2015\/06\/milani2.jpg?resize=350%2C200","width":350,"height":200,"srcset":"https:\/\/i0.wp.com\/www.24baires.com\/wp-content\/uploads\/2015\/06\/milani2.jpg?resize=350%2C200 1x, https:\/\/i0.wp.com\/www.24baires.com\/wp-content\/uploads\/2015\/06\/milani2.jpg?resize=525%2C300 1.5x"},"classes":[]},{"id":59127,"url":"http:\/\/www.24baires.com\/?p=59127","url_meta":{"origin":68043,"position":3},"title":"\u00abSi Milani es procesado, ser\u00e1 pasado a retiro\u00bb, asegur\u00f3 An\u00edbal Fern\u00e1ndez","author":"GB","date":"24\/12\/2014","format":false,"excerpt":"El Secretario General de la Presidencia, opin\u00f3 sobre el jefe del Ej\u00e9rcito luego de que esta semana el fiscal federal Carlos Brito, pidiera su indagatoria por los delitos de \"falsedad ideol\u00f3gica y encubrimiento\" en la causa por la desaparici\u00f3n del soldado Alberto Agapito Ledo. En ese marco Anibal Fern\u00e1ndez, en\u2026","rel":"","context":"En \u00abPol\u00edtica\u00bb","block_context":{"text":"Pol\u00edtica","link":"http:\/\/www.24baires.com\/?cat=51"},"img":{"alt_text":"fern\u00e1ndez an\u00edbal2","src":"https:\/\/i0.wp.com\/www.24baires.com\/wp-content\/uploads\/2012\/11\/fern%C3%A1ndez-an%C3%ADbal2.jpg?resize=350%2C200","width":350,"height":200,"srcset":"https:\/\/i0.wp.com\/www.24baires.com\/wp-content\/uploads\/2012\/11\/fern%C3%A1ndez-an%C3%ADbal2.jpg?resize=350%2C200 1x, https:\/\/i0.wp.com\/www.24baires.com\/wp-content\/uploads\/2012\/11\/fern%C3%A1ndez-an%C3%ADbal2.jpg?resize=525%2C300 1.5x"},"classes":[]},{"id":68035,"url":"http:\/\/www.24baires.com\/?p=68035","url_meta":{"origin":68043,"position":4},"title":"Ricardo Luis Cundom es el nuevo jefe del Ej\u00e9rcito","author":"GB","date":"23\/06\/2015","format":false,"excerpt":"A trav\u00e9s de un comunicado se inform\u00f3 la designaci\u00f3n del nuevo Jefe del Estado Mayor del Ej\u00e9rcito Argentino, que se produjo tras el pedido de retiro efectuado hoy por el teniente general C\u00e9sar Milani. La presidenta Cristina Fern\u00e1ndez de Kirchner design\u00f3 hoy como nuevo Jefe del Estado Mayor del Ej\u00e9rcito\u2026","rel":"","context":"En \u00abPol\u00edtica\u00bb","block_context":{"text":"Pol\u00edtica","link":"http:\/\/www.24baires.com\/?cat=51"},"img":{"alt_text":"condum","src":"https:\/\/i0.wp.com\/www.24baires.com\/wp-content\/uploads\/2015\/06\/condum-216x300.jpg?resize=350%2C200","width":350,"height":200},"classes":[]},{"id":113198,"url":"http:\/\/www.24baires.com\/?p=113198","url_meta":{"origin":68043,"position":5},"title":"Milani fue absuelto por la desaparici\u00f3n del soldado Ledo","author":"AF","date":"29\/11\/2019","format":false,"excerpt":"C\u00e9sar Milani, ex jefe del Ej\u00e9rcito del gobierno de Cristina Fern\u00e1ndez de Kirchner, acusado de falsear un acta sobre la presunta \"deserci\u00f3n\" del soldado Alberto Agapito Ledo, desaparecido en 1976, fue absuelto por el Tribunal Oral Federal de Tucum\u00e1n. \"Fue una campa\u00f1a pol\u00edtica, medi\u00e1tica y judicial in\u00e9dita contra un jefe\u2026","rel":"","context":"En \u00abJUDICIALES\u00bb","block_context":{"text":"JUDICIALES","link":"http:\/\/www.24baires.com\/?cat=68"},"img":{"alt_text":"","src":"https:\/\/i0.wp.com\/www.24baires.com\/wp-content\/uploads\/2015\/06\/milani2.jpg?resize=350%2C200","width":350,"height":200,"srcset":"https:\/\/i0.wp.com\/www.24baires.com\/wp-content\/uploads\/2015\/06\/milani2.jpg?resize=350%2C200 1x, https:\/\/i0.wp.com\/www.24baires.com\/wp-content\/uploads\/2015\/06\/milani2.jpg?resize=525%2C300 1.5x"},"classes":[]}],"jetpack_sharing_enabled":true,"jetpack_likes_enabled":true,"jetpack_featured_media_url":"","_links":{"self":[{"href":"http:\/\/www.24baires.com\/index.php?rest_route=\/wp\/v2\/posts\/68043","targetHints":{"allow":["GET"]}}],"collection":[{"href":"http:\/\/www.24baires.com\/index.php?rest_route=\/wp\/v2\/posts"}],"about":[{"href":"http:\/\/www.24baires.com\/index.php?rest_route=\/wp\/v2\/types\/post"}],"author":[{"embeddable":true,"href":"http:\/\/www.24baires.com\/index.php?rest_route=\/wp\/v2\/users\/8"}],"replies":[{"embeddable":true,"href":"http:\/\/www.24baires.com\/index.php?rest_route=%2Fwp%2Fv2%2Fcomments&post=68043"}],"version-history":[{"count":1,"href":"http:\/\/www.24baires.com\/index.php?rest_route=\/wp\/v2\/posts\/68043\/revisions"}],"predecessor-version":[{"id":68044,"href":"http:\/\/www.24baires.com\/index.php?rest_route=\/wp\/v2\/posts\/68043\/revisions\/68044"}],"wp:attachment":[{"href":"http:\/\/www.24baires.com\/index.php?rest_route=%2Fwp%2Fv2%2Fmedia&parent=68043"}],"wp:term":[{"taxonomy":"category","embeddable":true,"href":"http:\/\/www.24baires.com\/index.php?rest_route=%2Fwp%2Fv2%2Fcategories&post=68043"},{"taxonomy":"post_tag","embeddable":true,"href":"http:\/\/www.24baires.com\/index.php?rest_route=%2Fwp%2Fv2%2Ftags&post=68043"}],"curies":[{"name":"wp","href":"https:\/\/api.w.org\/{rel}","templated":true}]}}