{"id":68035,"date":"2015-06-23T20:46:48","date_gmt":"2015-06-23T23:46:48","guid":{"rendered":"http:\/\/www.24baires.com\/?p=68035"},"modified":"2015-06-24T09:53:25","modified_gmt":"2015-06-24T12:53:25","slug":"ricardo-luis-cundom-es-el-nuevo-jefe-del-ejercito","status":"publish","type":"post","link":"http:\/\/www.24baires.com\/?p=68035","title":{"rendered":"Ricardo Luis Cundom es el nuevo jefe del Ej\u00e9rcito"},"content":{"rendered":"<p><img data-recalc-dims=\"1\" loading=\"lazy\" decoding=\"async\" class=\"alignleft size-medium wp-image-68036\" src=\"https:\/\/i0.wp.com\/www.24baires.com\/wp-content\/uploads\/2015\/06\/condum.jpg?resize=216%2C300\" alt=\"condum\" width=\"216\" height=\"300\" srcset=\"https:\/\/i0.wp.com\/www.24baires.com\/wp-content\/uploads\/2015\/06\/condum.jpg?resize=216%2C300 216w, https:\/\/i0.wp.com\/www.24baires.com\/wp-content\/uploads\/2015\/06\/condum.jpg?w=404 404w\" sizes=\"auto, (max-width: 216px) 100vw, 216px\" \/>A trav\u00e9s de un comunicado se inform\u00f3 la designaci\u00f3n del nuevo Jefe del Estado Mayor del Ej\u00e9rcito Argentino, que se produjo tras el pedido de retiro efectuado hoy por el teniente general C\u00e9sar Milani.<!--more--><\/p>\n<p>La presidenta Cristina Fern\u00e1ndez de Kirchner design\u00f3 hoy como nuevo Jefe del Estado Mayor del Ej\u00e9rcito Argentino al general de divisi\u00f3n Ricardo Luis Cundom, seg\u00fan indic\u00f3 el ministerio de Defensa a trav\u00e9s de un comunicado oficial, en el que tambi\u00e9n se inform\u00f3 que fue aceptado el pedido de retiro presentado por el teniente general C\u00e9sar Milani.<\/p>\n<p>\u00abLa Presidenta de la Naci\u00f3n, Cristina Fern\u00e1ndez de Kirchner, en uso de las facultades que le confiere la Constituci\u00f3n Nacional como Comandante en Jefa de las Fuerzas Armadas, ha designado como nuevo Jefe del Estado Mayor del Ej\u00e9rcito Argentino al general de divisi\u00f3n, VGM Ricardo Luis Cundom\u00bb, se indic\u00f3 oficialmente.<\/p>\n<p>El Ministerio de Defensa comunic\u00f3, adem\u00e1s, que fue \u00abaceptado el pedido de retiro efectuado en el d\u00eda de la fecha por el teniente general C\u00e9sar Milani, basado en aspectos exclusivamente personales\u00bb.<\/p>\n<p>\u00abEsta cartera hace un reconocimiento a la gesti\u00f3n realizada por el teniente general Milani como Jefe del Ej\u00e9rcito Argentino, agradeciendo su compromiso y dedicaci\u00f3n permanente\u00bb, indicaron desde el ministerio de Defensa a trav\u00e9s del comunicado de prensa difundido esta tarde.<\/p>\n","protected":false},"excerpt":{"rendered":"<p>A trav\u00e9s de un comunicado se inform\u00f3 la designaci\u00f3n del nuevo Jefe del Estado Mayor del Ej\u00e9rcito Argentino, que se produjo tras el pedido de retiro efectuado hoy por el teniente general C\u00e9sar Milani.<\/p>\n","protected":false},"author":8,"featured_media":0,"comment_status":"open","ping_status":"open","sticky":false,"template":"","format":"standard","meta":{"_jetpack_newsletter_access":"","_jetpack_dont_email_post_to_subs":false,"_jetpack_newsletter_tier_id":0,"_jetpack_memberships_contains_paywalled_content":false,"_jetpack_memberships_contains_paid_content":false,"footnotes":""},"categories":[51],"tags":[],"class_list":["post-68035","post","type-post","status-publish","format-standard","hentry","category-politica"],"jetpack_shortlink":"https:\/\/wp.me\/p2JWE0-hHl","jetpack-related-posts":[{"id":68284,"url":"http:\/\/www.24baires.com\/?p=68284","url_meta":{"origin":68035,"position":0},"title":"Rossi pondr\u00e1 en funciones al nuevo jefe del Ej\u00e9rcito, Ricardo Cundom","author":"AF","date":"29\/06\/2015","format":false,"excerpt":"Ser\u00e1 las 17 en una ceremonia en la Plaza de Armas del Regimiento 1 de Patricios de Palermo. El nuevo jefe del Ej\u00e9rcito fue distinguido por el Congreso por su desempe\u00f1o en los ataques de las fuerzas brit\u00e1nicas a los aeropuertos de Puerto Argentino y Monte Agradable durante la guerra\u2026","rel":"","context":"En \u00abPol\u00edtica\u00bb","block_context":{"text":"Pol\u00edtica","link":"http:\/\/www.24baires.com\/?cat=51"},"img":{"alt_text":"","src":"https:\/\/i0.wp.com\/www.24baires.com\/wp-content\/uploads\/2015\/06\/cundom.jpg?resize=350%2C200","width":350,"height":200,"srcset":"https:\/\/i0.wp.com\/www.24baires.com\/wp-content\/uploads\/2015\/06\/cundom.jpg?resize=350%2C200 1x, https:\/\/i0.wp.com\/www.24baires.com\/wp-content\/uploads\/2015\/06\/cundom.jpg?resize=525%2C300 1.5x"},"classes":[]},{"id":68002,"url":"http:\/\/www.24baires.com\/?p=68002","url_meta":{"origin":68035,"position":1},"title":"Milani pidi\u00f3 el pase a retiro por razones \u00abestrictamente personales\u00bb","author":"AF","date":"23\/06\/2015","format":false,"excerpt":"A trav\u00e9s de un comunicado, se inform\u00f3 que el Jefe del Estado Mayor General del Ej\u00e9rcito, present\u00f3 su pase a retiro efectivo \"por razones estrictamente personales\". El Jefe del Estado Mayor General del Ej\u00e9rcito, el teniente general C\u00e9sar Gerardo Milani, present\u00f3 hoy su pedido de \"pase a retiro efectivo\". Seg\u00fan\u2026","rel":"","context":"En \u00abGeneral\u00bb","block_context":{"text":"General","link":"http:\/\/www.24baires.com\/?cat=67"},"img":{"alt_text":"","src":"https:\/\/i0.wp.com\/www.24baires.com\/wp-content\/uploads\/2015\/06\/milani2.jpg?resize=350%2C200","width":350,"height":200,"srcset":"https:\/\/i0.wp.com\/www.24baires.com\/wp-content\/uploads\/2015\/06\/milani2.jpg?resize=350%2C200 1x, https:\/\/i0.wp.com\/www.24baires.com\/wp-content\/uploads\/2015\/06\/milani2.jpg?resize=525%2C300 1.5x"},"classes":[]},{"id":26982,"url":"http:\/\/www.24baires.com\/?p=26982","url_meta":{"origin":68035,"position":2},"title":"Cristina relev\u00f3 a toda la c\u00fapula de las Fuerzas Armadas","author":"Grupo Sierra","date":"26\/06\/2013","format":false,"excerpt":"La Presidenta Cristina Fern\u00e1ndez de Kirchner design\u00f3 al General de Brigada Luis Mar\u00eda Carena como nuevo Jefe del Estado Mayor Conjunto, al mismo tiempo que reemplaz\u00f3 a los jefes de las tres Fuerzas Armadas, seg\u00fan se inform\u00f3 desde el Ministerio de Defensa. Carena reemplazar\u00e1 al Brigadier General Jorge Alberto Chevalier,\u2026","rel":"","context":"En \u00abPol\u00edtica\u00bb","block_context":{"text":"Pol\u00edtica","link":"http:\/\/www.24baires.com\/?cat=51"},"img":{"alt_text":"","src":"","width":0,"height":0},"classes":[]},{"id":37162,"url":"http:\/\/www.24baires.com\/?p=37162","url_meta":{"origin":68035,"position":3},"title":"Milani asumi\u00f3 el mando del Ej\u00e9rcito","author":"GB","date":"19\/12\/2013","format":false,"excerpt":"Tras aprobarse ayer el ascenso en el Senado, el General asumi\u00f3 a ese cargo, en el marco de la ceremonia que encabez\u00f3 la presidenta Cristina Fern\u00e1ndez de Kirchner. Adem\u00e1s, otros oficiales de las Fuerzas Armadas asumieron sus respectivos cargos. En el marco de la ceremonia que encabez\u00f3 la jefa de\u2026","rel":"","context":"En \u00abPol\u00edtica\u00bb","block_context":{"text":"Pol\u00edtica","link":"http:\/\/www.24baires.com\/?cat=51"},"img":{"alt_text":"milani","src":"https:\/\/i0.wp.com\/www.24baires.com\/wp-content\/uploads\/2013\/07\/milani.jpg?resize=350%2C200","width":350,"height":200},"classes":[]},{"id":68313,"url":"http:\/\/www.24baires.com\/?p=68313","url_meta":{"origin":68035,"position":4},"title":"Ricardo Cundom asumi\u00f3 como jefe del Ej\u00e9rcito","author":"GB","date":"29\/06\/2015","format":false,"excerpt":"El general fue puesto en funciones este lunes en un acto encabezado por el ministro de Defensa, Agust\u00edn Rossi. Afirm\u00f3 que se trata del \"desaf\u00edo m\u00e1s importante\" de su vida profesional. En tanto, el saliente C\u00e9sar Milani arremeti\u00f3 contra quienes lo criticaron. El general Ricardo Luis Cundom asumi\u00f3 este lunes\u2026","rel":"","context":"En \u00abPol\u00edtica\u00bb","block_context":{"text":"Pol\u00edtica","link":"http:\/\/www.24baires.com\/?cat=51"},"img":{"alt_text":"cundom","src":"https:\/\/i0.wp.com\/www.24baires.com\/wp-content\/uploads\/2015\/06\/cundom.jpg?resize=350%2C200","width":350,"height":200,"srcset":"https:\/\/i0.wp.com\/www.24baires.com\/wp-content\/uploads\/2015\/06\/cundom.jpg?resize=350%2C200 1x, https:\/\/i0.wp.com\/www.24baires.com\/wp-content\/uploads\/2015\/06\/cundom.jpg?resize=525%2C300 1.5x"},"classes":[]},{"id":113198,"url":"http:\/\/www.24baires.com\/?p=113198","url_meta":{"origin":68035,"position":5},"title":"Milani fue absuelto por la desaparici\u00f3n del soldado Ledo","author":"AF","date":"29\/11\/2019","format":false,"excerpt":"C\u00e9sar Milani, ex jefe del Ej\u00e9rcito del gobierno de Cristina Fern\u00e1ndez de Kirchner, acusado de falsear un acta sobre la presunta \"deserci\u00f3n\" del soldado Alberto Agapito Ledo, desaparecido en 1976, fue absuelto por el Tribunal Oral Federal de Tucum\u00e1n. \"Fue una campa\u00f1a pol\u00edtica, medi\u00e1tica y judicial in\u00e9dita contra un jefe\u2026","rel":"","context":"En \u00abJUDICIALES\u00bb","block_context":{"text":"JUDICIALES","link":"http:\/\/www.24baires.com\/?cat=68"},"img":{"alt_text":"","src":"https:\/\/i0.wp.com\/www.24baires.com\/wp-content\/uploads\/2015\/06\/milani2.jpg?resize=350%2C200","width":350,"height":200,"srcset":"https:\/\/i0.wp.com\/www.24baires.com\/wp-content\/uploads\/2015\/06\/milani2.jpg?resize=350%2C200 1x, https:\/\/i0.wp.com\/www.24baires.com\/wp-content\/uploads\/2015\/06\/milani2.jpg?resize=525%2C300 1.5x"},"classes":[]}],"jetpack_sharing_enabled":true,"jetpack_likes_enabled":true,"jetpack_featured_media_url":"","_links":{"self":[{"href":"http:\/\/www.24baires.com\/index.php?rest_route=\/wp\/v2\/posts\/68035","targetHints":{"allow":["GET"]}}],"collection":[{"href":"http:\/\/www.24baires.com\/index.php?rest_route=\/wp\/v2\/posts"}],"about":[{"href":"http:\/\/www.24baires.com\/index.php?rest_route=\/wp\/v2\/types\/post"}],"author":[{"embeddable":true,"href":"http:\/\/www.24baires.com\/index.php?rest_route=\/wp\/v2\/users\/8"}],"replies":[{"embeddable":true,"href":"http:\/\/www.24baires.com\/index.php?rest_route=%2Fwp%2Fv2%2Fcomments&post=68035"}],"version-history":[{"count":1,"href":"http:\/\/www.24baires.com\/index.php?rest_route=\/wp\/v2\/posts\/68035\/revisions"}],"predecessor-version":[{"id":68037,"href":"http:\/\/www.24baires.com\/index.php?rest_route=\/wp\/v2\/posts\/68035\/revisions\/68037"}],"wp:attachment":[{"href":"http:\/\/www.24baires.com\/index.php?rest_route=%2Fwp%2Fv2%2Fmedia&parent=68035"}],"wp:term":[{"taxonomy":"category","embeddable":true,"href":"http:\/\/www.24baires.com\/index.php?rest_route=%2Fwp%2Fv2%2Fcategories&post=68035"},{"taxonomy":"post_tag","embeddable":true,"href":"http:\/\/www.24baires.com\/index.php?rest_route=%2Fwp%2Fv2%2Ftags&post=68035"}],"curies":[{"name":"wp","href":"https:\/\/api.w.org\/{rel}","templated":true}]}}