{"id":68023,"date":"2015-06-23T18:35:11","date_gmt":"2015-06-23T21:35:11","guid":{"rendered":"http:\/\/www.24baires.com\/?p=68023"},"modified":"2015-06-23T18:35:11","modified_gmt":"2015-06-23T21:35:11","slug":"ratifican-el-pedido-de-indagatorias-a-herrera-de-noble-magnetto-y-mitre-por-papel-prensa","status":"publish","type":"post","link":"http:\/\/www.24baires.com\/?p=68023","title":{"rendered":"Ratifican el pedido de indagatorias a Herrera de Noble, Magnetto y Mitre por Papel Prensa"},"content":{"rendered":"<p><img data-recalc-dims=\"1\" loading=\"lazy\" decoding=\"async\" class=\"aligncenter size-full wp-image-64374\" src=\"https:\/\/i0.wp.com\/www.24baires.com\/wp-content\/uploads\/2015\/04\/mitre-magnetto.jpg?resize=560%2C373\" alt=\"mitre magnetto\" width=\"560\" height=\"373\" srcset=\"https:\/\/i0.wp.com\/www.24baires.com\/wp-content\/uploads\/2015\/04\/mitre-magnetto.jpg?w=560 560w, https:\/\/i0.wp.com\/www.24baires.com\/wp-content\/uploads\/2015\/04\/mitre-magnetto.jpg?resize=300%2C200 300w\" sizes=\"auto, (max-width: 560px) 100vw, 560px\" \/>La Secretar\u00eda de Derechos Humanos pidi\u00f3 a la C\u00e1mara Federal porte\u00f1a que se cite a indagatoria a los directivos del grupo Clar\u00edn y de La Naci\u00f3n, porque \u00abes la \u00fanica forma en que la causa\u00bb por el desapoderamiento de la empresa Papel Prensa durante la dictadura c\u00edvico militar, \u00abpueda progresar y se arroje luz\u00bb sobre los hechos.<!--more--><\/p>\n<p>\u00abCreemos que la \u00fanica forma para que la causa pueda progresar y se arroje luz es que se produzcan las declaraciones indagatorias\u00bb, afirm\u00f3 el subsecretario de Derechos Humanos Luis Al\u00e9n al exponer ante la sala I de la C\u00e1mara Federal porte\u00f1a que tendr\u00e1 que resolver si ratifica o revoca la decisi\u00f3n del juez federal Juli\u00e1n Ercolini de no indagar por el momento a los imputado.<\/p>\n<p>\u00abNo entendemos cu\u00e1l es el motivo de reticencia del juzgado\u00bb, agreg\u00f3 Al\u00e9n.<\/p>\n<p>La audiencia ante los camaristas Eduardo Freiler, Eduardo Farah y Jorge Ballestero comenz\u00f3 poco despu\u00e9s de las 12 en los tribunales federales de Retiro con la presencia del Secretario de Derechos Humanos de la Naci\u00f3n, Mart\u00edn Fresneda, quien pidi\u00f3 al fiscal ante esa instancia Germ\u00e1n Moldes que \u00abacompa\u00f1e a las v\u00edctimas como representante p\u00fablico de los intereses que tiene la sociedad\u00bb en una causa \u00abque ya est\u00e1 resuelta como imprescriptible\u00bb.<\/p>\n<p>Pero Moldes, hab\u00eda presentado poco antes un dictamen en el que desisti\u00f3 de sostener la apelaci\u00f3n de su par de la instancia inferior, Leonel G\u00f3mez Barbella, algo que ratific\u00f3 al hablar en la audiencia aunque s\u00ed inst\u00f3 a los camaristas a \u00absugerir recomendar a Ercolini que evite dilaciones injustificadas en la producci\u00f3n de la prueba pendiente\u00bb.<\/p>\n<p>\u00abLa decisi\u00f3n a trav\u00e9s de la cual el juez de instrucci\u00f3n decide no convocar a prestar declaraci\u00f3n indagatoria es irrecurrible excepto que sobrevenga como su consecuencia inmediata un agravio irreparable\u00bb, algo que no se ve en el caso, consider\u00f3 Moldes en el dictamen que luego ratific\u00f3 de manera oral.<\/p>\n<p>Al exponer por la querella, Al\u00e9n consider\u00f3 que \u00abla causa se tramita desde el 2010, que ya fallecieron cinco imputados y que desde hace m\u00e1s de tres a\u00f1os la causa est\u00e1 radicada en el jzugado de Ercolini \u00absin que se produzcan significativos avances\u00bb.<\/p>\n<p>\u00abS\u00ed observamos una reticencia del juez a ir avanzando en pos del esclarecimiento\u00bb, ante una causa que entendi\u00f3 es de \u00abgravedad institucional\u00bb en la que los acusados de la causa \u00abintegraban un Estado terrorista\u00bb.<\/p>\n<p>A su turno, Fresneda record\u00f3 que \u00e9l fue v\u00edctima del terrorismo de Estado en la \u00faltima dictadura c\u00edvico militar. \u00abNo vengo a presionar a nadie ni a condicionar\u00bb, respondi\u00f3 ante una cr\u00edtica de los abogados defensores que aludieron a \u00abpresiones\u00bb sobre el juez del caso, Ercolini y ejemplificaron con la presencia de un funcionario del Gobierno Nacional en la audiencia.<\/p>\n<p>\u00abSoy v\u00edctima del terrorismo de Estado y ha sido muy dif\u00edcil. Mi presencia aqu\u00ed es la presencia de un Estado, vine a poner la cara porque no s\u00f3lo soy una firma, soy una persona que piensa, siente y tiene responsabilidades, vine a representar al Poder Ejecutivo y a acompa\u00f1ar a los abogados\u00bb, concluy\u00f3.<\/p>\n<p>La defensa del CEO de Clar\u00edn, H\u00e9ctor Magnetto, hab\u00eda aludido a presiones sobre fiscales y el juez de la causa,al pedir que se ratifique la negativa a indagar a su cliente.<\/p>\n<p>\u00abNadie esta preocupado por el derecho de defensa de Magnetto o Mitre, ac\u00e1 con argumentos falaces lo que se quiere es el escarnio p\u00fablico, que pasen por las c\u00e1maras de televisi\u00f3n\u00bb, argument\u00f3 el abogado Hugo Wortman Jofre.<\/p>\n<p>Los abogados defensores insistieron con que a cinco a\u00f1os del inicio de la causa, en caso de no haber evidencias, sus clientes deber\u00edan ser sobrese\u00eddos y no llamados a declaraci\u00f3n indagatoria, insistieron en \u00abrespetar las reglas del debido proceso\u00bb y aludieron a un \u00abcontexto de presi\u00f3n\u00bb sobre el magistrado del caso.<\/p>\n<p>Por el imputado Bartolom\u00e9 Mitre expuso el abogado Alejandro Perez Chada y por Raymundo Pio Podesta, el letrado Pedro Pusinelli.<\/p>\n<p>La defensa de Ernestina Herrera de Noble present\u00f3 un escrito y no concurri\u00f3 a la audiencia oral.<\/p>\n<p>Tras esta audiencia, los camaristas deben resolver en las pr\u00f3ximas semanas si hacen lugar a la apelaci\u00f3n y ordenan las indagatorias o rechazan el recurso.<\/p>\n","protected":false},"excerpt":{"rendered":"<p>La Secretar\u00eda de Derechos Humanos pidi\u00f3 a la C\u00e1mara Federal porte\u00f1a que se cite a indagatoria a los directivos del grupo Clar\u00edn y de La Naci\u00f3n, porque \u00abes la \u00fanica forma en que la causa\u00bb por el desapoderamiento de la empresa Papel Prensa durante la dictadura c\u00edvico militar, \u00abpueda progresar y se arroje luz\u00bb sobre los hechos.<\/p>\n","protected":false},"author":8,"featured_media":0,"comment_status":"open","ping_status":"open","sticky":false,"template":"","format":"standard","meta":{"_jetpack_newsletter_access":"","_jetpack_dont_email_post_to_subs":false,"_jetpack_newsletter_tier_id":0,"_jetpack_memberships_contains_paywalled_content":false,"_jetpack_memberships_contains_paid_content":false,"footnotes":""},"categories":[51],"tags":[],"class_list":["post-68023","post","type-post","status-publish","format-standard","hentry","category-politica"],"jetpack_shortlink":"https:\/\/wp.me\/p2JWE0-hH9","jetpack-related-posts":[{"id":33405,"url":"http:\/\/www.24baires.com\/?p=33405","url_meta":{"origin":68023,"position":0},"title":"Papel Prensa: reiteran el pedido de indagatoria a los acusados","author":"GB","date":"11\/10\/2013","format":false,"excerpt":"La Secretar\u00eda de Derechos Humanos de la Naci\u00f3n es querellante de la causa que investiga la apropiaci\u00f3n de Papel Prensa durante la dictadura. Hoy le solicit\u00f3 al juez federal Juli\u00e1n Ercolini que indague de forma inmediata a los imputados en esa causa desde 2010. La Secretar\u00eda de Derechos Humanos de\u2026","rel":"","context":"En \u00abMedios\u00bb","block_context":{"text":"Medios","link":"http:\/\/www.24baires.com\/?cat=54"},"img":{"alt_text":"","src":"https:\/\/i0.wp.com\/www.24baires.com\/wp-content\/uploads\/2013\/10\/magnetto.jpg?resize=350%2C200","width":350,"height":200,"srcset":"https:\/\/i0.wp.com\/www.24baires.com\/wp-content\/uploads\/2013\/10\/magnetto.jpg?resize=350%2C200 1x, https:\/\/i0.wp.com\/www.24baires.com\/wp-content\/uploads\/2013\/10\/magnetto.jpg?resize=525%2C300 1.5x"},"classes":[]},{"id":64853,"url":"http:\/\/www.24baires.com\/?p=64853","url_meta":{"origin":68023,"position":1},"title":"Derechos Humanos recus\u00f3 al fiscal Germ\u00e1n Moldes por Papel Prensa","author":"GB","date":"24\/04\/2015","format":false,"excerpt":"El organismo pidi\u00f3 que el funcionario judicial sea apartado de la causa porque se excus\u00f3 recientemente \"en intervenir en aquellas causas en las que se investigasen cr\u00edmenes de lesa humanidad\". En el marco de la causa por la apropiaci\u00f3n irregular de Papel Prensa, la secretar\u00eda de Derechos Humanos de la\u2026","rel":"","context":"En \u00abMedios\u00bb","block_context":{"text":"Medios","link":"http:\/\/www.24baires.com\/?cat=54"},"img":{"alt_text":"","src":"https:\/\/i0.wp.com\/www.24baires.com\/wp-content\/uploads\/2015\/04\/moldes2.jpg?resize=350%2C200","width":350,"height":200,"srcset":"https:\/\/i0.wp.com\/www.24baires.com\/wp-content\/uploads\/2015\/04\/moldes2.jpg?resize=350%2C200 1x, https:\/\/i0.wp.com\/www.24baires.com\/wp-content\/uploads\/2015\/04\/moldes2.jpg?resize=525%2C300 1.5x"},"classes":[]},{"id":101370,"url":"http:\/\/www.24baires.com\/?p=101370","url_meta":{"origin":68023,"position":2},"title":"Defensor de implicados en delitos de lesa humanidad podr\u00eda ser designado fiscal federal","author":"GB","date":"02\/04\/2018","format":false,"excerpt":"Las organizaciones de Derechos Humanos en Bah\u00eda Blanca se encuentran en alerta tras la posible designaci\u00f3n de un defensor de militares y civiles relacionados a delitos de lesa humanidad durante la \u00faltima dictadura. \u201cNo convaliden con su acuerdo a un funcionario que promovi\u00f3 la impunidad\u201d, expresaron. Organismos de Derechos Humanos\u2026","rel":"","context":"En \u00abMemoria\u00bb","block_context":{"text":"Memoria","link":"http:\/\/www.24baires.com\/?cat=50"},"img":{"alt_text":"","src":"https:\/\/i0.wp.com\/www.24baires.com\/wp-content\/uploads\/2018\/04\/abogado-bahia.jpg?resize=350%2C200","width":350,"height":200,"srcset":"https:\/\/i0.wp.com\/www.24baires.com\/wp-content\/uploads\/2018\/04\/abogado-bahia.jpg?resize=350%2C200 1x, https:\/\/i0.wp.com\/www.24baires.com\/wp-content\/uploads\/2018\/04\/abogado-bahia.jpg?resize=525%2C300 1.5x"},"classes":[]},{"id":65971,"url":"http:\/\/www.24baires.com\/?p=65971","url_meta":{"origin":68023,"position":3},"title":"Fijan nueva audiencia para tratar indagatorias por Papel Prensa","author":"AF","date":"15\/05\/2015","format":false,"excerpt":"La C\u00e1mara Federal porte\u00f1a fij\u00f3 para el 23 de junio pr\u00f3ximo una nueva audiencia para tratar el pedido del fiscal Leonel G\u00f3mez Barbella, para indagar a Ernestina Herrera de Noble, H\u00e9ctor Magnetto y Bartolom\u00e9 Luis Mitre, en la causa que investiga la compra extorsiva de la empresa Papel Prensa durante\u2026","rel":"","context":"En \u00abJUDICIALES\u00bb","block_context":{"text":"JUDICIALES","link":"http:\/\/www.24baires.com\/?cat=68"},"img":{"alt_text":"papel prensa","src":"https:\/\/i0.wp.com\/www.24baires.com\/wp-content\/uploads\/2013\/06\/papel-prensa-300x224.jpg?resize=350%2C200","width":350,"height":200},"classes":[]},{"id":7827,"url":"http:\/\/www.24baires.com\/?p=7827","url_meta":{"origin":68023,"position":4},"title":"La Secretar\u00eda de Derechos Humanos pidi\u00f3 indagatorias por la causa Papel Prensa","author":"AF","date":"04\/12\/2012","format":false,"excerpt":"Solicit\u00f3 al juez, Juli\u00e1n Ercolini, que cite a la directora de Clar\u00edn, Ernestina Herrera de Noble; al CEO del grupo, H\u00e9ctor Magnetto; al presidente de La Naci\u00f3n, Bartolom\u00e9 Mitre, al dictador Jorge Rafael Videla y al ex ministro de Econom\u00eda de la dictadura, Jos\u00e9 Alfredo Mart\u00ednez de Hoz, entre otros\u2026","rel":"","context":"En \u00abMemoria\u00bb","block_context":{"text":"Memoria","link":"http:\/\/www.24baires.com\/?cat=50"},"img":{"alt_text":"","src":"","width":0,"height":0},"classes":[]},{"id":118212,"url":"http:\/\/www.24baires.com\/?p=118212","url_meta":{"origin":68023,"position":5},"title":"Relevado del deber de guardar secreto, Macri ser\u00e1 indagado en Dolores","author":"AF","date":"02\/11\/2021","format":false,"excerpt":"El expresidente deber\u00e1 presentarse en el Juzgado Federal de Dolores a prestar declaraci\u00f3n indagatoria en la causa por presunto espionaje ilegal a familiares de tripulantes del submarino ARA San Juan. El expresidente Mauricio Macri deber\u00e1 presentarse este mi\u00e9rcoles en el Juzgado Federal de Dolores a prestar declaraci\u00f3n indagatoria en la\u2026","rel":"","context":"En \u00abJUDICIALES\u00bb","block_context":{"text":"JUDICIALES","link":"http:\/\/www.24baires.com\/?cat=68"},"img":{"alt_text":"","src":"https:\/\/i0.wp.com\/www.24baires.com\/wp-content\/uploads\/2021\/11\/617ab0fdad11f_900.jpg?resize=350%2C200","width":350,"height":200,"srcset":"https:\/\/i0.wp.com\/www.24baires.com\/wp-content\/uploads\/2021\/11\/617ab0fdad11f_900.jpg?resize=350%2C200 1x, https:\/\/i0.wp.com\/www.24baires.com\/wp-content\/uploads\/2021\/11\/617ab0fdad11f_900.jpg?resize=525%2C300 1.5x"},"classes":[]}],"jetpack_sharing_enabled":true,"jetpack_likes_enabled":true,"jetpack_featured_media_url":"","_links":{"self":[{"href":"http:\/\/www.24baires.com\/index.php?rest_route=\/wp\/v2\/posts\/68023","targetHints":{"allow":["GET"]}}],"collection":[{"href":"http:\/\/www.24baires.com\/index.php?rest_route=\/wp\/v2\/posts"}],"about":[{"href":"http:\/\/www.24baires.com\/index.php?rest_route=\/wp\/v2\/types\/post"}],"author":[{"embeddable":true,"href":"http:\/\/www.24baires.com\/index.php?rest_route=\/wp\/v2\/users\/8"}],"replies":[{"embeddable":true,"href":"http:\/\/www.24baires.com\/index.php?rest_route=%2Fwp%2Fv2%2Fcomments&post=68023"}],"version-history":[{"count":1,"href":"http:\/\/www.24baires.com\/index.php?rest_route=\/wp\/v2\/posts\/68023\/revisions"}],"predecessor-version":[{"id":68024,"href":"http:\/\/www.24baires.com\/index.php?rest_route=\/wp\/v2\/posts\/68023\/revisions\/68024"}],"wp:attachment":[{"href":"http:\/\/www.24baires.com\/index.php?rest_route=%2Fwp%2Fv2%2Fmedia&parent=68023"}],"wp:term":[{"taxonomy":"category","embeddable":true,"href":"http:\/\/www.24baires.com\/index.php?rest_route=%2Fwp%2Fv2%2Fcategories&post=68023"},{"taxonomy":"post_tag","embeddable":true,"href":"http:\/\/www.24baires.com\/index.php?rest_route=%2Fwp%2Fv2%2Ftags&post=68023"}],"curies":[{"name":"wp","href":"https:\/\/api.w.org\/{rel}","templated":true}]}}