{"id":68016,"date":"2015-06-23T17:05:33","date_gmt":"2015-06-23T20:05:33","guid":{"rendered":"http:\/\/www.24baires.com\/?p=68016"},"modified":"2015-06-23T17:05:33","modified_gmt":"2015-06-23T20:05:33","slug":"memorandum-fijaron-nueva-fecha-para-difundir-el-veredicto","status":"publish","type":"post","link":"http:\/\/www.24baires.com\/?p=68016","title":{"rendered":"Memor\u00e1ndum: Fijaron nueva fecha para difundir el veredicto"},"content":{"rendered":"<p>La resoluci\u00f3n del planteo estaba prevista para el mediod\u00eda de ayer, pero dos de los tres camaristas de la Sala I del Tribunal, Luis Cabral y Ana Figueroa (el tercero es Juan Geminiani) no hab\u00edan completado sus votos.<!--more--><\/p>\n<p>La C\u00e1mara Federal de Casaci\u00f3n Penal fij\u00f3 audiencia para el pr\u00f3ximo 30 de junio a las 11 para dar a conocer su decisi\u00f3n sobre la constitucionalidad del Memor\u00e1ndum de Entendimiento entre la Argentina e Ir\u00e1n por el atentado a la AMIA.<\/p>\n<p>La resoluci\u00f3n del planteo estaba prevista para ayer, pero dos de los tres camaristas de la Sala I del Tribunal, Luis Cabral y Ana Figueroa (el tercero es Juan Geminiani) no hab\u00edan completado sus votos.<\/p>\n<p>Esta ma\u00f1ana, en declaraciones radiales, Figueroa hab\u00eda anticipado que la cuesti\u00f3n ser\u00eda resuelta dentro del corriente mes, con lo que sali\u00f3 al cruce de especulaciones period\u00edsticas que se\u00f1alaban que el 30 de junio cambiar\u00eda el r\u00e9gimen de subrogancias en el m\u00e1ximo tribunal penal del pa\u00eds.<\/p>\n<p>Las partes hab\u00edan sido convocadas para ayer a mediod\u00eda, pero fue entonces cuando, ante la falta de los votos de Figueroa (presidente de la CFCP) y Cabral, se decidi\u00f3 \u00absuspender\u00bb la audiencia que hab\u00eda sido anunciada con m\u00e1s de un mes de anticipaci\u00f3n.<\/p>\n<p>El planteo tom\u00f3 estado judicial cuando representantes de la AMIA y la DAIA pidieron, mediante una acci\u00f3n de amparo, que se declarara la inconstitucionalidad del Memor\u00e1ndum.<\/p>\n<p>El juez federal Rodolfo Canicoba Corral, a cargo de la causa por el ataque a la mutual jud\u00eda, rechaz\u00f3 el pedido y, como lo pidi\u00f3 el Ministerio de Justicia de la Naci\u00f3n, declar\u00f3 la constitucionalidad del Memor\u00e1ndum de Entendimiento, pero la Sala I de la C\u00e1mara de ese fuero revoc\u00f3 el fallo y se expidi\u00f3 en sentido contrario.<\/p>\n<p>Ayer, cuando se supo que la audiencia iba a ser postergada, el titular de la DAIA, Julio Schlosser, junto al abogado querellante Miguel Bronfman, presentaron un pedido de \u00abpronto despacho\u00bb ante la sala I de la CFCP, por lo que consideraron el \u00abexcesivo tiempo\u00bb transcurrido sin decisi\u00f3n judicial.<\/p>\n<p>Geminiani, Figueroa y Cabral deben resolver si declaran la constitucionalidad del memor\u00e1ndum o ratifican el fallo de la Sala I de la C\u00e1mara Federal porte\u00f1a.<\/p>\n<p>El Memor\u00e1ndum de Entendimiento entre el gobierno argentino y el de la Rep\u00fablica de Ir\u00e1n se firm\u00f3 el 27 de enero de 2013 durante la XX Cumbre de Pa\u00edses Africanos, en Etiop\u00eda. Un mes despu\u00e9s el Congreso nacional convirti\u00f3 al acuerdo en ley.<\/p>\n<p>El acuerdo tiene nueve puntos, que prev\u00e9n la creaci\u00f3n de una Comisi\u00f3n de la Verdad integrada por juristas internacionales para colaborar con la investigaci\u00f3n.<\/p>\n<p>Tambi\u00e9n se prev\u00e9 la posibilidad de que representantes de la Justicia argentina puedan interrogar a los sospechosos iran\u00edes, sobre quienes pesa una orden de captura de Interpol.<\/p>\n<p>&nbsp;<\/p>\n<p>&nbsp;<\/p>\n<p>&nbsp;<\/p>\n<p>&nbsp;<\/p>\n<p>&nbsp;<\/p>\n<p>&nbsp;<\/p>\n<p>&nbsp;<\/p>\n<p>&nbsp;<\/p>\n<p>&nbsp;<\/p>\n<p>&nbsp;<\/p>\n<p>&nbsp;<\/p>\n<p>&nbsp;<\/p>\n<p>&nbsp;<\/p>\n<p>&nbsp;<\/p>\n<p>&nbsp;<\/p>\n<p>&nbsp;<\/p>\n<p>&nbsp;<\/p>\n","protected":false},"excerpt":{"rendered":"<p>La resoluci\u00f3n del planteo estaba prevista para el mediod\u00eda de ayer, pero dos de los tres camaristas de la Sala I del Tribunal, Luis Cabral y Ana Figueroa (el tercero es Juan Geminiani) no hab\u00edan completado sus votos.<\/p>\n","protected":false},"author":8,"featured_media":0,"comment_status":"open","ping_status":"open","sticky":false,"template":"","format":"standard","meta":{"_jetpack_newsletter_access":"","_jetpack_dont_email_post_to_subs":false,"_jetpack_newsletter_tier_id":0,"_jetpack_memberships_contains_paywalled_content":false,"_jetpack_memberships_contains_paid_content":false,"footnotes":""},"categories":[51],"tags":[],"class_list":["post-68016","post","type-post","status-publish","format-standard","hentry","category-politica"],"jetpack_shortlink":"https:\/\/wp.me\/p2JWE0-hH2","jetpack-related-posts":[{"id":68458,"url":"http:\/\/www.24baires.com\/?p=68458","url_meta":{"origin":68016,"position":0},"title":"Cabral pidi\u00f3 una inconstitucionalidad para ser repuesto","author":"AF","date":"01\/07\/2015","format":false,"excerpt":"Los conjueces Norberto Frontini y Roberto Boico juraron como nuevos vocales subrogantes de la Sala I de la C\u00e1mara Federal de Casaci\u00f3n Penal, para lo cual fueron designados la semana pasada por el Consejo de la Magistratura, completando de este modo esa sala del m\u00e1ximo tribunal penal del pa\u00eds. La\u2026","rel":"","context":"En \u00abJUDICIALES\u00bb","block_context":{"text":"JUDICIALES","link":"http:\/\/www.24baires.com\/?cat=68"},"img":{"alt_text":"","src":"","width":0,"height":0},"classes":[]},{"id":65796,"url":"http:\/\/www.24baires.com\/?p=65796","url_meta":{"origin":68016,"position":1},"title":"Casaci\u00f3n archiv\u00f3 la denuncia de Nisman","author":"GB","date":"12\/05\/2015","format":false,"excerpt":"En un fallo por unanimidad, los camaristas Ana Mar\u00eda Figueroa, Luis Mar\u00eda Cabral y Gustavo Hornos fundaron su decisi\u00f3n en que la apelaci\u00f3n hab\u00eda sido desistida por el fiscal Javier De Luca, en sinton\u00eda con el fallo del juez Daniel Rafecas por inexistencia de delito. La denuncia del fallecido fiscal\u2026","rel":"","context":"En \u00abPol\u00edtica\u00bb","block_context":{"text":"Pol\u00edtica","link":"http:\/\/www.24baires.com\/?cat=51"},"img":{"alt_text":"nisman-1","src":"https:\/\/i0.wp.com\/www.24baires.com\/wp-content\/uploads\/2015\/01\/nisman-1.jpg?resize=350%2C200","width":350,"height":200,"srcset":"https:\/\/i0.wp.com\/www.24baires.com\/wp-content\/uploads\/2015\/01\/nisman-1.jpg?resize=350%2C200 1x, https:\/\/i0.wp.com\/www.24baires.com\/wp-content\/uploads\/2015\/01\/nisman-1.jpg?resize=525%2C300 1.5x"},"classes":[]},{"id":104913,"url":"http:\/\/www.24baires.com\/?p=104913","url_meta":{"origin":68016,"position":2},"title":"Causa de los sobresueldos: ratificaron las condenas de Menem y Cavallo","author":"AF","date":"12\/10\/2018","format":false,"excerpt":"La C\u00e1mara Federal de Casaci\u00f3n Penal dej\u00f3 firme las condenas al ex Presidente y al ex ministro de Econom\u00eda en la causa de los sobresueldos. La condena para Menem es de 4 a\u00f1os y medio de prisi\u00f3n, mientras que a Cavallo le corresponden 3 a\u00f1os y medio. En un fallo\u2026","rel":"","context":"En \u00abJUDICIALES\u00bb","block_context":{"text":"JUDICIALES","link":"http:\/\/www.24baires.com\/?cat=68"},"img":{"alt_text":"","src":"https:\/\/i0.wp.com\/www.24baires.com\/wp-content\/uploads\/2016\/05\/menem-c.jpg?resize=350%2C200","width":350,"height":200,"srcset":"https:\/\/i0.wp.com\/www.24baires.com\/wp-content\/uploads\/2016\/05\/menem-c.jpg?resize=350%2C200 1x, https:\/\/i0.wp.com\/www.24baires.com\/wp-content\/uploads\/2016\/05\/menem-c.jpg?resize=525%2C300 1.5x"},"classes":[]},{"id":66014,"url":"http:\/\/www.24baires.com\/?p=66014","url_meta":{"origin":68016,"position":3},"title":"Casaci\u00f3n definir\u00e1 sobre constitucionalidad del Memor\u00e1ndum con Ir\u00e1n el 22 de junio","author":"GB","date":"15\/05\/2015","format":false,"excerpt":"La C\u00e1mara Federal de Casaci\u00f3n Penal anunci\u00f3 que reci\u00e9n el lunes 22 de junio difundir\u00e1 su fallo sobre la constitucionalidad o no del tratado con Ir\u00e1n para indagar a los acusados por el atentado terrorista de 1994 contra la Amia. Lo har\u00e1 en una audiencia convocada para las 12 de\u2026","rel":"","context":"En \u00abPol\u00edtica\u00bb","block_context":{"text":"Pol\u00edtica","link":"http:\/\/www.24baires.com\/?cat=51"},"img":{"alt_text":"timerman","src":"https:\/\/i0.wp.com\/www.24baires.com\/wp-content\/uploads\/2014\/08\/timerman.jpg?resize=350%2C200","width":350,"height":200,"srcset":"https:\/\/i0.wp.com\/www.24baires.com\/wp-content\/uploads\/2014\/08\/timerman.jpg?resize=350%2C200 1x, https:\/\/i0.wp.com\/www.24baires.com\/wp-content\/uploads\/2014\/08\/timerman.jpg?resize=525%2C300 1.5x"},"classes":[]},{"id":114081,"url":"http:\/\/www.24baires.com\/?p=114081","url_meta":{"origin":68016,"position":4},"title":"Casaci\u00f3n anul\u00f3 la prisi\u00f3n preventiva de Cristina Kirchner en la causa cuadernos","author":"AF","date":"10\/02\/2020","format":false,"excerpt":"Tras el fallo firmado por los jueces Ana Mar\u00eda Figueroa, Daniel Petrone y Diego Barroetave\u00f1a no quedan prisiones preventivas pendientes contra la ex mandataria. La C\u00e1mara Federal de Casaci\u00f3n Penal dispuso hoy el cese de la prisi\u00f3n preventiva que pesaba sobre la vicepresidenta Cristina Fern\u00e1ndez de Kirchner en el marco\u2026","rel":"","context":"En \u00abJUDICIALES\u00bb","block_context":{"text":"JUDICIALES","link":"http:\/\/www.24baires.com\/?cat=68"},"img":{"alt_text":"","src":"https:\/\/i0.wp.com\/www.24baires.com\/wp-content\/uploads\/2019\/10\/cristina01telam.jpg?resize=350%2C200","width":350,"height":200,"srcset":"https:\/\/i0.wp.com\/www.24baires.com\/wp-content\/uploads\/2019\/10\/cristina01telam.jpg?resize=350%2C200 1x, https:\/\/i0.wp.com\/www.24baires.com\/wp-content\/uploads\/2019\/10\/cristina01telam.jpg?resize=525%2C300 1.5x"},"classes":[]},{"id":68553,"url":"http:\/\/www.24baires.com\/?p=68553","url_meta":{"origin":68016,"position":5},"title":"Rechazaron el pedido de Cabral para ser reincorporado a Casaci\u00f3n","author":"AF","date":"03\/07\/2015","format":false,"excerpt":"En los fundamentos del fallo, el juez Esteban Furnari hizo hincapi\u00e9 en la legalidad del proceso llevado adelante por el Consejo de la Magistratura. Adem\u00e1s, confirm\u00f3 que Cabral ten\u00eda un plazo determinado, ya agotado, para ejercer la funci\u00f3n de subrrogancia en la C\u00e1mara de Casaci\u00f3n. El juez en lo contencioso\u2026","rel":"","context":"En \u00abJUDICIALES\u00bb","block_context":{"text":"JUDICIALES","link":"http:\/\/www.24baires.com\/?cat=68"},"img":{"alt_text":"","src":"https:\/\/i0.wp.com\/www.24baires.com\/wp-content\/uploads\/2015\/07\/cabral.jpg?resize=350%2C200","width":350,"height":200,"srcset":"https:\/\/i0.wp.com\/www.24baires.com\/wp-content\/uploads\/2015\/07\/cabral.jpg?resize=350%2C200 1x, https:\/\/i0.wp.com\/www.24baires.com\/wp-content\/uploads\/2015\/07\/cabral.jpg?resize=525%2C300 1.5x"},"classes":[]}],"jetpack_sharing_enabled":true,"jetpack_likes_enabled":true,"jetpack_featured_media_url":"","_links":{"self":[{"href":"http:\/\/www.24baires.com\/index.php?rest_route=\/wp\/v2\/posts\/68016","targetHints":{"allow":["GET"]}}],"collection":[{"href":"http:\/\/www.24baires.com\/index.php?rest_route=\/wp\/v2\/posts"}],"about":[{"href":"http:\/\/www.24baires.com\/index.php?rest_route=\/wp\/v2\/types\/post"}],"author":[{"embeddable":true,"href":"http:\/\/www.24baires.com\/index.php?rest_route=\/wp\/v2\/users\/8"}],"replies":[{"embeddable":true,"href":"http:\/\/www.24baires.com\/index.php?rest_route=%2Fwp%2Fv2%2Fcomments&post=68016"}],"version-history":[{"count":1,"href":"http:\/\/www.24baires.com\/index.php?rest_route=\/wp\/v2\/posts\/68016\/revisions"}],"predecessor-version":[{"id":68017,"href":"http:\/\/www.24baires.com\/index.php?rest_route=\/wp\/v2\/posts\/68016\/revisions\/68017"}],"wp:attachment":[{"href":"http:\/\/www.24baires.com\/index.php?rest_route=%2Fwp%2Fv2%2Fmedia&parent=68016"}],"wp:term":[{"taxonomy":"category","embeddable":true,"href":"http:\/\/www.24baires.com\/index.php?rest_route=%2Fwp%2Fv2%2Fcategories&post=68016"},{"taxonomy":"post_tag","embeddable":true,"href":"http:\/\/www.24baires.com\/index.php?rest_route=%2Fwp%2Fv2%2Ftags&post=68016"}],"curies":[{"name":"wp","href":"https:\/\/api.w.org\/{rel}","templated":true}]}}