{"id":68013,"date":"2015-06-23T16:00:50","date_gmt":"2015-06-23T19:00:50","guid":{"rendered":"http:\/\/www.24baires.com\/?p=68013"},"modified":"2015-06-23T15:58:36","modified_gmt":"2015-06-23T18:58:36","slug":"el-frente-para-la-victoria-es-el-partido-mas-coherente-y-confiable","status":"publish","type":"post","link":"http:\/\/www.24baires.com\/?p=68013","title":{"rendered":"\u00abEl Frente para la Victoria es el partido m\u00e1s coherente y confiable\u00bb"},"content":{"rendered":"<p><strong><img data-recalc-dims=\"1\" loading=\"lazy\" decoding=\"async\" class=\"aligncenter size-full wp-image-52743\" src=\"https:\/\/i0.wp.com\/www.24baires.com\/wp-content\/uploads\/2014\/08\/scioli-saludo.jpg?resize=560%2C373\" alt=\"scioli saludo\" width=\"560\" height=\"373\" srcset=\"https:\/\/i0.wp.com\/www.24baires.com\/wp-content\/uploads\/2014\/08\/scioli-saludo.jpg?w=560 560w, https:\/\/i0.wp.com\/www.24baires.com\/wp-content\/uploads\/2014\/08\/scioli-saludo.jpg?resize=300%2C199 300w\" sizes=\"auto, (max-width: 560px) 100vw, 560px\" \/>MOR\u00d3N-<\/strong>El gobernador y precandidato a presidente por el Frente para la Victoria lo asegur\u00f3 tras firmar un acuerdo con el intendente de Mor\u00f3n, Lucas Ghi, para la creaci\u00f3n del Parque Industrial \u00abLa Cant\u00e1brica II\u00bb.<!--more--><\/p>\n<p>El gobernador y precandidato a presidente por el Frente para la Victoria, Daniel Scioli, asegur\u00f3 que ese espacio pol\u00edtico es \u00abel m\u00e1s previsible, coherente y confiable\u00bb.<\/p>\n<p>El mandatario provincial efectu\u00f3 estas declaraciones a Radio Provincia, tras firmar un acuerdo con el intendente de Mor\u00f3n, Lucas Ghi, para la creaci\u00f3n del Parque Industrial \u201cLa Cant\u00e1brica II\u201d.<\/p>\n<p>Scioli destac\u00f3 el trabajo del ex jefe comunal del distrito y hoy precandidato a vicegobernador de la provincia, Mart\u00edn Sabatella ya que \u201cempez\u00f3 a desarrollar el esp\u00edritu emprendedor de la clase media pujante, trabajadora, el dinamismo del comercio, de la industria, con un fuerte mercado interno, buscando mejorar la log\u00edstica, los costos del transporte e integrar herramientas y por eso estamos cumpliendo con la ampliaci\u00f3n de La Cant\u00e1brica II que permitir\u00e1 m\u00e1s puestos de trabajo\u201d.<\/p>\n<p>Durante el acto, Scioli inst\u00f3 a la militancia presente a \u00abtener una responsabilidad de cara al futuro\u00bb.<\/p>\n<p>\u00abEsto es el Frente para la Victoria, la victoria de la pol\u00edtica de la inclusi\u00f3n, es el partido m\u00e1s previsible, confiable y coherente en cuanto al rol del Estado y buscamos ir generando una reindustrializaci\u00f3n que tenga un fuerte impacto y para ello hay que sembrar m\u00e1s parques en el pa\u00eds y en la provincia donde s\u00e9 que Mart\u00edn Sabatella como flamante candidato asumir\u00e1 ese compromiso y le deseo suerte\u201d, remarc\u00f3.<\/p>\n<p>Con respecto a los parques industriales, Scioli precis\u00f3 que los \u00abhemos triplicado en nuestra gesti\u00f3n y el 80 por ciento est\u00e1 instalado en el interior de la provincia porque buscamos un territorio m\u00e1s equilibrado y los llamo a seguir avanzando sobre lo construido\u201d.<\/p>\n","protected":false},"excerpt":{"rendered":"<p>MOR\u00d3N-El gobernador y precandidato a presidente por el Frente para la Victoria lo asegur\u00f3 tras firmar un acuerdo con el intendente de Mor\u00f3n, Lucas Ghi, para la creaci\u00f3n del Parque Industrial \u00abLa Cant\u00e1brica II\u00bb.<\/p>\n","protected":false},"author":8,"featured_media":0,"comment_status":"open","ping_status":"open","sticky":false,"template":"","format":"standard","meta":{"_jetpack_newsletter_access":"","_jetpack_dont_email_post_to_subs":false,"_jetpack_newsletter_tier_id":0,"_jetpack_memberships_contains_paywalled_content":false,"_jetpack_memberships_contains_paid_content":false,"footnotes":""},"categories":[51],"tags":[],"class_list":["post-68013","post","type-post","status-publish","format-standard","hentry","category-politica"],"jetpack_shortlink":"https:\/\/wp.me\/p2JWE0-hGZ","jetpack-related-posts":[{"id":120189,"url":"http:\/\/www.24baires.com\/?p=120189","url_meta":{"origin":68013,"position":0},"title":"Wado de Pedro encabeza acto en Mor\u00f3n","author":"GB","date":"15\/06\/2023","format":false,"excerpt":"Tras el cambio de nombre de la coalici\u00f3n oficialista, el Ministro del Interior de Alberto Fern\u00e1ndez y precandidato a Presidente desembarcar\u00e1 en Mor\u00f3n, donde estar\u00e1 acompa\u00f1ado por Lucas Ghi y Mart\u00edn Insaurralde. Tras la presentaci\u00f3n este mi\u00e9rcoles en el cierre para inscribir alianzas, Uni\u00f3n por la Patria (ex Frente de\u2026","rel":"","context":"En \u00abPol\u00edtica\u00bb","block_context":{"text":"Pol\u00edtica","link":"http:\/\/www.24baires.com\/?cat=51"},"img":{"alt_text":"","src":"https:\/\/i0.wp.com\/www.24baires.com\/wp-content\/uploads\/2023\/06\/wado-pedrojpg.jpg?resize=350%2C200","width":350,"height":200,"srcset":"https:\/\/i0.wp.com\/www.24baires.com\/wp-content\/uploads\/2023\/06\/wado-pedrojpg.jpg?resize=350%2C200 1x, https:\/\/i0.wp.com\/www.24baires.com\/wp-content\/uploads\/2023\/06\/wado-pedrojpg.jpg?resize=525%2C300 1.5x"},"classes":[]},{"id":48158,"url":"http:\/\/www.24baires.com\/?p=48158","url_meta":{"origin":68013,"position":1},"title":"Firman convenio para ampliar el Parque Industrial de Mor\u00f3n","author":"AF","date":"17\/06\/2014","format":false,"excerpt":"El intendente de Mor\u00f3n, Lucas Ghi, y el jefe de gabinete de la naci\u00f3n, Jorge Capitanich, firmaron un convenio a trav\u00e9s del cual se cede al municipio un predio en Haedo para la ampliaci\u00f3n del parque industrial La Cant\u00e1brica. En esta primera etapa, el acuerdo contempla la cesi\u00f3n de un\u2026","rel":"","context":"En \u00abLocales\u00bb","block_context":{"text":"Locales","link":"http:\/\/www.24baires.com\/?cat=38"},"img":{"alt_text":"ghi capitanich mor\u00f3n","src":"https:\/\/i0.wp.com\/www.24baires.com\/wp-content\/uploads\/2014\/06\/ghi-capitanich-mor%C3%B3n.jpg?resize=350%2C200","width":350,"height":200},"classes":[]},{"id":112683,"url":"http:\/\/www.24baires.com\/?p=112683","url_meta":{"origin":68013,"position":2},"title":"Dirigente de Cambiemos rompi\u00f3 la veda y vandaliz\u00f3 negocios","author":"GB","date":"27\/10\/2019","format":false,"excerpt":"Un consejero escolar del intendente de Mor\u00f3n, Ramiro Tagliaferro, pint\u00f3 las vidrieras de locales comerciales con el frase \"Lucas Ghi 2019\". Intent\u00f3 ensuciar al candidato del Frente de Todos pero termin\u00f3 filmado y denunciado El Municipio de Mor\u00f3n vive un verdadero esc\u00e1ndalo a horas de las elecciones nacionales del domingo.\u2026","rel":"","context":"En \u00abMunicipios\u00bb","block_context":{"text":"Municipios","link":"http:\/\/www.24baires.com\/?cat=44"},"img":{"alt_text":"","src":"https:\/\/i0.wp.com\/www.24baires.com\/wp-content\/uploads\/2019\/10\/vidal-tagliaferro.jpg?resize=350%2C200","width":350,"height":200,"srcset":"https:\/\/i0.wp.com\/www.24baires.com\/wp-content\/uploads\/2019\/10\/vidal-tagliaferro.jpg?resize=350%2C200 1x, https:\/\/i0.wp.com\/www.24baires.com\/wp-content\/uploads\/2019\/10\/vidal-tagliaferro.jpg?resize=525%2C300 1.5x"},"classes":[]},{"id":112877,"url":"http:\/\/www.24baires.com\/?p=112877","url_meta":{"origin":68013,"position":3},"title":"Intendente electo Ghi adelant\u00f3 que abrir\u00e1 un debate sobre el futuro de la terminal del Palomar","author":"GB","date":"06\/11\/2019","format":false,"excerpt":"El jefe comunal electo de Mor\u00f3n cuestion\u00f3 que \"la Justicia se vio obligada a asumir un rol que debi\u00f3 asumir la pol\u00edtica\" al restringir el horario y que generar\u00e1 espacios para que se discuta sobre qu\u00e9 hacer en el futuro con el aeropuerto. \"Para que podamos opinar, que la comunidad\u2026","rel":"","context":"En \u00abMunicipios\u00bb","block_context":{"text":"Municipios","link":"http:\/\/www.24baires.com\/?cat=44"},"img":{"alt_text":"","src":"https:\/\/i0.wp.com\/www.24baires.com\/wp-content\/uploads\/2019\/11\/intndente-moron-300x188.jpg?resize=350%2C200","width":350,"height":200},"classes":[]},{"id":114604,"url":"http:\/\/www.24baires.com\/?p=114604","url_meta":{"origin":68013,"position":4},"title":"Kicillof pidi\u00f3 \u00abseguir trabajando en forma coordinada con Naci\u00f3n y los municipios\u00bb","author":"AF","date":"03\/04\/2020","format":false,"excerpt":"El mandatario bonaerense visit\u00f3 los Comit\u00e9s Operativos de Emergencia (COE) de Mor\u00f3n, Ituzaing\u00f3, San Miguel y Hurlingham. Este viernes, Axel Kicillof desembarc\u00f3 una vez m\u00e1s en el Conurbano bonaerense para seguir recorriendo los Comit\u00e9s Operativos de Emergencia (COE) en el marco de las medidas de coordinaci\u00f3n que viene realizando la\u2026","rel":"","context":"En \u00abProvincia\u00bb","block_context":{"text":"Provincia","link":"http:\/\/www.24baires.com\/?cat=40"},"img":{"alt_text":"","src":"https:\/\/i0.wp.com\/www.24baires.com\/wp-content\/uploads\/2020\/04\/kiciloff.jpg?resize=350%2C200","width":350,"height":200,"srcset":"https:\/\/i0.wp.com\/www.24baires.com\/wp-content\/uploads\/2020\/04\/kiciloff.jpg?resize=350%2C200 1x, https:\/\/i0.wp.com\/www.24baires.com\/wp-content\/uploads\/2020\/04\/kiciloff.jpg?resize=525%2C300 1.5x"},"classes":[]},{"id":28940,"url":"http:\/\/www.24baires.com\/?p=28940","url_meta":{"origin":68013,"position":5},"title":"Scioli e Insaurralde inauguraron un centro de monitoreo en Avellaneda","author":"Grupo Sierra","date":"25\/07\/2013","format":false,"excerpt":"El gobernador bonaerense y el precandidato a diputado nacional por el Frente para la Victoria estuvieron junto al intendente de Avellaneda, Jorge Ferraresi, en la inauguraci\u00f3n del Centro de Monitoreo del distrito. \u201cNos estamos ocupando de la seguridad porque preocupa a los ciudadanos\u201d, remarc\u00f3 Insaurralde. El gobernador de la Provincia\u2026","rel":"","context":"En \u00abPol\u00edtica\u00bb","block_context":{"text":"Pol\u00edtica","link":"http:\/\/www.24baires.com\/?cat=51"},"img":{"alt_text":"scioli insaurralde avellaneda","src":"https:\/\/i0.wp.com\/www.24baires.com\/wp-content\/uploads\/2013\/07\/scioli-insaurralde-avellaneda-300x180.jpg?resize=350%2C200","width":350,"height":200},"classes":[]}],"jetpack_sharing_enabled":true,"jetpack_likes_enabled":true,"jetpack_featured_media_url":"","_links":{"self":[{"href":"http:\/\/www.24baires.com\/index.php?rest_route=\/wp\/v2\/posts\/68013","targetHints":{"allow":["GET"]}}],"collection":[{"href":"http:\/\/www.24baires.com\/index.php?rest_route=\/wp\/v2\/posts"}],"about":[{"href":"http:\/\/www.24baires.com\/index.php?rest_route=\/wp\/v2\/types\/post"}],"author":[{"embeddable":true,"href":"http:\/\/www.24baires.com\/index.php?rest_route=\/wp\/v2\/users\/8"}],"replies":[{"embeddable":true,"href":"http:\/\/www.24baires.com\/index.php?rest_route=%2Fwp%2Fv2%2Fcomments&post=68013"}],"version-history":[{"count":1,"href":"http:\/\/www.24baires.com\/index.php?rest_route=\/wp\/v2\/posts\/68013\/revisions"}],"predecessor-version":[{"id":68014,"href":"http:\/\/www.24baires.com\/index.php?rest_route=\/wp\/v2\/posts\/68013\/revisions\/68014"}],"wp:attachment":[{"href":"http:\/\/www.24baires.com\/index.php?rest_route=%2Fwp%2Fv2%2Fmedia&parent=68013"}],"wp:term":[{"taxonomy":"category","embeddable":true,"href":"http:\/\/www.24baires.com\/index.php?rest_route=%2Fwp%2Fv2%2Fcategories&post=68013"},{"taxonomy":"post_tag","embeddable":true,"href":"http:\/\/www.24baires.com\/index.php?rest_route=%2Fwp%2Fv2%2Ftags&post=68013"}],"curies":[{"name":"wp","href":"https:\/\/api.w.org\/{rel}","templated":true}]}}