{"id":67979,"date":"2015-06-22T20:20:06","date_gmt":"2015-06-22T23:20:06","guid":{"rendered":"http:\/\/www.24baires.com\/?p=67979"},"modified":"2015-06-23T10:46:44","modified_gmt":"2015-06-23T13:46:44","slug":"parrilli-denuncio-a-stiuso-por-escuchas-ilegales","status":"publish","type":"post","link":"http:\/\/www.24baires.com\/?p=67979","title":{"rendered":"Parrilli denunci\u00f3 a Stiuso por escuchas ilegales"},"content":{"rendered":"<p><img data-recalc-dims=\"1\" loading=\"lazy\" decoding=\"async\" class=\"aligncenter size-full wp-image-63965\" src=\"https:\/\/i0.wp.com\/www.24baires.com\/wp-content\/uploads\/2015\/04\/parrili1.jpg?resize=560%2C372\" alt=\"parrili1\" width=\"560\" height=\"372\" srcset=\"https:\/\/i0.wp.com\/www.24baires.com\/wp-content\/uploads\/2015\/04\/parrili1.jpg?w=560 560w, https:\/\/i0.wp.com\/www.24baires.com\/wp-content\/uploads\/2015\/04\/parrili1.jpg?resize=300%2C199 300w\" sizes=\"auto, (max-width: 560px) 100vw, 560px\" \/>El secretario de Inteligencia, Oscar Parrilli, denunci\u00f3 al ex director general de Operaciones Judiciales del organismo, Antonio Stiuso, por la violaci\u00f3n de los deberes de funcionario p\u00fablico y la interceptaci\u00f3n ilegal de comunicaciones, con las cuales intervino l\u00edneas telef\u00f3nicas guiado por \u201cespurios intereses personales o particulares\u201d.<!--more--><\/p>\n<p>Seg\u00fan plantea la demanda, esas escuchas fueron autorizadas \u201cmediante el enga\u00f1o a las autoridades de la Secretar\u00eda y del poder judicial\u201d.<\/p>\n<p>La denuncia, que fue presentada el viernes pasado ante el Juzgado Nacional en lo Criminal y Correccional Federal 9, lleva la firma de Parrilli y del subsecretario de Inteligencia Juan Mart\u00edn Mena, surgi\u00f3 de las investigaciones ordenadas tras el cambio de autoridades de la ex SIDE durante el mes de diciembre de 2014, cambios que adem\u00e1s implicaron el desplazamiento del ex director de Operaciones Judiciales.<\/p>\n<p>Una de las lineas de investigaci\u00f3n desarrolladas por la nueva gesti\u00f3n fue el an\u00e1lisis de la tareas de inteligencia desarrolladas por Stiuso que, en octubre de 2011, solicit\u00f3 y consigui\u00f3 autorizaci\u00f3n judicial para la intervenci\u00f3n de los tel\u00e9fonos y correos electr\u00f3nicos vinculados a la empresa Dark Star Security, la cual supuestamente realizaba \u201ctareas de espionaje y contraespionaje en territorio argentino, en beneficio de una potencia extranjera\u201d.<\/p>\n<p>En funci\u00f3n de este argumento, Stiuso consigui\u00f3 la autorizaci\u00f3n para intervenir las comunicaciones, solicitud que renov\u00f3 media docena de veces y que implic\u00f3 la interceptaeci\u00f3n de 20 l\u00edneas telef\u00f3nicas.<\/p>\n<p>Sin embargo, la investigaci\u00f3n ordenada por Parrilli expuso que luego de tres a\u00f1os de intervenciones telef\u00f3nicas y miles de horas de escuchas, los informes \u201cno arrojaban ning\u00fan resultado sobre la materia de investigaci\u00f3n\u201d.<\/p>\n<p>La presentaci\u00f3n judicial afirma que \u201cse evidencia que la ex direcci\u00f3n de Operaciones, subvirtiendo las prerrogativas contenidas en la Ley Nacional de Inteligencia, llev\u00f3 adelante tareas propias de su especialidad por razones que no guardan relaci\u00f3n alguna con los hechos, amenazas, riesgos y conflictos que afecten la seguridad interior, sino que constituyen un ardid destinado a investigar diversas personas f\u00edsicas y jur\u00eddicas con fines particulares\u201d.<\/p>\n<p>Los resultados de las pesquisas oficiales muestra que la actuaci\u00f3n de Antonio Stiuso \u201cse bas\u00f3 en una clara edici\u00f3n y manipulaci\u00f3n, mediante informes sesgados, de los producidos de las escuchas tel\u00e9fonicas obtenidas mediante el enga\u00f1o a las entonces autoridades de la SI y al poder judicial a fin de lograr espurios intereses personales o particulares que deber\u00e1n ser investigados\u201d.<\/p>\n<p>Por esta raz\u00f3n, las autoridades a cargo del m\u00e1ximo organismo nacional de Inteligencia procedieron a denunciar al ex funcionario, \u201cy a quienes resulten coautores o part\u00edcipes\u201d, por los delitos de violaci\u00f3n de los deberes de funcionario p\u00fablico e interceptaci\u00f3n indebida de comunicaciones telef\u00f3nicas, delitos penados en el art\u00edculo 248 del C\u00f3digo Penal y en el art\u00edculo 42 de la Ley de Inteligencia.<\/p>\n<p>&nbsp;<\/p>\n<p>&nbsp;<\/p>\n<p>&nbsp;<\/p>\n<p>&nbsp;<\/p>\n","protected":false},"excerpt":{"rendered":"<p>El secretario de Inteligencia, Oscar Parrilli, denunci\u00f3 al ex director general de Operaciones Judiciales del organismo, Antonio Stiuso, por la violaci\u00f3n de los deberes de funcionario p\u00fablico y la interceptaci\u00f3n ilegal de comunicaciones, con las cuales intervino l\u00edneas telef\u00f3nicas guiado por \u201cespurios intereses personales o particulares\u201d.<\/p>\n","protected":false},"author":8,"featured_media":0,"comment_status":"open","ping_status":"open","sticky":false,"template":"","format":"standard","meta":{"_jetpack_newsletter_access":"","_jetpack_dont_email_post_to_subs":false,"_jetpack_newsletter_tier_id":0,"_jetpack_memberships_contains_paywalled_content":false,"_jetpack_memberships_contains_paid_content":false,"footnotes":""},"categories":[51],"tags":[],"class_list":["post-67979","post","type-post","status-publish","format-standard","hentry","category-politica"],"jetpack_shortlink":"https:\/\/wp.me\/p2JWE0-hGr","jetpack-related-posts":[{"id":64099,"url":"http:\/\/www.24baires.com\/?p=64099","url_meta":{"origin":67979,"position":0},"title":"Parrilli le pidi\u00f3 al juez Canicoba que garantice la declaraci\u00f3n de Stiuso","author":"GB","date":"10\/04\/2015","format":false,"excerpt":"El titular de la Secretar\u00eda,, present\u00f3 un escrito ante el juzgado de Canicoba Corral en el que pidieron que, de ser necesario, se disponga el \u201cauxilio de la fuerza p\u00fablica\u201d para que el ex agente declare. Las autoridades de la Secretaria de Inteligencia (SI) solicitaron hoy al juez federal Rodolfo\u2026","rel":"","context":"En \u00abPol\u00edtica\u00bb","block_context":{"text":"Pol\u00edtica","link":"http:\/\/www.24baires.com\/?cat=51"},"img":{"alt_text":"parrili1","src":"https:\/\/i0.wp.com\/www.24baires.com\/wp-content\/uploads\/2015\/04\/parrili1.jpg?resize=350%2C200","width":350,"height":200,"srcset":"https:\/\/i0.wp.com\/www.24baires.com\/wp-content\/uploads\/2015\/04\/parrili1.jpg?resize=350%2C200 1x, https:\/\/i0.wp.com\/www.24baires.com\/wp-content\/uploads\/2015\/04\/parrili1.jpg?resize=525%2C300 1.5x"},"classes":[]},{"id":63964,"url":"http:\/\/www.24baires.com\/?p=63964","url_meta":{"origin":67979,"position":1},"title":"El Gobierno denunci\u00f3 penalmente al ex agente Stiuso","author":"GB","date":"07\/04\/2015","format":false,"excerpt":"El secretario de Inteligencia, Oscar Parrilli, lo anunci\u00f3 en una conferencia de prensa. La denuncia es incumplimiento de los deberes de funcionario p\u00fablico por haber ocultado informaci\u00f3n sobre el atentado a la Amia. El secretario de Inteligencia, Oscar Parrilli, anunci\u00f3 esta tarde que fue presentada una denuncia penal contra el\u2026","rel":"","context":"En \u00abPol\u00edtica\u00bb","block_context":{"text":"Pol\u00edtica","link":"http:\/\/www.24baires.com\/?cat=51"},"img":{"alt_text":"","src":"https:\/\/i0.wp.com\/www.24baires.com\/wp-content\/uploads\/2015\/04\/parrili1.jpg?resize=350%2C200","width":350,"height":200,"srcset":"https:\/\/i0.wp.com\/www.24baires.com\/wp-content\/uploads\/2015\/04\/parrili1.jpg?resize=350%2C200 1x, https:\/\/i0.wp.com\/www.24baires.com\/wp-content\/uploads\/2015\/04\/parrili1.jpg?resize=525%2C300 1.5x"},"classes":[]},{"id":63870,"url":"http:\/\/www.24baires.com\/?p=63870","url_meta":{"origin":67979,"position":2},"title":"Stiuso deber\u00e1 presentarse en la Secretar\u00eda de Inteligencia este lunes a dar explicaciones","author":"Grupo Sierra","date":"05\/04\/2015","format":false,"excerpt":"El ex director de Operaciones Judiciales de la ex SIDE, Horacio Antonio Stiuso, deber\u00e1 presentarse ma\u00f1ana lunes ante las autoridades de la Secretar\u00eda de Inteligencia (SI) para explicar supuestas \u201cconductas dilatorias e irregulares\u201d en su accionar en la investigaci\u00f3n de la causa AMIA. La citaci\u00f3n fue realizada por el actual\u2026","rel":"","context":"En \u00abPol\u00edtica\u00bb","block_context":{"text":"Pol\u00edtica","link":"http:\/\/www.24baires.com\/?cat=51"},"img":{"alt_text":"","src":"","width":0,"height":0},"classes":[]},{"id":71306,"url":"http:\/\/www.24baires.com\/?p=71306","url_meta":{"origin":67979,"position":3},"title":"La AFI ampli\u00f3 la denuncia contra Stiuso por encubrimiento del caso AMIA","author":"AF","date":"28\/08\/2015","format":false,"excerpt":"El director de la Agencia Federal de Inteligencia, Oscar Parrilli, inform\u00f3 que se present\u00f3 una ampliaci\u00f3n de denuncia penal contra el ex director general de operaciones de ese organismo. Parrilli denunci\u00f3 adem\u00e1s \"una suerte de acuerdo\" entre el ex esp\u00eda, la embajada de los Estados Unidos y algunos jueces federales\u2026","rel":"","context":"En \u00abJUDICIALES\u00bb","block_context":{"text":"JUDICIALES","link":"http:\/\/www.24baires.com\/?cat=68"},"img":{"alt_text":"oscar parrilli","src":"https:\/\/i0.wp.com\/www.24baires.com\/wp-content\/uploads\/2014\/04\/oscar-parrilli.jpg?resize=350%2C200","width":350,"height":200,"srcset":"https:\/\/i0.wp.com\/www.24baires.com\/wp-content\/uploads\/2014\/04\/oscar-parrilli.jpg?resize=350%2C200 1x, https:\/\/i0.wp.com\/www.24baires.com\/wp-content\/uploads\/2014\/04\/oscar-parrilli.jpg?resize=525%2C300 1.5x"},"classes":[]},{"id":62199,"url":"http:\/\/www.24baires.com\/?p=62199","url_meta":{"origin":67979,"position":4},"title":"Parrilli inform\u00f3 que se denunci\u00f3 a Stiuso por \u00abcontrabando\u00bb","author":"GB","date":"24\/02\/2015","format":false,"excerpt":"El titular de la Secretar\u00eda de Inteligencia, Oscar Parrilli, inform\u00f3 que se denunci\u00f3 por presunto contrabando y evasi\u00f3n fiscal al ex esp\u00eda Antonio \u201cJaime\u201d Stiuso y a otros dos funcionarios de Inteligencia, Alejandro Patricio y Nicol\u00e1s Gast\u00f3n Mercado. El titular de la Secretaria de Inteligencia, Oscar Parrilli, inform\u00f3 que el\u2026","rel":"","context":"En \u00abPol\u00edtica\u00bb","block_context":{"text":"Pol\u00edtica","link":"http:\/\/www.24baires.com\/?cat=51"},"img":{"alt_text":"oscar parrilli","src":"https:\/\/i0.wp.com\/www.24baires.com\/wp-content\/uploads\/2014\/04\/oscar-parrilli.jpg?resize=350%2C200","width":350,"height":200,"srcset":"https:\/\/i0.wp.com\/www.24baires.com\/wp-content\/uploads\/2014\/04\/oscar-parrilli.jpg?resize=350%2C200 1x, https:\/\/i0.wp.com\/www.24baires.com\/wp-content\/uploads\/2014\/04\/oscar-parrilli.jpg?resize=525%2C300 1.5x"},"classes":[]},{"id":104581,"url":"http:\/\/www.24baires.com\/?p=104581","url_meta":{"origin":67979,"position":5},"title":"Parrilli: \u00abBonadio es un protegido de Pichetto\u00bb","author":"AF","date":"20\/09\/2018","format":false,"excerpt":"El ex secretario general de la Presidencia critic\u00f3 al juez federal que lleva adelante la causa de las fotocopias y ratific\u00f3 que es \u201cabsolutamente falso el relato de Centeno\". \"Ni la ex Presidenta ni yo recibimos dinero ilegal\u201d, dijo. El ex secretario general de la Presidencia, Oscar Parrilli, critic\u00f3 duramente\u2026","rel":"","context":"En \u00abPol\u00edtica\u00bb","block_context":{"text":"Pol\u00edtica","link":"http:\/\/www.24baires.com\/?cat=51"},"img":{"alt_text":"","src":"https:\/\/i0.wp.com\/www.24baires.com\/wp-content\/uploads\/2014\/04\/oscar-parrilli.jpg?resize=350%2C200","width":350,"height":200,"srcset":"https:\/\/i0.wp.com\/www.24baires.com\/wp-content\/uploads\/2014\/04\/oscar-parrilli.jpg?resize=350%2C200 1x, https:\/\/i0.wp.com\/www.24baires.com\/wp-content\/uploads\/2014\/04\/oscar-parrilli.jpg?resize=525%2C300 1.5x"},"classes":[]}],"jetpack_sharing_enabled":true,"jetpack_likes_enabled":true,"jetpack_featured_media_url":"","_links":{"self":[{"href":"http:\/\/www.24baires.com\/index.php?rest_route=\/wp\/v2\/posts\/67979","targetHints":{"allow":["GET"]}}],"collection":[{"href":"http:\/\/www.24baires.com\/index.php?rest_route=\/wp\/v2\/posts"}],"about":[{"href":"http:\/\/www.24baires.com\/index.php?rest_route=\/wp\/v2\/types\/post"}],"author":[{"embeddable":true,"href":"http:\/\/www.24baires.com\/index.php?rest_route=\/wp\/v2\/users\/8"}],"replies":[{"embeddable":true,"href":"http:\/\/www.24baires.com\/index.php?rest_route=%2Fwp%2Fv2%2Fcomments&post=67979"}],"version-history":[{"count":1,"href":"http:\/\/www.24baires.com\/index.php?rest_route=\/wp\/v2\/posts\/67979\/revisions"}],"predecessor-version":[{"id":67980,"href":"http:\/\/www.24baires.com\/index.php?rest_route=\/wp\/v2\/posts\/67979\/revisions\/67980"}],"wp:attachment":[{"href":"http:\/\/www.24baires.com\/index.php?rest_route=%2Fwp%2Fv2%2Fmedia&parent=67979"}],"wp:term":[{"taxonomy":"category","embeddable":true,"href":"http:\/\/www.24baires.com\/index.php?rest_route=%2Fwp%2Fv2%2Fcategories&post=67979"},{"taxonomy":"post_tag","embeddable":true,"href":"http:\/\/www.24baires.com\/index.php?rest_route=%2Fwp%2Fv2%2Ftags&post=67979"}],"curies":[{"name":"wp","href":"https:\/\/api.w.org\/{rel}","templated":true}]}}