{"id":67966,"date":"2015-06-22T18:45:13","date_gmt":"2015-06-22T21:45:13","guid":{"rendered":"http:\/\/www.24baires.com\/?p=67966"},"modified":"2015-06-22T18:16:41","modified_gmt":"2015-06-22T21:16:41","slug":"scioli-encabezo-reunion-de-gabinete","status":"publish","type":"post","link":"http:\/\/www.24baires.com\/?p=67966","title":{"rendered":"Scioli encabez\u00f3 reuni\u00f3n de gabinete"},"content":{"rendered":"<p><img data-recalc-dims=\"1\" loading=\"lazy\" decoding=\"async\" class=\"aligncenter size-full wp-image-67967\" src=\"https:\/\/i0.wp.com\/www.24baires.com\/wp-content\/uploads\/2015\/06\/scioli.jpg?resize=560%2C350\" alt=\"scioli\" width=\"560\" height=\"350\" srcset=\"https:\/\/i0.wp.com\/www.24baires.com\/wp-content\/uploads\/2015\/06\/scioli.jpg?w=560 560w, https:\/\/i0.wp.com\/www.24baires.com\/wp-content\/uploads\/2015\/06\/scioli.jpg?resize=300%2C188 300w\" sizes=\"auto, (max-width: 560px) 100vw, 560px\" \/>El gobernador Daniel Scioli, acompa\u00f1ado por el vicegobernador Gabriel Mariotto, encabez\u00f3 hoy una reuni\u00f3n de gabinete, en el Sal\u00f3n de los Acuerdos de Casa de Gobierno.<!--more--><\/p>\n<p>Con la presencia de ministros y secretarios de Estado, se avanz\u00f3 en los principales lineamientos de la agenda de gesti\u00f3n, fundamentalmente, en las \u00e1reas de Infraestructura, Salud, Educaci\u00f3n y Desarrollo Social.<\/p>\n<p>&nbsp;<\/p>\n<p>&nbsp;<\/p>\n<p>&nbsp;<\/p>\n<p>&nbsp;<\/p>\n<p>&nbsp;<\/p>\n<p>&nbsp;<\/p>\n<p>&nbsp;<\/p>\n<p>&nbsp;<\/p>\n<p>&nbsp;<\/p>\n<p>&nbsp;<\/p>\n<p>&nbsp;<\/p>\n","protected":false},"excerpt":{"rendered":"<p>El gobernador Daniel Scioli, acompa\u00f1ado por el vicegobernador Gabriel Mariotto, encabez\u00f3 hoy una reuni\u00f3n de gabinete, en el Sal\u00f3n de los Acuerdos de Casa de Gobierno.<\/p>\n","protected":false},"author":8,"featured_media":0,"comment_status":"open","ping_status":"open","sticky":false,"template":"","format":"standard","meta":{"_jetpack_newsletter_access":"","_jetpack_dont_email_post_to_subs":false,"_jetpack_newsletter_tier_id":0,"_jetpack_memberships_contains_paywalled_content":false,"_jetpack_memberships_contains_paid_content":false,"footnotes":""},"categories":[51],"tags":[],"class_list":["post-67966","post","type-post","status-publish","format-standard","hentry","category-politica"],"jetpack_shortlink":"https:\/\/wp.me\/p2JWE0-hGe","jetpack-related-posts":[{"id":120226,"url":"http:\/\/www.24baires.com\/?p=120226","url_meta":{"origin":67966,"position":0},"title":"Cristina recibi\u00f3 a Scioli: \u201cA seguir trabajando, que es lo que hay que hacer\u201d","author":"AF","date":"28\/06\/2023","format":false,"excerpt":"\"Hablamos mucho, con sinceridad y con el respeto de siempre. Me transmiti\u00f3 que su vocaci\u00f3n es ayudar y colaborar como un compa\u00f1ero m\u00e1s\", asegur\u00f3 a trav\u00e9s de las redes sociales la Vicepresidenta sobre el encuentro. La Vicepresidenta Cristina Fern\u00e1ndez de Kirchner public\u00f3 en redes sociales una foto con el embajador\u2026","rel":"","context":"En \u00abPol\u00edtica\u00bb","block_context":{"text":"Pol\u00edtica","link":"http:\/\/www.24baires.com\/?cat=51"},"img":{"alt_text":"","src":"https:\/\/i0.wp.com\/www.24baires.com\/wp-content\/uploads\/2023\/06\/WhatsApp-Image-2023-06-28-at-23.30.42.jpeg?resize=350%2C200","width":350,"height":200,"srcset":"https:\/\/i0.wp.com\/www.24baires.com\/wp-content\/uploads\/2023\/06\/WhatsApp-Image-2023-06-28-at-23.30.42.jpeg?resize=350%2C200 1x, https:\/\/i0.wp.com\/www.24baires.com\/wp-content\/uploads\/2023\/06\/WhatsApp-Image-2023-06-28-at-23.30.42.jpeg?resize=525%2C300 1.5x, https:\/\/i0.wp.com\/www.24baires.com\/wp-content\/uploads\/2023\/06\/WhatsApp-Image-2023-06-28-at-23.30.42.jpeg?resize=700%2C400 2x"},"classes":[]},{"id":102717,"url":"http:\/\/www.24baires.com\/?p=102717","url_meta":{"origin":67966,"position":1},"title":"Stolbizer: \u00abLa gesti\u00f3n de Vidal es tan mala como la de Scioli\u00bb","author":"GB","date":"13\/06\/2018","format":false,"excerpt":"La l\u00edder del GEN endureci\u00f3 su discurso contra la Gobernadora y afirm\u00f3 que \"no puede mostrar avances\" en educaci\u00f3n, salud y seguridad. Margarita Stolbizer abandon\u00f3 el discurso conciliador con Mar\u00eda Eugenia Vidal y afirm\u00f3 que su gesti\u00f3n \"es tan mala\" como la de su antecesor Daniel Scioli. Durante una visita\u2026","rel":"","context":"En \u00abPol\u00edtica\u00bb","block_context":{"text":"Pol\u00edtica","link":"http:\/\/www.24baires.com\/?cat=51"},"img":{"alt_text":"","src":"https:\/\/i0.wp.com\/www.24baires.com\/wp-content\/uploads\/2016\/08\/vidal-stolbizer.jpg?resize=350%2C200","width":350,"height":200,"srcset":"https:\/\/i0.wp.com\/www.24baires.com\/wp-content\/uploads\/2016\/08\/vidal-stolbizer.jpg?resize=350%2C200 1x, https:\/\/i0.wp.com\/www.24baires.com\/wp-content\/uploads\/2016\/08\/vidal-stolbizer.jpg?resize=525%2C300 1.5x"},"classes":[]},{"id":119049,"url":"http:\/\/www.24baires.com\/?p=119049","url_meta":{"origin":67966,"position":2},"title":"Silvina Batakis es la nueva Ministra de Econom\u00eda","author":"GB","date":"04\/07\/2022","format":false,"excerpt":"Tras largas horas de negociaciones, el presidente Alberto Fern\u00e1ndez design\u00f3 a Batakis en reemplazo de Mart\u00edn Guzm\u00e1n La nueva ministra de Econom\u00eda ser\u00e1 Silvina Batakis confirmaron este domingo fuentes oficiales, luego de intensas negociaciones de los diferentes espacios que integran el Frente de Todos (FdT) en el marco de cambios\u2026","rel":"","context":"En \u00abEconom\u00eda\u00bb","block_context":{"text":"Econom\u00eda","link":"http:\/\/www.24baires.com\/?cat=45"},"img":{"alt_text":"","src":"https:\/\/i0.wp.com\/www.24baires.com\/wp-content\/uploads\/2022\/07\/batakis.jpg?resize=350%2C200","width":350,"height":200,"srcset":"https:\/\/i0.wp.com\/www.24baires.com\/wp-content\/uploads\/2022\/07\/batakis.jpg?resize=350%2C200 1x, https:\/\/i0.wp.com\/www.24baires.com\/wp-content\/uploads\/2022\/07\/batakis.jpg?resize=525%2C300 1.5x, https:\/\/i0.wp.com\/www.24baires.com\/wp-content\/uploads\/2022\/07\/batakis.jpg?resize=700%2C400 2x, https:\/\/i0.wp.com\/www.24baires.com\/wp-content\/uploads\/2022\/07\/batakis.jpg?resize=1050%2C600 3x"},"classes":[]},{"id":119056,"url":"http:\/\/www.24baires.com\/?p=119056","url_meta":{"origin":67966,"position":3},"title":"\u00abSeguramente habr\u00e1 algunas modificaciones\u00bb en las revisiones del acuerdo con el FMI","author":"AF","date":"05\/07\/2022","format":false,"excerpt":"La flamante ministra de Econom\u00eda afirm\u00f3 que se debe \"trabajar de manera conjunta\" para cumplir con el acuerdo. \"Viendo las metas de cada revisi\u00f3n, seguramente habr\u00e1 algunas modificaciones\", remarc\u00f3. La flamante ministra de Econom\u00eda, Silvina Batakis, que \"seguramente habr\u00e1 algunas modificaciones\" en las pr\u00f3ximas revisiones del acuerdo con el Fondo\u2026","rel":"","context":"En \u00abEconom\u00eda\u00bb","block_context":{"text":"Econom\u00eda","link":"http:\/\/www.24baires.com\/?cat=45"},"img":{"alt_text":"","src":"https:\/\/i0.wp.com\/www.24baires.com\/wp-content\/uploads\/2022\/07\/62c35d28a345d_900.jpg?resize=350%2C200","width":350,"height":200,"srcset":"https:\/\/i0.wp.com\/www.24baires.com\/wp-content\/uploads\/2022\/07\/62c35d28a345d_900.jpg?resize=350%2C200 1x, https:\/\/i0.wp.com\/www.24baires.com\/wp-content\/uploads\/2022\/07\/62c35d28a345d_900.jpg?resize=525%2C300 1.5x, https:\/\/i0.wp.com\/www.24baires.com\/wp-content\/uploads\/2022\/07\/62c35d28a345d_900.jpg?resize=700%2C400 2x"},"classes":[]},{"id":101122,"url":"http:\/\/www.24baires.com\/?p=101122","url_meta":{"origin":67966,"position":4},"title":"Indagar\u00e1n a Scioli por irregularidades en la construcci\u00f3n de las UPA 24","author":"AF","date":"17\/03\/2018","format":false,"excerpt":"El ex gobernador Daniel Scioli y quien fuera su ministro de Salud, Alejandro Collia, fueron imputados y citados a prestar declaraci\u00f3n indagatoria en el marco de una causa que investiga presuntas irregularidades en la adjudicaci\u00f3n de ocho Unidades de Pronta Atenci\u00f3n (UPA 24) para las que se destinaron m\u00e1s de\u2026","rel":"","context":"En \u00abJUDICIALES\u00bb","block_context":{"text":"JUDICIALES","link":"http:\/\/www.24baires.com\/?cat=68"},"img":{"alt_text":"","src":"https:\/\/i0.wp.com\/www.24baires.com\/wp-content\/uploads\/2014\/05\/Daniel-Scioli.jpg?resize=350%2C200","width":350,"height":200,"srcset":"https:\/\/i0.wp.com\/www.24baires.com\/wp-content\/uploads\/2014\/05\/Daniel-Scioli.jpg?resize=350%2C200 1x, https:\/\/i0.wp.com\/www.24baires.com\/wp-content\/uploads\/2014\/05\/Daniel-Scioli.jpg?resize=525%2C300 1.5x"},"classes":[]},{"id":117435,"url":"http:\/\/www.24baires.com\/?p=117435","url_meta":{"origin":67966,"position":5},"title":"Alberto Fern\u00e1ndez analiz\u00f3 junto al Gabinete nuevas restricciones","author":"AF","date":"13\/04\/2021","format":false,"excerpt":"El Presidente encabez\u00f3, de forma virtual, la reuni\u00f3n de urgencia en la que participaron todos los funcionarios del Gabinete. En las pr\u00f3ximas horas podr\u00edan anunciarse nuevas restricciones. En el marco de una jornada con un nuevo r\u00e9cord diario de casos de coronavirus, este martes se llev\u00f3 a cabo una reuni\u00f3n\u2026","rel":"","context":"En \u00abSociedad\u00bb","block_context":{"text":"Sociedad","link":"http:\/\/www.24baires.com\/?cat=1"},"img":{"alt_text":"","src":"https:\/\/i0.wp.com\/www.24baires.com\/wp-content\/uploads\/2021\/04\/gabinete-300x225.jpg?resize=350%2C200","width":350,"height":200},"classes":[]}],"jetpack_sharing_enabled":true,"jetpack_likes_enabled":true,"jetpack_featured_media_url":"","_links":{"self":[{"href":"http:\/\/www.24baires.com\/index.php?rest_route=\/wp\/v2\/posts\/67966","targetHints":{"allow":["GET"]}}],"collection":[{"href":"http:\/\/www.24baires.com\/index.php?rest_route=\/wp\/v2\/posts"}],"about":[{"href":"http:\/\/www.24baires.com\/index.php?rest_route=\/wp\/v2\/types\/post"}],"author":[{"embeddable":true,"href":"http:\/\/www.24baires.com\/index.php?rest_route=\/wp\/v2\/users\/8"}],"replies":[{"embeddable":true,"href":"http:\/\/www.24baires.com\/index.php?rest_route=%2Fwp%2Fv2%2Fcomments&post=67966"}],"version-history":[{"count":2,"href":"http:\/\/www.24baires.com\/index.php?rest_route=\/wp\/v2\/posts\/67966\/revisions"}],"predecessor-version":[{"id":67969,"href":"http:\/\/www.24baires.com\/index.php?rest_route=\/wp\/v2\/posts\/67966\/revisions\/67969"}],"wp:attachment":[{"href":"http:\/\/www.24baires.com\/index.php?rest_route=%2Fwp%2Fv2%2Fmedia&parent=67966"}],"wp:term":[{"taxonomy":"category","embeddable":true,"href":"http:\/\/www.24baires.com\/index.php?rest_route=%2Fwp%2Fv2%2Fcategories&post=67966"},{"taxonomy":"post_tag","embeddable":true,"href":"http:\/\/www.24baires.com\/index.php?rest_route=%2Fwp%2Fv2%2Ftags&post=67966"}],"curies":[{"name":"wp","href":"https:\/\/api.w.org\/{rel}","templated":true}]}}