{"id":67953,"date":"2015-06-22T16:00:41","date_gmt":"2015-06-22T19:00:41","guid":{"rendered":"http:\/\/www.24baires.com\/?p=67953"},"modified":"2015-06-22T14:40:10","modified_gmt":"2015-06-22T17:40:10","slug":"scioli-en-6-7-8-clarin-tiene-que-adecuarse-a-la-ley-de-medios","status":"publish","type":"post","link":"http:\/\/www.24baires.com\/?p=67953","title":{"rendered":"Scioli en 6, 7, 8: \u00abClar\u00edn tiene que adecuarse a la Ley de Medios\u00bb"},"content":{"rendered":"<p><img data-recalc-dims=\"1\" loading=\"lazy\" decoding=\"async\" class=\"aligncenter size-full wp-image-67954\" src=\"https:\/\/i0.wp.com\/www.24baires.com\/wp-content\/uploads\/2015\/06\/scioli-678.jpg?resize=560%2C405\" alt=\"scioli 678\" width=\"560\" height=\"405\" srcset=\"https:\/\/i0.wp.com\/www.24baires.com\/wp-content\/uploads\/2015\/06\/scioli-678.jpg?w=560 560w, https:\/\/i0.wp.com\/www.24baires.com\/wp-content\/uploads\/2015\/06\/scioli-678.jpg?resize=300%2C217 300w\" sizes=\"auto, (max-width: 560px) 100vw, 560px\" \/>El precandidato presidencial del kirchnerismo afirm\u00f3 en el programa 6,7,8 que respetar\u00e1 el fallo que declar\u00f3 constitucional y obliga por ley a la desinversi\u00f3n de la organizaci\u00f3n Clar\u00edn. \u00abVoy a aplicarla\u00bb, asegur\u00f3.<!--more--><\/p>\n<p>El precandidato presidencial por el Frente para la Victoria y gobernador de la provincia de Buenos Aires, Daniel Scioli, afirm\u00f3 este domingo por la noche que \u00abdesde hace ocho a\u00f1os\u00bb implementa \u00ablas pol\u00edticas que son la esencia del kirchnerismo\u00bb, y dej\u00f3 en claro que desde 2003 se ha mantenido \u00abinquebrantablemente leal a\u00fan en los momentos dif\u00edciles\u00bb con los gobiernos de N\u00e9stor y Cristina Kirchner.<\/p>\n<p>\u00abDesde hace ocho a\u00f1os me preocupo en implementar las pol\u00edticas sociales de este Gobierno. Hubo una reforma fiscal en el sector rural que no se pon\u00eda en marcha desde hac\u00eda 50 a\u00f1os. Adem\u00e1s le aplicamos el impuesto de ingresos brutos a las empresas de cables y sancionamos una ley de fertilidad asistida\u00bb, se\u00f1al\u00f3 Scioli en declaraciones al programa 678.<\/p>\n<p>En ese sentido, el mandatario provincial subray\u00f3 que se viene una etapa en la cual ser\u00e1n \u00abclaves la inversi\u00f3n, el desarrollo y la productividad\u00bb.<\/p>\n<p>\u00abAhora tenemos que fortalecer este modelo productivo, fomentar la inversi\u00f3n y darle prioridad al desarrollo. Esto es lo queremos discutir. Por eso, en estas elecciones se enfrentan dos modelos de pa\u00eds\u00bb, apunt\u00f3.<\/p>\n<p>El candidato presidencial del kirchnerismo, quien la semana pasada acord\u00f3 integrar la f\u00f3rmula junto al secretario de Legal y T\u00e9cnica, Carlos Zannini, asever\u00f3 adem\u00e1s que \u00abno se retroceder\u00e1 un mil\u00edmetro en las pol\u00edticas de derechos humanos\u00bb, y asegur\u00f3 que aplicar\u00e1 la Ley de Medios porque se trata de una normativa \u00abconstitucional\u00bb.<\/p>\n<p>\u00abEstoy comprometido con las pol\u00edticas de derechos humanos de este proyecto y no voy a retroceder un mil\u00edmetro en este aspecto. Y en cuanto a la Ley de Medios, voy a respetar el fallo que establece que es constitucional y voy a a aplicarla\u00bb, advirti\u00f3. Y al respecto, record\u00f3: \u00abLos que dudan de mi posici\u00f3n en este tema deben recordar que mi vicegobernador es Gabriel Mariotto, que fue autor de esa Ley que sancion\u00f3 el Congreso\u00bb.<\/p>\n<p>Con respecto a su fidelidad para con el kirchnerismo, el gobernador remarc\u00f3 que se mantuvo \u00ableal en los momentos m\u00e1s dif\u00edciles\u00bb, y que su \u00ab\u00fanico compromiso es con \u00abla presidenta Cristina Fern\u00e1ndez de Kirchner\u00bb.<\/p>\n<p>\u00abLo que deben tener en cuenta la militancia de este proyecto es que soy previsible y me mantuve leal con este proyecto, a\u00fan en los momentos m\u00e1s dif\u00edciles. Mi \u00fanico compromiso es con la memoria de N\u00e9stor (Kirchner) y con Cristina\u00bb enfatiz\u00f3.<\/p>\n<p>&nbsp;<\/p>\n<p>&nbsp;<\/p>\n<p>&nbsp;<\/p>\n<p>&nbsp;<\/p>\n<p>&nbsp;<\/p>\n<p>&nbsp;<\/p>\n<p>&nbsp;<\/p>\n<p>&nbsp;<\/p>\n<p>&nbsp;<\/p>\n<p>&nbsp;<\/p>\n<p>&nbsp;<\/p>\n<p>&nbsp;<\/p>\n<p>&nbsp;<\/p>\n<p>&nbsp;<\/p>\n<p>&nbsp;<\/p>\n<p>&nbsp;<\/p>\n","protected":false},"excerpt":{"rendered":"<p>El precandidato presidencial del kirchnerismo afirm\u00f3 en el programa 6,7,8 que respetar\u00e1 el fallo que declar\u00f3 constitucional y obliga por ley a la desinversi\u00f3n de la organizaci\u00f3n Clar\u00edn. \u00abVoy a aplicarla\u00bb, asegur\u00f3.<\/p>\n","protected":false},"author":8,"featured_media":0,"comment_status":"open","ping_status":"open","sticky":false,"template":"","format":"standard","meta":{"_jetpack_newsletter_access":"","_jetpack_dont_email_post_to_subs":false,"_jetpack_newsletter_tier_id":0,"_jetpack_memberships_contains_paywalled_content":false,"_jetpack_memberships_contains_paid_content":false,"footnotes":""},"categories":[51],"tags":[],"class_list":["post-67953","post","type-post","status-publish","format-standard","hentry","category-politica"],"jetpack_shortlink":"https:\/\/wp.me\/p2JWE0-hG1","jetpack-related-posts":[{"id":120181,"url":"http:\/\/www.24baires.com\/?p=120181","url_meta":{"origin":67953,"position":0},"title":"El Frente de Todos pasa a llamarse \u00abUni\u00f3n por la Patria\u00bb","author":"AF","date":"14\/06\/2023","format":false,"excerpt":"Los distintos sectores que componen el frente oficialista mantienen reuniones para definir, entre otras cosas, la constituci\u00f3n de su junta partidaria y el reglamento electoral que fijar\u00e1 pisos y porcentajes para la integraci\u00f3n de listas. El Frente de Todos (FdT) se llamar\u00e1 Uni\u00f3n por la Patria (UxP) en las pr\u00f3ximas\u2026","rel":"","context":"En \u00abPol\u00edtica\u00bb","block_context":{"text":"Pol\u00edtica","link":"http:\/\/www.24baires.com\/?cat=51"},"img":{"alt_text":"","src":"https:\/\/i0.wp.com\/www.24baires.com\/wp-content\/uploads\/2023\/06\/cfk-25-5.png?resize=350%2C200","width":350,"height":200,"srcset":"https:\/\/i0.wp.com\/www.24baires.com\/wp-content\/uploads\/2023\/06\/cfk-25-5.png?resize=350%2C200 1x, https:\/\/i0.wp.com\/www.24baires.com\/wp-content\/uploads\/2023\/06\/cfk-25-5.png?resize=525%2C300 1.5x, https:\/\/i0.wp.com\/www.24baires.com\/wp-content\/uploads\/2023\/06\/cfk-25-5.png?resize=700%2C400 2x, https:\/\/i0.wp.com\/www.24baires.com\/wp-content\/uploads\/2023\/06\/cfk-25-5.png?resize=1050%2C600 3x"},"classes":[]},{"id":59641,"url":"http:\/\/www.24baires.com\/?p=59641","url_meta":{"origin":67953,"position":1},"title":"\u00abEl Grupo Clar\u00edn y el kirchnerismo no son compatibles\u00bb, sentenci\u00f3 Rossi","author":"GB","date":"06\/01\/2015","format":false,"excerpt":"El ministro de Defensa y precandidato presidencial del Frente para la Victoria (FPV) afirm\u00f3 que no le gust\u00f3, pero tampoco le \"sorprendi\u00f3\", la presencia de Daniel Scioli en la inauguraci\u00f3n del espacio Clar\u00edn en Mar del Plata. \"No es la primera vez que lo vemos al gobernador participando en ese\u2026","rel":"","context":"En \u00abPol\u00edtica\u00bb","block_context":{"text":"Pol\u00edtica","link":"http:\/\/www.24baires.com\/?cat=51"},"img":{"alt_text":"rossi_6","src":"https:\/\/i0.wp.com\/www.24baires.com\/wp-content\/uploads\/2014\/12\/rossi_6.jpg?resize=350%2C200","width":350,"height":200,"srcset":"https:\/\/i0.wp.com\/www.24baires.com\/wp-content\/uploads\/2014\/12\/rossi_6.jpg?resize=350%2C200 1x, https:\/\/i0.wp.com\/www.24baires.com\/wp-content\/uploads\/2014\/12\/rossi_6.jpg?resize=525%2C300 1.5x"},"classes":[]},{"id":108593,"url":"http:\/\/www.24baires.com\/?p=108593","url_meta":{"origin":67953,"position":2},"title":"Alberto Fern\u00e1ndez recibi\u00f3 al gobernador tucumano Manzur","author":"AF","date":"05\/06\/2019","format":false,"excerpt":"El precandidato a presidente por el Partido Justicialista se reuni\u00f3 con quien este domingo ir\u00e1 por la reelecci\u00f3n. Estiman que este jueves ser\u00e1 dado de alta. El precandidato presidencial peronista Alberto Fern\u00e1ndez recibi\u00f3 al gobernador de Tucum\u00e1n Juan Manzur, quien este domingo ir\u00e1 por la reelecci\u00f3n, a horas de ser\u2026","rel":"","context":"En \u00abPol\u00edtica\u00bb","block_context":{"text":"Pol\u00edtica","link":"http:\/\/www.24baires.com\/?cat=51"},"img":{"alt_text":"","src":"https:\/\/i0.wp.com\/www.24baires.com\/wp-content\/uploads\/2019\/06\/manzur-fern%C3%A1ndez.jpg?resize=350%2C200","width":350,"height":200,"srcset":"https:\/\/i0.wp.com\/www.24baires.com\/wp-content\/uploads\/2019\/06\/manzur-fern%C3%A1ndez.jpg?resize=350%2C200 1x, https:\/\/i0.wp.com\/www.24baires.com\/wp-content\/uploads\/2019\/06\/manzur-fern%C3%A1ndez.jpg?resize=525%2C300 1.5x"},"classes":[]},{"id":108334,"url":"http:\/\/www.24baires.com\/?p=108334","url_meta":{"origin":67953,"position":3},"title":"Lavagna: \u00abNi Cristina ni cambiemos\u00bb","author":"AF","date":"22\/05\/2019","format":false,"excerpt":"\"Recibimos a los radicales que no se sientan representados por el PRO\", sostuvo por C5N el candidato presidencial por Consenso 19, quien remarc\u00f3 que el kirchnerismo \"no puede recibir nada de nosotros\". El ex ministro de Econom\u00eda Roberto Lavagna ratific\u00f3 este mi\u00e9rcoles por la tarde su precandidatura presidencial por Consenso\u2026","rel":"","context":"En \u00abPol\u00edtica\u00bb","block_context":{"text":"Pol\u00edtica","link":"http:\/\/www.24baires.com\/?cat=51"},"img":{"alt_text":"","src":"https:\/\/i0.wp.com\/www.24baires.com\/wp-content\/uploads\/2013\/12\/lavagna-solo.jpg?resize=350%2C200","width":350,"height":200,"srcset":"https:\/\/i0.wp.com\/www.24baires.com\/wp-content\/uploads\/2013\/12\/lavagna-solo.jpg?resize=350%2C200 1x, https:\/\/i0.wp.com\/www.24baires.com\/wp-content\/uploads\/2013\/12\/lavagna-solo.jpg?resize=525%2C300 1.5x"},"classes":[]},{"id":108387,"url":"http:\/\/www.24baires.com\/?p=108387","url_meta":{"origin":67953,"position":4},"title":"Scioli ratific\u00f3 su candidatura presidencial","author":"GB","date":"25\/05\/2019","format":false,"excerpt":"El exgobernador de la Provincia de Buenos Aires particip\u00f3 del Congreso Educativo de Ajedrez que se realiz\u00f3 en la ciudad balnearia y manifest\u00f3 sus deseos de ser el primer mandatario del pa\u00eds despu\u00e9s del 10 de diciembre, sin embargo aclar\u00f3: \u201cVer\u00e9 como peronista en qu\u00e9 lugar puedo hacer mi mayor\u2026","rel":"","context":"En \u00abPol\u00edtica\u00bb","block_context":{"text":"Pol\u00edtica","link":"http:\/\/www.24baires.com\/?cat=51"},"img":{"alt_text":"","src":"https:\/\/i0.wp.com\/www.24baires.com\/wp-content\/uploads\/2019\/05\/scioli-mar-del.jpg?resize=350%2C200","width":350,"height":200,"srcset":"https:\/\/i0.wp.com\/www.24baires.com\/wp-content\/uploads\/2019\/05\/scioli-mar-del.jpg?resize=350%2C200 1x, https:\/\/i0.wp.com\/www.24baires.com\/wp-content\/uploads\/2019\/05\/scioli-mar-del.jpg?resize=525%2C300 1.5x"},"classes":[]},{"id":110808,"url":"http:\/\/www.24baires.com\/?p=110808","url_meta":{"origin":67953,"position":5},"title":"La Justicia interrogar\u00e1 a Lavagna por el supuesto soborno para que baje su candidatura","author":"AF","date":"14\/06\/2019","format":false,"excerpt":"El precandidato presidencial fue citado para el 25 de junio por el fiscal electoral Jorge Di Lello a ra\u00edz de una nota firmada por Jorge Fontevecchia en la que se afirma que Lavagna fue tentado con ocho millones de d\u00f3lares si declinaba su candidatura. El precandidato presidencial y ex ministro\u2026","rel":"","context":"En \u00abPol\u00edtica\u00bb","block_context":{"text":"Pol\u00edtica","link":"http:\/\/www.24baires.com\/?cat=51"},"img":{"alt_text":"","src":"https:\/\/i0.wp.com\/www.24baires.com\/wp-content\/uploads\/2019\/06\/lavagna.jpg?resize=350%2C200","width":350,"height":200,"srcset":"https:\/\/i0.wp.com\/www.24baires.com\/wp-content\/uploads\/2019\/06\/lavagna.jpg?resize=350%2C200 1x, https:\/\/i0.wp.com\/www.24baires.com\/wp-content\/uploads\/2019\/06\/lavagna.jpg?resize=525%2C300 1.5x"},"classes":[]}],"jetpack_sharing_enabled":true,"jetpack_likes_enabled":true,"jetpack_featured_media_url":"","_links":{"self":[{"href":"http:\/\/www.24baires.com\/index.php?rest_route=\/wp\/v2\/posts\/67953","targetHints":{"allow":["GET"]}}],"collection":[{"href":"http:\/\/www.24baires.com\/index.php?rest_route=\/wp\/v2\/posts"}],"about":[{"href":"http:\/\/www.24baires.com\/index.php?rest_route=\/wp\/v2\/types\/post"}],"author":[{"embeddable":true,"href":"http:\/\/www.24baires.com\/index.php?rest_route=\/wp\/v2\/users\/8"}],"replies":[{"embeddable":true,"href":"http:\/\/www.24baires.com\/index.php?rest_route=%2Fwp%2Fv2%2Fcomments&post=67953"}],"version-history":[{"count":1,"href":"http:\/\/www.24baires.com\/index.php?rest_route=\/wp\/v2\/posts\/67953\/revisions"}],"predecessor-version":[{"id":67955,"href":"http:\/\/www.24baires.com\/index.php?rest_route=\/wp\/v2\/posts\/67953\/revisions\/67955"}],"wp:attachment":[{"href":"http:\/\/www.24baires.com\/index.php?rest_route=%2Fwp%2Fv2%2Fmedia&parent=67953"}],"wp:term":[{"taxonomy":"category","embeddable":true,"href":"http:\/\/www.24baires.com\/index.php?rest_route=%2Fwp%2Fv2%2Fcategories&post=67953"},{"taxonomy":"post_tag","embeddable":true,"href":"http:\/\/www.24baires.com\/index.php?rest_route=%2Fwp%2Fv2%2Ftags&post=67953"}],"curies":[{"name":"wp","href":"https:\/\/api.w.org\/{rel}","templated":true}]}}