{"id":67833,"date":"2015-06-19T16:15:27","date_gmt":"2015-06-19T19:15:27","guid":{"rendered":"http:\/\/www.24baires.com\/?p=67833"},"modified":"2015-06-20T10:46:29","modified_gmt":"2015-06-20T13:46:29","slug":"scioli-y-zannini-se-reunieron-para-coordinar-una-agenda-de-trabajo","status":"publish","type":"post","link":"http:\/\/www.24baires.com\/?p=67833","title":{"rendered":"Scioli y Zannini se reunieron \u00abpara coordinar una agenda de trabajo\u00bb"},"content":{"rendered":"<p><img data-recalc-dims=\"1\" loading=\"lazy\" decoding=\"async\" class=\"aligncenter size-full wp-image-67834\" src=\"https:\/\/i0.wp.com\/www.24baires.com\/wp-content\/uploads\/2015\/06\/scioli-zanini.jpg?resize=560%2C373\" alt=\"scioli zanini\" width=\"560\" height=\"373\" srcset=\"https:\/\/i0.wp.com\/www.24baires.com\/wp-content\/uploads\/2015\/06\/scioli-zanini.jpg?w=560 560w, https:\/\/i0.wp.com\/www.24baires.com\/wp-content\/uploads\/2015\/06\/scioli-zanini.jpg?resize=300%2C200 300w\" sizes=\"auto, (max-width: 560px) 100vw, 560px\" \/>El gobernador de la provincia de Buenos Aires y pre candidato a presidente por el Frente para la Victoria, Daniel Scioli, se reuni\u00f3 hoy con su compa\u00f1ero de f\u00f3rmula y actual secretario de Legal y T\u00e9cnica de la Naci\u00f3n, Carlos Zannini, para coordinar una agenda de trabajo de cara a las elecciones.<!--more--><\/p>\n<p>Seg\u00fan se inform\u00f3 oficialmente, el encuentro tuvo lugar este mediod\u00eda en las oficinas porte\u00f1as del Banco de la Provincia de Buenos Aires.<\/p>\n<p>La reuni\u00f3n entre los dirigentes se da dos d\u00edas despu\u00e9s del anuncio de la f\u00f3rmula que representar\u00e1 al Frente para la Victoria en las pr\u00f3ximas elecciones nacionales.<\/p>\n<p>&nbsp;<\/p>\n<p>&nbsp;<\/p>\n<p>&nbsp;<\/p>\n<p>&nbsp;<\/p>\n<p>&nbsp;<\/p>\n","protected":false},"excerpt":{"rendered":"<p>El gobernador de la provincia de Buenos Aires y pre candidato a presidente por el Frente para la Victoria, Daniel Scioli, se reuni\u00f3 hoy con su compa\u00f1ero de f\u00f3rmula y actual secretario de Legal y T\u00e9cnica de la Naci\u00f3n, Carlos Zannini, para coordinar una agenda de trabajo de cara a las elecciones.<\/p>\n","protected":false},"author":8,"featured_media":0,"comment_status":"open","ping_status":"open","sticky":false,"template":"","format":"standard","meta":{"_jetpack_newsletter_access":"","_jetpack_dont_email_post_to_subs":false,"_jetpack_newsletter_tier_id":0,"_jetpack_memberships_contains_paywalled_content":false,"_jetpack_memberships_contains_paid_content":false,"footnotes":""},"categories":[51],"tags":[],"class_list":["post-67833","post","type-post","status-publish","format-standard","hentry","category-politica"],"jetpack_shortlink":"https:\/\/wp.me\/p2JWE0-hE5","jetpack-related-posts":[{"id":69839,"url":"http:\/\/www.24baires.com\/?p=69839","url_meta":{"origin":67833,"position":0},"title":"Scioli en Tandil: \u00abEste es el espacio pol\u00edtico de la industria nacional\u00bb","author":"AF","date":"31\/07\/2015","format":false,"excerpt":"El gobernador bonaerense y candidato presidencial del Frente para la Victoria, Daniel Scioli habl\u00f3 en un acto en la ciudad bonaerense de Tandil. \"Esta Argentina va a sembrar cada vez m\u00e1s oportunidades\", dijo. El gobernador bonaerense y candidato presidencial del Frente para la Victoria, Daniel Scioli, afirm\u00f3 hoy que \"las\u2026","rel":"","context":"En \u00abElecciones 2015\u00bb","block_context":{"text":"Elecciones 2015","link":"http:\/\/www.24baires.com\/?cat=74"},"img":{"alt_text":"","src":"https:\/\/i0.wp.com\/www.24baires.com\/wp-content\/uploads\/2015\/07\/zannini-scioli-bossio-an%C3%ADbal.jpg?resize=350%2C200","width":350,"height":200,"srcset":"https:\/\/i0.wp.com\/www.24baires.com\/wp-content\/uploads\/2015\/07\/zannini-scioli-bossio-an%C3%ADbal.jpg?resize=350%2C200 1x, https:\/\/i0.wp.com\/www.24baires.com\/wp-content\/uploads\/2015\/07\/zannini-scioli-bossio-an%C3%ADbal.jpg?resize=525%2C300 1.5x"},"classes":[]},{"id":69890,"url":"http:\/\/www.24baires.com\/?p=69890","url_meta":{"origin":67833,"position":1},"title":"\u00abZannini y yo somos la f\u00f3rmula m\u00e1s federal\u00bb","author":"AF","date":"01\/08\/2015","format":false,"excerpt":"El gobernador de Buenos Aires y candidato a presidente del Frente para la Victoria, Daniel Scioli, asegur\u00f3 hoy desde Entre R\u00edos que esa es \"la cuna del federalismo\" y resalt\u00f3 que junto al secretario de Legal y T\u00e9cnica, Carlos Zannini, integran \"la f\u00f3rmula m\u00e1s federal\" de cara a las pr\u00f3ximas\u2026","rel":"","context":"En \u00abElecciones 2015\u00bb","block_context":{"text":"Elecciones 2015","link":"http:\/\/www.24baires.com\/?cat=74"},"img":{"alt_text":"","src":"","width":0,"height":0},"classes":[]},{"id":68964,"url":"http:\/\/www.24baires.com\/?p=68964","url_meta":{"origin":67833,"position":2},"title":"Sondeos adelantan una clara ventaja de la f\u00f3rmula Scioli-Zannini en la Provincia","author":"AF","date":"12\/07\/2015","format":false,"excerpt":"El sondeo se realiz\u00f3 en la provincia de Buenos Aires y le da el 45,2 por ciento de las voluntades por sobre la dupla Macri-Michetti. Una encuesta del Centro de Estudios de Opini\u00f3n P\u00fablica (CEOP) revela que a menos de un mes de las elecciones PASO presidenciales, la f\u00f3rmula Daniel\u2026","rel":"","context":"En \u00abElecciones 2015\u00bb","block_context":{"text":"Elecciones 2015","link":"http:\/\/www.24baires.com\/?cat=74"},"img":{"alt_text":"scioli zannini","src":"https:\/\/i0.wp.com\/www.24baires.com\/wp-content\/uploads\/2015\/07\/scioli-zannini.jpg?resize=350%2C200","width":350,"height":200},"classes":[]},{"id":69150,"url":"http:\/\/www.24baires.com\/?p=69150","url_meta":{"origin":67833,"position":3},"title":"Scioli: \u00abNuestras prioridades contrastan con las de la alianza reciclada de Macri\u00bb","author":"AF","date":"16\/07\/2015","format":false,"excerpt":"El precandidato presidencial del Frente para la Victoria (FPV) y gobernador bonaerense afirm\u00f3, adem\u00e1s que junto a Carlos Zannini son la \"f\u00f3rmula m\u00e1s federal\" para las primarias del 9 de agosto. El precandidato presidencial del Frente para la Victoria (FPV) y gobernador bonaerense, Daniel Scioli, afirm\u00f3 hoy que -junto a\u2026","rel":"","context":"En \u00abElecciones 2015\u00bb","block_context":{"text":"Elecciones 2015","link":"http:\/\/www.24baires.com\/?cat=74"},"img":{"alt_text":"scioli 1","src":"https:\/\/i0.wp.com\/www.24baires.com\/wp-content\/uploads\/2015\/01\/scioli-1.jpg?resize=350%2C200","width":350,"height":200,"srcset":"https:\/\/i0.wp.com\/www.24baires.com\/wp-content\/uploads\/2015\/01\/scioli-1.jpg?resize=350%2C200 1x, https:\/\/i0.wp.com\/www.24baires.com\/wp-content\/uploads\/2015\/01\/scioli-1.jpg?resize=525%2C300 1.5x"},"classes":[]},{"id":69662,"url":"http:\/\/www.24baires.com\/?p=69662","url_meta":{"origin":67833,"position":4},"title":"Scioli destac\u00f3 la \u00abagenda de integraci\u00f3n\u00bb del Frente para la Victoria","author":"AF","date":"28\/07\/2015","format":false,"excerpt":"El candidato a presidente por el Frente para la Victoria, Daniel Scioli, junto al candidato a vicepresidente, Carlos Zannini, encabez\u00f3 el acto de cierre del encuentro regional de candidatos al Parlasur. El candidato presidencial del Frente para la Victoria, Daniel Scioli, cerr\u00f3 en la capital provincial el encuentro de Parlamentarios\u2026","rel":"","context":"En \u00abPol\u00edtica\u00bb","block_context":{"text":"Pol\u00edtica","link":"http:\/\/www.24baires.com\/?cat=51"},"img":{"alt_text":"","src":"https:\/\/i0.wp.com\/www.24baires.com\/wp-content\/uploads\/2015\/07\/scioli-en-mendoza.jpg?resize=350%2C200","width":350,"height":200,"srcset":"https:\/\/i0.wp.com\/www.24baires.com\/wp-content\/uploads\/2015\/07\/scioli-en-mendoza.jpg?resize=350%2C200 1x, https:\/\/i0.wp.com\/www.24baires.com\/wp-content\/uploads\/2015\/07\/scioli-en-mendoza.jpg?resize=525%2C300 1.5x"},"classes":[]},{"id":74519,"url":"http:\/\/www.24baires.com\/?p=74519","url_meta":{"origin":67833,"position":5},"title":"Scioli: \u00abEl balotaje es una final entre dos proyectos de pa\u00eds\u00bb","author":"GB","date":"02\/11\/2015","format":false,"excerpt":"El candidato del FpV asegur\u00f3 que \"el balotaje es una final entre dos proyectos de pa\u00eds\" e insisti\u00f3 en su agenda de campa\u00f1a basada en la promoci\u00f3n del trabajo, las pymes y el 82% m\u00f3vil para jubilaciones m\u00ednimas. Scioli monopoliz\u00f3 la agenda de campa\u00f1a de cara al balotaje ya que\u2026","rel":"","context":"En \u00abElecciones 2015\u00bb","block_context":{"text":"Elecciones 2015","link":"http:\/\/www.24baires.com\/?cat=74"},"img":{"alt_text":"scioli intendentes","src":"https:\/\/i0.wp.com\/www.24baires.com\/wp-content\/uploads\/2015\/11\/scioli-intendentes.jpg?resize=350%2C200","width":350,"height":200,"srcset":"https:\/\/i0.wp.com\/www.24baires.com\/wp-content\/uploads\/2015\/11\/scioli-intendentes.jpg?resize=350%2C200 1x, https:\/\/i0.wp.com\/www.24baires.com\/wp-content\/uploads\/2015\/11\/scioli-intendentes.jpg?resize=525%2C300 1.5x"},"classes":[]}],"jetpack_sharing_enabled":true,"jetpack_likes_enabled":true,"jetpack_featured_media_url":"","_links":{"self":[{"href":"http:\/\/www.24baires.com\/index.php?rest_route=\/wp\/v2\/posts\/67833","targetHints":{"allow":["GET"]}}],"collection":[{"href":"http:\/\/www.24baires.com\/index.php?rest_route=\/wp\/v2\/posts"}],"about":[{"href":"http:\/\/www.24baires.com\/index.php?rest_route=\/wp\/v2\/types\/post"}],"author":[{"embeddable":true,"href":"http:\/\/www.24baires.com\/index.php?rest_route=\/wp\/v2\/users\/8"}],"replies":[{"embeddable":true,"href":"http:\/\/www.24baires.com\/index.php?rest_route=%2Fwp%2Fv2%2Fcomments&post=67833"}],"version-history":[{"count":1,"href":"http:\/\/www.24baires.com\/index.php?rest_route=\/wp\/v2\/posts\/67833\/revisions"}],"predecessor-version":[{"id":67835,"href":"http:\/\/www.24baires.com\/index.php?rest_route=\/wp\/v2\/posts\/67833\/revisions\/67835"}],"wp:attachment":[{"href":"http:\/\/www.24baires.com\/index.php?rest_route=%2Fwp%2Fv2%2Fmedia&parent=67833"}],"wp:term":[{"taxonomy":"category","embeddable":true,"href":"http:\/\/www.24baires.com\/index.php?rest_route=%2Fwp%2Fv2%2Fcategories&post=67833"},{"taxonomy":"post_tag","embeddable":true,"href":"http:\/\/www.24baires.com\/index.php?rest_route=%2Fwp%2Fv2%2Ftags&post=67833"}],"curies":[{"name":"wp","href":"https:\/\/api.w.org\/{rel}","templated":true}]}}