{"id":67780,"date":"2015-06-18T19:04:20","date_gmt":"2015-06-18T22:04:20","guid":{"rendered":"http:\/\/www.24baires.com\/?p=67780"},"modified":"2015-06-19T10:50:27","modified_gmt":"2015-06-19T13:50:27","slug":"cristina-se-reunio-con-anibal-espinoza-y-dominguez","status":"publish","type":"post","link":"http:\/\/www.24baires.com\/?p=67780","title":{"rendered":"Cristina confirm\u00f3 las precandidaturas de Espinoza, Dom\u00ednguez y An\u00edbal"},"content":{"rendered":"<p><img data-recalc-dims=\"1\" loading=\"lazy\" decoding=\"async\" class=\"aligncenter size-full wp-image-67781\" src=\"https:\/\/i0.wp.com\/www.24baires.com\/wp-content\/uploads\/2015\/06\/paso-gobernador.jpg?resize=560%2C314\" alt=\"paso gobernador\" width=\"560\" height=\"314\" srcset=\"https:\/\/i0.wp.com\/www.24baires.com\/wp-content\/uploads\/2015\/06\/paso-gobernador.jpg?w=560 560w, https:\/\/i0.wp.com\/www.24baires.com\/wp-content\/uploads\/2015\/06\/paso-gobernador.jpg?resize=300%2C168 300w\" sizes=\"auto, (max-width: 560px) 100vw, 560px\" \/>La Presidenta mantuvo esta tarde una reuni\u00f3n con Fernando Espinoza, Juli\u00e1n Dom\u00ednguez y An\u00edbal Fern\u00e1ndez, a quienes les confirm\u00f3 que ser\u00e1n ellos quienes disputar\u00e1n las PASO del kirchnerismo en territorio bonaerense, seg\u00fan confirmaron fuentes del Frente para la Victoria.<!--more--><\/p>\n<p>Durante la reuni\u00f3n con la mandataria, el jefe de gabinete de Ministros, el presidente de la C\u00e1mara de Diputados de la Naci\u00f3n y el intendente de La Matanza fueron confirmados como precandidatos y ahora deber\u00e1n elegir sus compa\u00f1eros de f\u00f3rmula antes de la medianoche del s\u00e1bado, cuando se produzca el cierre de listas.<\/p>\n<p>Por otra parte, las fuentes consultadas por T\u00e9lam explicaron que en las reuni\u00f3n que mantuvo en el d\u00eda de ayer la jefa de Estado con el minsitro del Interior y Transporte, Florencio Randazzo, en ning\u00fan momento se puso en discusi\u00f3n que que retirase su precandidatura a presidente o que \u00abbajase\u00bb a la provincia de Buenos Aires como candidato a gobernador.<\/p>\n<p>\u00abLo \u00fanico que hizo la Presidenta fue ofrecerle a Randazzo su mirada sobre la estrategia electoral que deb\u00eda asumir el Frente para la Victoria\u00bb, afirm\u00f3 uno de los voceros.<br \/>\n&nbsp;<\/p>\n<p>&nbsp;<\/p>\n<p>&nbsp;<\/p>\n<p>&nbsp;<\/p>\n<p>&nbsp;<\/p>\n<p>&nbsp;<\/p>\n<p>&nbsp;<\/p>\n<p>&nbsp;<\/p>\n<p>&nbsp;<\/p>\n<p>&nbsp;<\/p>\n<p>&nbsp;<\/p>\n<p>&nbsp;<\/p>\n<p>&nbsp;<\/p>\n","protected":false},"excerpt":{"rendered":"<p>La Presidenta mantuvo esta tarde una reuni\u00f3n con Fernando Espinoza, Juli\u00e1n Dom\u00ednguez y An\u00edbal Fern\u00e1ndez, a quienes les confirm\u00f3 que ser\u00e1n ellos quienes disputar\u00e1n las PASO del kirchnerismo en territorio bonaerense, seg\u00fan confirmaron fuentes del Frente para la Victoria.<\/p>\n","protected":false},"author":8,"featured_media":0,"comment_status":"open","ping_status":"open","sticky":false,"template":"","format":"standard","meta":{"_jetpack_newsletter_access":"","_jetpack_dont_email_post_to_subs":false,"_jetpack_newsletter_tier_id":0,"_jetpack_memberships_contains_paywalled_content":false,"_jetpack_memberships_contains_paid_content":false,"footnotes":""},"categories":[51],"tags":[],"class_list":["post-67780","post","type-post","status-publish","format-standard","hentry","category-politica"],"jetpack_shortlink":"https:\/\/wp.me\/p2JWE0-hDe","jetpack-related-posts":[{"id":67801,"url":"http:\/\/www.24baires.com\/?p=67801","url_meta":{"origin":67780,"position":0},"title":"\u201cRandazzo pretend\u00eda que en la lista de Scioli no hubiera kirchneristas puros\u201d","author":"AF","date":"19\/06\/2015","format":false,"excerpt":"El jefe de Gabinete revel\u00f3 esta ma\u00f1ana que esa fue la condici\u00f3n que puso el ministro del Interior y Transporte para las PASO. A su vez, enfatiz\u00f3 que el peronismo quien conduce es la que toma las decisiones y quien conduce es la presidenta. Fern\u00e1ndez, tambi\u00e9n precandidato a gobernador a\u2026","rel":"","context":"En \u00abLocales\u00bb","block_context":{"text":"Locales","link":"http:\/\/www.24baires.com\/?cat=38"},"img":{"alt_text":"anibal conferencia","src":"https:\/\/i0.wp.com\/www.24baires.com\/wp-content\/uploads\/2015\/04\/anibal-conferencia.jpg?resize=350%2C200","width":350,"height":200,"srcset":"https:\/\/i0.wp.com\/www.24baires.com\/wp-content\/uploads\/2015\/04\/anibal-conferencia.jpg?resize=350%2C200 1x, https:\/\/i0.wp.com\/www.24baires.com\/wp-content\/uploads\/2015\/04\/anibal-conferencia.jpg?resize=525%2C300 1.5x"},"classes":[]},{"id":69230,"url":"http:\/\/www.24baires.com\/?p=69230","url_meta":{"origin":67780,"position":1},"title":"Interna del FpV: \u00abSabbatella hizo perder a Kirchner en 2009\u00bb asegur\u00f3 esposa de Kunkel","author":"Grupo Sierra","date":"17\/07\/2015","format":false,"excerpt":"La senadora provincial Cristina Fioramonti apunt\u00f3 contra el compa\u00f1ero de f\u00f3rmula de An\u00edbal Fern\u00e1ndez, remarc\u00f3 que \"Sabbatella hizo perder a Kirchner en 2009\". La esposa del diputado Kunkel apoya la f\u00f3rmula compuesta por Juli\u00e1n Dom\u00ednguez y Fernando Espinoza. \u201cVamos a las PASO con una f\u00f3rmula claramente peronista, para competir contra\u2026","rel":"","context":"En \u00abElecciones 2015\u00bb","block_context":{"text":"Elecciones 2015","link":"http:\/\/www.24baires.com\/?cat=74"},"img":{"alt_text":"","src":"https:\/\/i0.wp.com\/www.24baires.com\/wp-content\/uploads\/2015\/07\/fioramonti.jpg?resize=350%2C200","width":350,"height":200,"srcset":"https:\/\/i0.wp.com\/www.24baires.com\/wp-content\/uploads\/2015\/07\/fioramonti.jpg?resize=350%2C200 1x, https:\/\/i0.wp.com\/www.24baires.com\/wp-content\/uploads\/2015\/07\/fioramonti.jpg?resize=525%2C300 1.5x"},"classes":[]},{"id":69999,"url":"http:\/\/www.24baires.com\/?p=69999","url_meta":{"origin":67780,"position":2},"title":"\u00abRecibimos una Provincia desendeudada y queremos contribuir con desarrollo\u00bb","author":"AF","date":"04\/08\/2015","format":false,"excerpt":"El precandidato a gobernador bonaerense por el FpV, Juli\u00e1n Dom\u00ednguez, asegur\u00f3 que Daniel Scioli, precandidato a presidente, deja una provincia con una clase media \"potente, que estudia y se industrializa\". \"Recibimos una provincia absolutamente desendeudada, y con muchas obras realizadas, y esa es una se\u00f1al diferente al gobierno de la\u2026","rel":"","context":"En \u00abElecciones 2015\u00bb","block_context":{"text":"Elecciones 2015","link":"http:\/\/www.24baires.com\/?cat=74"},"img":{"alt_text":"dom\u00ednguez scioli espinoza","src":"https:\/\/i0.wp.com\/www.24baires.com\/wp-content\/uploads\/2015\/07\/dom%C3%ADnguez-scioli-espinoza.jpg?resize=350%2C200","width":350,"height":200,"srcset":"https:\/\/i0.wp.com\/www.24baires.com\/wp-content\/uploads\/2015\/07\/dom%C3%ADnguez-scioli-espinoza.jpg?resize=350%2C200 1x, https:\/\/i0.wp.com\/www.24baires.com\/wp-content\/uploads\/2015\/07\/dom%C3%ADnguez-scioli-espinoza.jpg?resize=525%2C300 1.5x"},"classes":[]},{"id":120181,"url":"http:\/\/www.24baires.com\/?p=120181","url_meta":{"origin":67780,"position":3},"title":"El Frente de Todos pasa a llamarse \u00abUni\u00f3n por la Patria\u00bb","author":"AF","date":"14\/06\/2023","format":false,"excerpt":"Los distintos sectores que componen el frente oficialista mantienen reuniones para definir, entre otras cosas, la constituci\u00f3n de su junta partidaria y el reglamento electoral que fijar\u00e1 pisos y porcentajes para la integraci\u00f3n de listas. El Frente de Todos (FdT) se llamar\u00e1 Uni\u00f3n por la Patria (UxP) en las pr\u00f3ximas\u2026","rel":"","context":"En \u00abPol\u00edtica\u00bb","block_context":{"text":"Pol\u00edtica","link":"http:\/\/www.24baires.com\/?cat=51"},"img":{"alt_text":"","src":"https:\/\/i0.wp.com\/www.24baires.com\/wp-content\/uploads\/2023\/06\/cfk-25-5.png?resize=350%2C200","width":350,"height":200,"srcset":"https:\/\/i0.wp.com\/www.24baires.com\/wp-content\/uploads\/2023\/06\/cfk-25-5.png?resize=350%2C200 1x, https:\/\/i0.wp.com\/www.24baires.com\/wp-content\/uploads\/2023\/06\/cfk-25-5.png?resize=525%2C300 1.5x, https:\/\/i0.wp.com\/www.24baires.com\/wp-content\/uploads\/2023\/06\/cfk-25-5.png?resize=700%2C400 2x, https:\/\/i0.wp.com\/www.24baires.com\/wp-content\/uploads\/2023\/06\/cfk-25-5.png?resize=1050%2C600 3x"},"classes":[]},{"id":66129,"url":"http:\/\/www.24baires.com\/?p=66129","url_meta":{"origin":67780,"position":4},"title":"Scioli asegura que son cuatro los candidatos a gobernar la Provincia","author":"AF","date":"18\/05\/2015","format":false,"excerpt":"El actual gobernador hizo bajar a dos de sus colaboradores de la interna y cada vez quedan menos. Adem\u00e1s, expres\u00f3 cu\u00e1les son los candidatos con m\u00e1s chances. Tras el \"ba\u00f1o de humildad\" pedido por la presidenta Cristina Fern\u00e1ndez, el que intercedi\u00f3 en la interna del Frente para la Victoria por\u2026","rel":"","context":"En \u00abElecciones 2015\u00bb","block_context":{"text":"Elecciones 2015","link":"http:\/\/www.24baires.com\/?cat=74"},"img":{"alt_text":"scioli 1","src":"https:\/\/i0.wp.com\/www.24baires.com\/wp-content\/uploads\/2015\/01\/scioli-1.jpg?resize=350%2C200","width":350,"height":200,"srcset":"https:\/\/i0.wp.com\/www.24baires.com\/wp-content\/uploads\/2015\/01\/scioli-1.jpg?resize=350%2C200 1x, https:\/\/i0.wp.com\/www.24baires.com\/wp-content\/uploads\/2015\/01\/scioli-1.jpg?resize=525%2C300 1.5x"},"classes":[]},{"id":95036,"url":"http:\/\/www.24baires.com\/?p=95036","url_meta":{"origin":67780,"position":5},"title":"Intendentes kirchneristas dieron por confirmada la candidatura de CFK","author":"GB","date":"07\/06\/2017","format":false,"excerpt":"Al t\u00e9rmino de la reuni\u00f3n con M\u00e1ximo Kirchner, los alcaldes m\u00e1s afines a la ex Presidenta confirmaron que se presentar\u00e1 en las pr\u00f3ximas elecciones legislativas y que encabezar\u00e1 una lista de unidad. Tras varios meses de incertidumbre, parece que finalmente la ex presidenta Cristina Fern\u00e1ndez de Kirchner se presentar\u00e1 como\u2026","rel":"","context":"En \u00abPol\u00edtica\u00bb","block_context":{"text":"Pol\u00edtica","link":"http:\/\/www.24baires.com\/?cat=51"},"img":{"alt_text":"","src":"https:\/\/i0.wp.com\/www.24baires.com\/wp-content\/uploads\/2016\/10\/cristina-lealtad.jpg?resize=350%2C200","width":350,"height":200,"srcset":"https:\/\/i0.wp.com\/www.24baires.com\/wp-content\/uploads\/2016\/10\/cristina-lealtad.jpg?resize=350%2C200 1x, https:\/\/i0.wp.com\/www.24baires.com\/wp-content\/uploads\/2016\/10\/cristina-lealtad.jpg?resize=525%2C300 1.5x"},"classes":[]}],"jetpack_sharing_enabled":true,"jetpack_likes_enabled":true,"jetpack_featured_media_url":"","_links":{"self":[{"href":"http:\/\/www.24baires.com\/index.php?rest_route=\/wp\/v2\/posts\/67780","targetHints":{"allow":["GET"]}}],"collection":[{"href":"http:\/\/www.24baires.com\/index.php?rest_route=\/wp\/v2\/posts"}],"about":[{"href":"http:\/\/www.24baires.com\/index.php?rest_route=\/wp\/v2\/types\/post"}],"author":[{"embeddable":true,"href":"http:\/\/www.24baires.com\/index.php?rest_route=\/wp\/v2\/users\/8"}],"replies":[{"embeddable":true,"href":"http:\/\/www.24baires.com\/index.php?rest_route=%2Fwp%2Fv2%2Fcomments&post=67780"}],"version-history":[{"count":3,"href":"http:\/\/www.24baires.com\/index.php?rest_route=\/wp\/v2\/posts\/67780\/revisions"}],"predecessor-version":[{"id":67787,"href":"http:\/\/www.24baires.com\/index.php?rest_route=\/wp\/v2\/posts\/67780\/revisions\/67787"}],"wp:attachment":[{"href":"http:\/\/www.24baires.com\/index.php?rest_route=%2Fwp%2Fv2%2Fmedia&parent=67780"}],"wp:term":[{"taxonomy":"category","embeddable":true,"href":"http:\/\/www.24baires.com\/index.php?rest_route=%2Fwp%2Fv2%2Fcategories&post=67780"},{"taxonomy":"post_tag","embeddable":true,"href":"http:\/\/www.24baires.com\/index.php?rest_route=%2Fwp%2Fv2%2Ftags&post=67780"}],"curies":[{"name":"wp","href":"https:\/\/api.w.org\/{rel}","templated":true}]}}