{"id":67695,"date":"2015-06-17T13:07:02","date_gmt":"2015-06-17T16:07:02","guid":{"rendered":"http:\/\/www.24baires.com\/?p=67695"},"modified":"2015-06-17T13:07:02","modified_gmt":"2015-06-17T16:07:02","slug":"proponen-un-procurador-del-jury-de-enjuiciamiento-de-jueces","status":"publish","type":"post","link":"http:\/\/www.24baires.com\/?p=67695","title":{"rendered":"Proponen un Procurador del jury de enjuiciamiento de jueces"},"content":{"rendered":"<p>La titular del bloque del FpV de la C\u00e1mara de Senadores afirm\u00f3 que \u201cal juicio pol\u00edtico le est\u00e1 faltando una figura que impulse el procedimiento\u201d.<!--more--><\/p>\n<p>La titular del bloque del FpV de la C\u00e1mara de Senadores de la Provincia de Buenos Aires, Cristina Fioramonti, se\u00f1al\u00f3 que \u201ces necesario aclarar que el Poder Judicial tiene como \u00fanico control de sus actos el jurado de enjuiciamiento que ser\u00eda el juicio pol\u00edtico a sus magistrados y miembros del Ministerio P\u00fablico, fiscales y defensores\u201d.<\/p>\n<p>\u201cHemos visto en los \u00faltimos a\u00f1os que no funciona como la sociedad se merece que funcione\u201d, dijo y agreg\u00f3: \u201cel caso de los jueces Piombo y Sal Llargu\u00e9s, con el pedido de juicio pol\u00edtico, es un ejemplo\u201d.<\/p>\n<p>Por \u00faltimo, mencion\u00f3 que \u201chay denuncias que nunca llegan a ser tratadas\u201d.<\/p>\n<p>&nbsp;<\/p>\n<p>&nbsp;<\/p>\n<p>&nbsp;<\/p>\n<p>&nbsp;<\/p>\n<p>&nbsp;<\/p>\n<p>&nbsp;<\/p>\n<p>&nbsp;<\/p>\n<p>&nbsp;<\/p>\n<p>&nbsp;<\/p>\n<p>&nbsp;<\/p>\n<p>&nbsp;<\/p>\n<p>&nbsp;<\/p>\n<p>&nbsp;<\/p>\n","protected":false},"excerpt":{"rendered":"<p>La titular del bloque del FpV de la C\u00e1mara de Senadores afirm\u00f3 que \u201cal juicio pol\u00edtico le est\u00e1 faltando una figura que impulse el procedimiento\u201d.<\/p>\n","protected":false},"author":8,"featured_media":0,"comment_status":"open","ping_status":"open","sticky":false,"template":"","format":"standard","meta":{"_jetpack_newsletter_access":"","_jetpack_dont_email_post_to_subs":false,"_jetpack_newsletter_tier_id":0,"_jetpack_memberships_contains_paywalled_content":false,"_jetpack_memberships_contains_paid_content":false,"footnotes":""},"categories":[51],"tags":[],"class_list":["post-67695","post","type-post","status-publish","format-standard","hentry","category-politica"],"jetpack_shortlink":"https:\/\/wp.me\/p2JWE0-hBR","jetpack-related-posts":[{"id":107735,"url":"http:\/\/www.24baires.com\/?p=107735","url_meta":{"origin":67695,"position":0},"title":"Pino Solanas present\u00f3 un proyecto para quitarle inmunidad a Stornelli","author":"AF","date":"20\/04\/2019","format":false,"excerpt":"La iniciativa le reclama al jefe de los fiscales, Eduardo Casal, para que proceda al enjuiciamiento de Stornelli por no presentarse a declarar ante el juez Ramos Padilla. El proyecto cuenta con el respaldo de 17 senadores. El senador porte\u00f1o Fernando \u201cPino\u201d Solanas present\u00f3 un proyecto donde le pide al\u2026","rel":"","context":"En \u00abJUDICIALES\u00bb","block_context":{"text":"JUDICIALES","link":"http:\/\/www.24baires.com\/?cat=68"},"img":{"alt_text":"","src":"https:\/\/i0.wp.com\/www.24baires.com\/wp-content\/uploads\/2019\/03\/stornelli-1.jpg?resize=350%2C200","width":350,"height":200,"srcset":"https:\/\/i0.wp.com\/www.24baires.com\/wp-content\/uploads\/2019\/03\/stornelli-1.jpg?resize=350%2C200 1x, https:\/\/i0.wp.com\/www.24baires.com\/wp-content\/uploads\/2019\/03\/stornelli-1.jpg?resize=525%2C300 1.5x"},"classes":[]},{"id":94823,"url":"http:\/\/www.24baires.com\/?p=94823","url_meta":{"origin":67695,"position":1},"title":"Votaron a favor del juicio pol\u00edtico al camarista Freiler","author":"AF","date":"29\/05\/2017","format":false,"excerpt":"La Comisi\u00f3n de Disciplina y Acusaci\u00f3n del Consejo de la Magistratura decidi\u00f3 por mayor\u00eda de siete votos contra dos -los del acad\u00e9mico Jorge Candis y el senador del FPV Ruperto Godoy- recomendar al plenario del cuerpo el inicio de un proceso de juicio pol\u00edtico contra el camarista Eduardo Freiler por\u2026","rel":"","context":"En \u00abJUDICIALES\u00bb","block_context":{"text":"JUDICIALES","link":"http:\/\/www.24baires.com\/?cat=68"},"img":{"alt_text":"","src":"","width":0,"height":0},"classes":[]},{"id":119784,"url":"http:\/\/www.24baires.com\/?p=119784","url_meta":{"origin":67695,"position":2},"title":"Diputados aprob\u00f3 la admisibilidad al juicio pol\u00edtico a los miembros de la Corte Suprema","author":"AF","date":"09\/02\/2023","format":false,"excerpt":"El Frente de Todos, con 16 votos, se impuso en la votaci\u00f3n que permitir\u00e1 avanzar hacia la apertura del sumario para acumular las pruebas que sostengan la acusaci\u00f3n contra los magistrados Horacio Rosatti, Carlos Rosenkrantz, Juan Carlos Maqueda y Ricardo Lorenzetti. El Frente de Todos (FdT) consigui\u00f3 este jueves aprobar\u2026","rel":"","context":"En \u00abPol\u00edtica\u00bb","block_context":{"text":"Pol\u00edtica","link":"http:\/\/www.24baires.com\/?cat=51"},"img":{"alt_text":"","src":"https:\/\/i0.wp.com\/www.24baires.com\/wp-content\/uploads\/2023\/02\/Diputados-AproboAdmisibJuicioPolitico-696x451-1.jpg?resize=350%2C200","width":350,"height":200,"srcset":"https:\/\/i0.wp.com\/www.24baires.com\/wp-content\/uploads\/2023\/02\/Diputados-AproboAdmisibJuicioPolitico-696x451-1.jpg?resize=350%2C200 1x, https:\/\/i0.wp.com\/www.24baires.com\/wp-content\/uploads\/2023\/02\/Diputados-AproboAdmisibJuicioPolitico-696x451-1.jpg?resize=525%2C300 1.5x"},"classes":[]},{"id":3805,"url":"http:\/\/www.24baires.com\/?p=3805","url_meta":{"origin":67695,"position":3},"title":"\u201cEl proyecto de Jury de enjuiciamiento propone una pol\u00edtica distinta para la Provincia\u201d","author":"Grupo Sierra","date":"30\/10\/2012","format":false,"excerpt":"Lo asegur\u00f3 el senador bonaerense, Santiago Carreras, quien se mostr\u00f3 confiado en que ser\u00e1 aprobado esta semana. Asimismo asegur\u00f3 que \u201ctenemos una fuerte expectativa considerando todo el trabajo que viene realizando la C\u00e1mara Alta, con leyes que son tan trascendentales\u201d. El pr\u00f3ximo jueves ser\u00e1 tratado en el Senado el proyecto\u2026","rel":"","context":"En \u00abProvincia\u00bb","block_context":{"text":"Provincia","link":"http:\/\/www.24baires.com\/?cat=40"},"img":{"alt_text":"","src":"https:\/\/i0.wp.com\/www.24baires.com\/wp-content\/uploads\/2012\/10\/carreras-santiago1-300x175.jpg?resize=350%2C200","width":350,"height":200},"classes":[]},{"id":114977,"url":"http:\/\/www.24baires.com\/?p=114977","url_meta":{"origin":67695,"position":4},"title":"Piden la destituci\u00f3n del juez que dispuso arrestos domiciliarios masivos por el coronavirus","author":"GB","date":"11\/05\/2020","format":false,"excerpt":"Piden adem\u00e1s que se lo suspenda hasta la realizaci\u00f3n del jury de enjuiciamiento. Se espera todav\u00eda el fallo de la Suprema Corte bonaerense sobre las domiciliarias dictadas ante el avance del coronavirus. La asociaci\u00f3n \"Usina de Justicia\" pidi\u00f3 este lunes la destituci\u00f3n del juez de la C\u00e1mara de Casaci\u00f3n bonaerense\u2026","rel":"","context":"En \u00abPol\u00edtica\u00bb","block_context":{"text":"Pol\u00edtica","link":"http:\/\/www.24baires.com\/?cat=51"},"img":{"alt_text":"","src":"https:\/\/i0.wp.com\/www.24baires.com\/wp-content\/uploads\/2020\/04\/penal.jpg?resize=350%2C200","width":350,"height":200,"srcset":"https:\/\/i0.wp.com\/www.24baires.com\/wp-content\/uploads\/2020\/04\/penal.jpg?resize=350%2C200 1x, https:\/\/i0.wp.com\/www.24baires.com\/wp-content\/uploads\/2020\/04\/penal.jpg?resize=525%2C300 1.5x"},"classes":[]},{"id":4189,"url":"http:\/\/www.24baires.com\/?p=4189","url_meta":{"origin":67695,"position":5},"title":"Ley de Enjuiciamiento: \u201cUna ley que sale por unanimidad, nace fortalecida\u201d","author":"AF","date":"02\/11\/2012","format":false,"excerpt":"La senadora Cristina Fioramonti destac\u00f3 el consenso que obtuvo la reforma de Ley de Enjuiciamiento de Magistrados de la Provincia en los bloques oficialistas y opositores del Senado. La autora de la iniciativa consider\u00f3 que el proyecto, que ahora deber\u00e1 ser votado por la C\u00e1mara baja, es \u201cparte de la\u2026","rel":"","context":"En \u00abPol\u00edtica\u00bb","block_context":{"text":"Pol\u00edtica","link":"http:\/\/www.24baires.com\/?cat=51"},"img":{"alt_text":"","src":"","width":0,"height":0},"classes":[]}],"jetpack_sharing_enabled":true,"jetpack_likes_enabled":true,"jetpack_featured_media_url":"","_links":{"self":[{"href":"http:\/\/www.24baires.com\/index.php?rest_route=\/wp\/v2\/posts\/67695","targetHints":{"allow":["GET"]}}],"collection":[{"href":"http:\/\/www.24baires.com\/index.php?rest_route=\/wp\/v2\/posts"}],"about":[{"href":"http:\/\/www.24baires.com\/index.php?rest_route=\/wp\/v2\/types\/post"}],"author":[{"embeddable":true,"href":"http:\/\/www.24baires.com\/index.php?rest_route=\/wp\/v2\/users\/8"}],"replies":[{"embeddable":true,"href":"http:\/\/www.24baires.com\/index.php?rest_route=%2Fwp%2Fv2%2Fcomments&post=67695"}],"version-history":[{"count":1,"href":"http:\/\/www.24baires.com\/index.php?rest_route=\/wp\/v2\/posts\/67695\/revisions"}],"predecessor-version":[{"id":67696,"href":"http:\/\/www.24baires.com\/index.php?rest_route=\/wp\/v2\/posts\/67695\/revisions\/67696"}],"wp:attachment":[{"href":"http:\/\/www.24baires.com\/index.php?rest_route=%2Fwp%2Fv2%2Fmedia&parent=67695"}],"wp:term":[{"taxonomy":"category","embeddable":true,"href":"http:\/\/www.24baires.com\/index.php?rest_route=%2Fwp%2Fv2%2Fcategories&post=67695"},{"taxonomy":"post_tag","embeddable":true,"href":"http:\/\/www.24baires.com\/index.php?rest_route=%2Fwp%2Fv2%2Ftags&post=67695"}],"curies":[{"name":"wp","href":"https:\/\/api.w.org\/{rel}","templated":true}]}}