{"id":67691,"date":"2015-06-17T12:36:42","date_gmt":"2015-06-17T15:36:42","guid":{"rendered":"http:\/\/www.24baires.com\/?p=67691"},"modified":"2015-06-17T12:36:42","modified_gmt":"2015-06-17T15:36:42","slug":"la-justicia-le-prohibio-a-larreta-participar-en-actos-oficiales","status":"publish","type":"post","link":"http:\/\/www.24baires.com\/?p=67691","title":{"rendered":"La Justicia le prohibi\u00f3 a Larreta participar en actos oficiales"},"content":{"rendered":"<p><img data-recalc-dims=\"1\" loading=\"lazy\" decoding=\"async\" class=\"aligncenter wp-image-67692\" src=\"https:\/\/i0.wp.com\/www.24baires.com\/wp-content\/uploads\/2015\/06\/larreta.jpg?resize=560%2C427\" alt=\"larreta\" width=\"560\" height=\"427\" \/>El Tribunal Superior de Justicia (TSJ) exigi\u00f3 que no participe de inauguraciones de obras p\u00fablicas y \u00abse abstenga\u00bb de mencionar su nombre o publicar sus fotograf\u00edas al difundir actos de gobierno durante la campa\u00f1a electoral con vistas a las elecciones del 5 de julio.<!--more--><\/p>\n<p>El Tribunal Superior de Justicia (TSJ) le orden\u00f3 al Poder Ejecutivo porte\u00f1o que el candidato a jefe de Gobierno, Horacio Rodr\u00edguez Larreta, no participe de inauguraciones de obras p\u00fablicas y \u00abse abstenga\u00bb de mencionar su nombre o publicar sus fotograf\u00edas al difundir actos de gobierno durante la campa\u00f1a electoral con vistas a las elecciones del 5 de julio.<\/p>\n<p>As\u00ed lo resolvieron los integrantes del tribunal, en respuesta a una presentaci\u00f3n realizada por los apoderados del candidato de ECO, Mart\u00edn Lousteau, quien hab\u00eda solicitado que el gobierno de Macri \u00abse abstenga de realizar propaganda institucional que induce al voto\u00bb.<\/p>\n<p>Seg\u00fan la denuncia de Lousteau, el gobierno porte\u00f1o viola el art\u00edculo 61 de la Constituci\u00f3n local, \u00abal utilizar recursos p\u00fablicos para inducir el voto a trav\u00e9s de la propaganda<br \/>\ninstitucional\u00bb y se\u00f1alaron que durante el mes de mayo se realizaron inauguraciones de obras p\u00fablicas con la presencia de Rodr\u00edguez Larreta.<\/p>\n<p>El tribunal de justicia dijo asimismo que \u00abigual criterio corresponde aplicar a los supuestos de concurrencia a inauguraciones de obras u otros actos p\u00fablicos que<br \/>\ntengan una previsible difusi\u00f3n masiva\u00bb.<\/p>\n<p>\u00abEl acto p\u00fablico o la inauguraci\u00f3n de la obra pueden ser llevados a cabo sin la presencia de los candidatos\u00bb, advierten los jueces del tribunal en una resoluci\u00f3n conocida ayer por la tarde.<\/p>\n<p>Tambi\u00e9n le ordenaron al candidato del PRO que \u00abse abstenga del env\u00ed\u00ado de mensajes de correo electr\u00f3nico\u00bb desde una direcci\u00f3n de e-mail con dominio de gobierno porte\u00f1o.<\/p>\n","protected":false},"excerpt":{"rendered":"<p>El Tribunal Superior de Justicia (TSJ) exigi\u00f3 que no participe de inauguraciones de obras p\u00fablicas y \u00abse abstenga\u00bb de mencionar su nombre o publicar sus fotograf\u00edas al difundir actos de gobierno durante la campa\u00f1a electoral con vistas a las elecciones del 5 de julio.<\/p>\n","protected":false},"author":8,"featured_media":0,"comment_status":"open","ping_status":"open","sticky":false,"template":"","format":"standard","meta":{"_jetpack_newsletter_access":"","_jetpack_dont_email_post_to_subs":false,"_jetpack_newsletter_tier_id":0,"_jetpack_memberships_contains_paywalled_content":false,"_jetpack_memberships_contains_paid_content":false,"footnotes":""},"categories":[51],"tags":[],"class_list":["post-67691","post","type-post","status-publish","format-standard","hentry","category-politica"],"jetpack_shortlink":"https:\/\/wp.me\/p2JWE0-hBN","jetpack-related-posts":[{"id":111439,"url":"http:\/\/www.24baires.com\/?p=111439","url_meta":{"origin":67691,"position":0},"title":"Comienza la veda para las encuestas electorales","author":"AF","date":"02\/08\/2019","format":false,"excerpt":"La C\u00e1mara Nacional Electoral record\u00f3 el cronograma electoral. En las 48 horas previas a la votaci\u00f3n no se podr\u00e1n hacer m\u00e1s actos de campa\u00f1a. A partir de ma\u00f1ana, y hasta tres horas despu\u00e9s del cierre de los comicios, no podr\u00e1n publicarse \"resultados de encuestas o sondeos de opini\u00f3n, ni referirse\u2026","rel":"","context":"En \u00abPol\u00edtica\u00bb","block_context":{"text":"Pol\u00edtica","link":"http:\/\/www.24baires.com\/?cat=51"},"img":{"alt_text":"","src":"https:\/\/i0.wp.com\/www.24baires.com\/wp-content\/uploads\/2013\/08\/urna3.jpg?resize=350%2C200","width":350,"height":200,"srcset":"https:\/\/i0.wp.com\/www.24baires.com\/wp-content\/uploads\/2013\/08\/urna3.jpg?resize=350%2C200 1x, https:\/\/i0.wp.com\/www.24baires.com\/wp-content\/uploads\/2013\/08\/urna3.jpg?resize=525%2C300 1.5x"},"classes":[]},{"id":111423,"url":"http:\/\/www.24baires.com\/?p=111423","url_meta":{"origin":67691,"position":1},"title":"Macri volvi\u00f3 a violar la veda electoral","author":"AF","date":"01\/08\/2019","format":false,"excerpt":"El Presidente hizo un acto en las obras del aeropuerto y ruta nacional 34 ignorando las advertencias del fiscal Di Lello. Hace apenas un d\u00eda, el Gobierno se hab\u00eda manifestado respetuoso de la ley electoral. El presidente Mauricio Macri, desde que empez\u00f3 la veda elecotal, viene violando la ley. Este\u2026","rel":"","context":"En \u00abPol\u00edtica\u00bb","block_context":{"text":"Pol\u00edtica","link":"http:\/\/www.24baires.com\/?cat=51"},"img":{"alt_text":"","src":"https:\/\/i0.wp.com\/www.24baires.com\/wp-content\/uploads\/2019\/08\/macri-jujuy.jpg?resize=350%2C200","width":350,"height":200,"srcset":"https:\/\/i0.wp.com\/www.24baires.com\/wp-content\/uploads\/2019\/08\/macri-jujuy.jpg?resize=350%2C200 1x, https:\/\/i0.wp.com\/www.24baires.com\/wp-content\/uploads\/2019\/08\/macri-jujuy.jpg?resize=525%2C300 1.5x"},"classes":[]},{"id":111367,"url":"http:\/\/www.24baires.com\/?p=111367","url_meta":{"origin":67691,"position":2},"title":"La Justicia le pidi\u00f3 a Macri que deje de inaugurar obras porque rige la veda electoral","author":"AF","date":"29\/07\/2019","format":false,"excerpt":"El Presidente sigue su derrotero por el interior del pa\u00eds para inaugurar obras p\u00fablicas y otros escenarios, pero desde la fiscal\u00eda de Jorge Di Lello remarcaron los l\u00edmites de la campa\u00f1a electoral. Un comunicado de la Fiscal\u00eda federal con competencia electoral que encabeza Jorge Di Lello delimit\u00f3 de manera expl\u00edcita\u2026","rel":"","context":"En \u00abPol\u00edtica\u00bb","block_context":{"text":"Pol\u00edtica","link":"http:\/\/www.24baires.com\/?cat=51"},"img":{"alt_text":"","src":"https:\/\/i0.wp.com\/www.24baires.com\/wp-content\/uploads\/2018\/10\/maCri-rawson.jpg?resize=350%2C200","width":350,"height":200,"srcset":"https:\/\/i0.wp.com\/www.24baires.com\/wp-content\/uploads\/2018\/10\/maCri-rawson.jpg?resize=350%2C200 1x, https:\/\/i0.wp.com\/www.24baires.com\/wp-content\/uploads\/2018\/10\/maCri-rawson.jpg?resize=525%2C300 1.5x"},"classes":[]},{"id":111404,"url":"http:\/\/www.24baires.com\/?p=111404","url_meta":{"origin":67691,"position":3},"title":"Macri usa el helic\u00f3ptero para hacer campa\u00f1a","author":"AF","date":"31\/07\/2019","format":false,"excerpt":"El secretario general de la presidencia, Fernando De Andreis, confirm\u00f3 que el mandatario vol\u00f3 desde la residencia presidencial de Olivos hasta Belgrano. La excusa fue \"razones de seguridad\". Despu\u00e9s de haber utilizado un helic\u00f3ptero oficial para ir a una peluquer\u00eda en C\u00f3rdoba , el presidente, Mauricio Macri, volvi\u00f3 a recurrir\u2026","rel":"","context":"En \u00abPol\u00edtica\u00bb","block_context":{"text":"Pol\u00edtica","link":"http:\/\/www.24baires.com\/?cat=51"},"img":{"alt_text":"","src":"https:\/\/i0.wp.com\/www.24baires.com\/wp-content\/uploads\/2019\/07\/helic%C3%B3ptero-macri.jpg?resize=350%2C200","width":350,"height":200,"srcset":"https:\/\/i0.wp.com\/www.24baires.com\/wp-content\/uploads\/2019\/07\/helic%C3%B3ptero-macri.jpg?resize=350%2C200 1x, https:\/\/i0.wp.com\/www.24baires.com\/wp-content\/uploads\/2019\/07\/helic%C3%B3ptero-macri.jpg?resize=525%2C300 1.5x"},"classes":[]},{"id":120349,"url":"http:\/\/www.24baires.com\/?p=120349","url_meta":{"origin":67691,"position":4},"title":"Massa y Larreta cierran sus campa\u00f1as en La Plata","author":"GB","date":"08\/08\/2023","format":false,"excerpt":"El 13 de agosto son las elecciones PASO, pero el viernes 11 comienza la veda. Esta semana los precandidatos cierran la campa\u00f1a electoral. El primero en cerrar la campa\u00f1a electoral de las PASO fue Javier Milei. El dirigente libertario hizo un acto en el Movistar Arena ayer por la noche\u2026","rel":"","context":"En \u00abElecciones\u00bb","block_context":{"text":"Elecciones","link":"http:\/\/www.24baires.com\/?cat=316"},"img":{"alt_text":"","src":"https:\/\/i0.wp.com\/www.24baires.com\/wp-content\/uploads\/2023\/08\/lp.webp?resize=350%2C200","width":350,"height":200,"srcset":"https:\/\/i0.wp.com\/www.24baires.com\/wp-content\/uploads\/2023\/08\/lp.webp?resize=350%2C200 1x, https:\/\/i0.wp.com\/www.24baires.com\/wp-content\/uploads\/2023\/08\/lp.webp?resize=525%2C300 1.5x, https:\/\/i0.wp.com\/www.24baires.com\/wp-content\/uploads\/2023\/08\/lp.webp?resize=700%2C400 2x"},"classes":[]},{"id":101084,"url":"http:\/\/www.24baires.com\/?p=101084","url_meta":{"origin":67691,"position":5},"title":"La Corte Suprema invalid\u00f3 al tribunal que deb\u00eda juzgar a Cristina","author":"AF","date":"15\/03\/2018","format":false,"excerpt":"Se trata del Tribunal Oral Federal 9, que hab\u00eda sido sorteado para juzgar la causa por presunto encubrimiento de Ir\u00e1n en el atentado contra la AMIA. Con el voto de todos sus integrantes, la Corte Suprema de Justicia de la Naci\u00f3n dispuso invalidar al Tribunal Oral Federal 9 de la\u2026","rel":"","context":"En \u00abJUDICIALES\u00bb","block_context":{"text":"JUDICIALES","link":"http:\/\/www.24baires.com\/?cat=68"},"img":{"alt_text":"","src":"https:\/\/i0.wp.com\/www.24baires.com\/wp-content\/uploads\/2017\/07\/cristina.jpg?resize=350%2C200","width":350,"height":200,"srcset":"https:\/\/i0.wp.com\/www.24baires.com\/wp-content\/uploads\/2017\/07\/cristina.jpg?resize=350%2C200 1x, https:\/\/i0.wp.com\/www.24baires.com\/wp-content\/uploads\/2017\/07\/cristina.jpg?resize=525%2C300 1.5x"},"classes":[]}],"jetpack_sharing_enabled":true,"jetpack_likes_enabled":true,"jetpack_featured_media_url":"","_links":{"self":[{"href":"http:\/\/www.24baires.com\/index.php?rest_route=\/wp\/v2\/posts\/67691","targetHints":{"allow":["GET"]}}],"collection":[{"href":"http:\/\/www.24baires.com\/index.php?rest_route=\/wp\/v2\/posts"}],"about":[{"href":"http:\/\/www.24baires.com\/index.php?rest_route=\/wp\/v2\/types\/post"}],"author":[{"embeddable":true,"href":"http:\/\/www.24baires.com\/index.php?rest_route=\/wp\/v2\/users\/8"}],"replies":[{"embeddable":true,"href":"http:\/\/www.24baires.com\/index.php?rest_route=%2Fwp%2Fv2%2Fcomments&post=67691"}],"version-history":[{"count":1,"href":"http:\/\/www.24baires.com\/index.php?rest_route=\/wp\/v2\/posts\/67691\/revisions"}],"predecessor-version":[{"id":67693,"href":"http:\/\/www.24baires.com\/index.php?rest_route=\/wp\/v2\/posts\/67691\/revisions\/67693"}],"wp:attachment":[{"href":"http:\/\/www.24baires.com\/index.php?rest_route=%2Fwp%2Fv2%2Fmedia&parent=67691"}],"wp:term":[{"taxonomy":"category","embeddable":true,"href":"http:\/\/www.24baires.com\/index.php?rest_route=%2Fwp%2Fv2%2Fcategories&post=67691"},{"taxonomy":"post_tag","embeddable":true,"href":"http:\/\/www.24baires.com\/index.php?rest_route=%2Fwp%2Fv2%2Ftags&post=67691"}],"curies":[{"name":"wp","href":"https:\/\/api.w.org\/{rel}","templated":true}]}}