{"id":67667,"date":"2015-06-16T21:17:59","date_gmt":"2015-06-17T00:17:59","guid":{"rendered":"http:\/\/www.24baires.com\/?p=67667"},"modified":"2015-06-16T21:17:59","modified_gmt":"2015-06-17T00:17:59","slug":"zaffaroni-fue-elegido-como-miembro-de-la-cidh","status":"publish","type":"post","link":"http:\/\/www.24baires.com\/?p=67667","title":{"rendered":"Zaffaroni fue elegido como miembro de la CIDH"},"content":{"rendered":"<p><img data-recalc-dims=\"1\" loading=\"lazy\" decoding=\"async\" class=\"aligncenter size-full wp-image-21653\" src=\"https:\/\/i0.wp.com\/www.24baires.com\/wp-content\/uploads\/2013\/04\/zaffaroni3.png?resize=560%2C363\" alt=\"zaffaroni3\" width=\"560\" height=\"363\" srcset=\"https:\/\/i0.wp.com\/www.24baires.com\/wp-content\/uploads\/2013\/04\/zaffaroni3.png?w=560 560w, https:\/\/i0.wp.com\/www.24baires.com\/wp-content\/uploads\/2013\/04\/zaffaroni3.png?resize=300%2C194 300w\" sizes=\"auto, (max-width: 560px) 100vw, 560px\" \/>El ex juez de la Corte Suprema de Justicia, Eugenio Ra\u00fal Zaffaroni, fue elegido como Juez integrante de la Corte Interamericana de Derechos Humanos, durante la Asamblea General de la Organizaci\u00f3n de Estados Americanos (OEA) que se llev\u00f3 a cabo en Washington.<!--more--><\/p>\n<p>Luego de la elecci\u00f3n de Zaffaroni, que cosech\u00f3 el voto de 18 pa\u00edses e integrar\u00e1 la Corte con otros tres miembros de Chile, Ecuador y Costa Rica, Canciller\u00eda destac\u00f3 la decisi\u00f3n del gobierno argentino de postularlo, considerando que el ex juez fue propuesto \u00abno s\u00f3lo por la relevancia que tiene la Corte Interamericana en la salvaguarda de los derechos humanos en la regi\u00f3n, sino tambi\u00e9n por la larga y frondosa trayectoria\u00bb del ex miembro de la Corte \u00aben los desarrollos legislativos, jurisprudenciales y pol\u00edticas p\u00fablicas en derechos humanos en la Argentina y Am\u00e9rica Latina\u00bb.<\/p>\n<p>Al respecto, en di\u00e1logo exclusivo con T\u00e9lam, el canciller H\u00e9ctor Timerman sostuvo que la elecci\u00f3n \u00abes un gran orgullo para todos los argentinos que creemos en los derechos humanos y en vivir en un estado de derecho\u00bb.<\/p>\n<p>\u00abReci\u00e9n habl\u00e9 con la Presidenta y tambi\u00e9n estaba muy contenta y orgullosa de quien consideramos es el mejor jurista que tiene la Rep\u00fablica Argentina\u00bb, agreg\u00f3.<\/p>\n<p>A la vez, manifest\u00f3 su confianza de que Zaffaroni \u00abva a hacer un gran aporte a la Corte y que como me dijeron varios de los candidatos, va a ser para ellos tambi\u00e9n un orgullo compartir la corte con \u00e9l\u00bb.<\/p>\n<p>Por otra parte, el canciller argentino tambi\u00e9n se refiri\u00f3 a la \u00abcampa\u00f1a muy bien programada de desprestigio\u00bb contra Zaffaroni, la cual \u00abtambi\u00e9n fue apoyada por los diarios Clar\u00edn y La Naci\u00f3n\u00bb.<\/p>\n<p>\u00abEso se debe principalmente a que algunos de ellos son autoritarios, porque no le perdonan a Zaffaroni su compromiso con los derechos humanos. Clar\u00edn y La Naci\u00f3n, obviamente por la posici\u00f3n de Zaffaroni con respecto a la Ley de medios\u00bb, subray\u00f3 el canciller.<\/p>\n<p>En tanto, en el texto difundido por el Palacio San Mart\u00edn, se resalta en el nuevo miembro de la CIDH \u00absu compromiso con la justicia y su acci\u00f3n por la defensa de las libertades individuales y la libertad de expresi\u00f3n; su ecuanimidad y respeto a las instituciones; sus aportes doctrinarios de excelencia en la teor\u00eda y pr\u00e1ctica del derecho penal internacional; y su profunda sensibilidad y experiencia en la lucha contra la discriminaci\u00f3n\u00bb.<\/p>\n<p>Estas cualidades, indicaron en un comunicado, \u00abfomentar\u00e1n una Corte Interamericana plenamente involucrada en la construcci\u00f3n de una regi\u00f3n m\u00e1s justa, solidaria e inclusiva\u00bb.<\/p>\n<p>Al mismo tiempo, subrayaron que la elecci\u00f3n \u00abconstituye un gran honor para la Rep\u00fablica Argentina, ya que significa un reconocimiento de la comunidad internacional al compromiso de nuestro pa\u00eds con las acciones que se llevan adelante en pos del respeto, promoci\u00f3n y protecci\u00f3n de los derechos humanos\u00bb.<\/p>\n<p>\u00abLa Corte Interamericana de Derechos Humanos ha sido instrumentada por la Convenci\u00f3n Americana sobre Derechos Humanos \u2013que entr\u00f3 en vigor en 1978- como uno de los dos \u00f3rganos regionales competentes para entender sobre las violaciones a los derechos humanos en el continente americano\u00bb, agregaron.<\/p>\n","protected":false},"excerpt":{"rendered":"<p>El ex juez de la Corte Suprema de Justicia, Eugenio Ra\u00fal Zaffaroni, fue elegido como Juez integrante de la Corte Interamericana de Derechos Humanos, durante la Asamblea General de la Organizaci\u00f3n de Estados Americanos (OEA) que se llev\u00f3 a cabo en Washington.<\/p>\n","protected":false},"author":8,"featured_media":0,"comment_status":"open","ping_status":"open","sticky":false,"template":"","format":"standard","meta":{"_jetpack_newsletter_access":"","_jetpack_dont_email_post_to_subs":false,"_jetpack_newsletter_tier_id":0,"_jetpack_memberships_contains_paywalled_content":false,"_jetpack_memberships_contains_paid_content":false,"footnotes":""},"categories":[51],"tags":[],"class_list":["post-67667","post","type-post","status-publish","format-standard","hentry","category-politica"],"jetpack_shortlink":"https:\/\/wp.me\/p2JWE0-hBp","jetpack-related-posts":[{"id":101512,"url":"http:\/\/www.24baires.com\/?p=101512","url_meta":{"origin":67667,"position":0},"title":"Zaffaroni: \u00abEstamos en un proceso regresivo de la democracia y los derechos humanos\u00bb","author":"AF","date":"09\/04\/2018","format":false,"excerpt":"El ex juez de la Corte Suprema y juez de la Corte Interamericana de Derechos Humanos sostuvo que \"el gobierno quiere manipular la justicia de una forma in\u00e9dita\". En declaraciones al programa Maldita Suerte por FM La Patriada, sostuvo que \"hay una conflictividad interna en los servicios de inteligencia que\u2026","rel":"","context":"En \u00abPol\u00edtica\u00bb","block_context":{"text":"Pol\u00edtica","link":"http:\/\/www.24baires.com\/?cat=51"},"img":{"alt_text":"","src":"https:\/\/i0.wp.com\/www.24baires.com\/wp-content\/uploads\/2012\/11\/zaffaroni21.jpg?resize=350%2C200","width":350,"height":200,"srcset":"https:\/\/i0.wp.com\/www.24baires.com\/wp-content\/uploads\/2012\/11\/zaffaroni21.jpg?resize=350%2C200 1x, https:\/\/i0.wp.com\/www.24baires.com\/wp-content\/uploads\/2012\/11\/zaffaroni21.jpg?resize=525%2C300 1.5x"},"classes":[]},{"id":100310,"url":"http:\/\/www.24baires.com\/?p=100310","url_meta":{"origin":67667,"position":1},"title":"Cambiemos busca que echen a Zaffaroni de la CIDH","author":"AF","date":"01\/02\/2018","format":false,"excerpt":"El inefable Fernando Iglesias es el autor de un proyecto para que la C\u00e1mara de Diputados pida la remoci\u00f3n del magistrado. En una pirueta m\u00e1s de su inefable carrera pol\u00edtica, el profesor de gimnasia y legislador nacional por Cambiemos, Fernando Iglesias, impulsa un proyecto en la C\u00e1mara de Diputados para\u2026","rel":"","context":"En \u00abPol\u00edtica\u00bb","block_context":{"text":"Pol\u00edtica","link":"http:\/\/www.24baires.com\/?cat=51"},"img":{"alt_text":"","src":"https:\/\/i0.wp.com\/www.24baires.com\/wp-content\/uploads\/2012\/11\/zaffaroni21.jpg?resize=350%2C200","width":350,"height":200,"srcset":"https:\/\/i0.wp.com\/www.24baires.com\/wp-content\/uploads\/2012\/11\/zaffaroni21.jpg?resize=350%2C200 1x, https:\/\/i0.wp.com\/www.24baires.com\/wp-content\/uploads\/2012\/11\/zaffaroni21.jpg?resize=525%2C300 1.5x"},"classes":[]},{"id":78444,"url":"http:\/\/www.24baires.com\/?p=78444","url_meta":{"origin":67667,"position":2},"title":"Zaffaroni asegura que la detenci\u00f3n de Milagro Sala es un \u201csecuestro legalizado\u201d","author":"AF","date":"02\/02\/2016","format":false,"excerpt":"El ex juez de la Corte Suprema consider\u00f3 que el proceso legal contra la dirigente de Jujuy constituye un \u201cesc\u00e1ndalo institucional sin precedentes en los treinta y dos a\u00f1os de vida constitucional\u201d de Argentina. El ex juez de la Corte Suprema de Justicia y actual integrante de la Corte Interamericana\u2026","rel":"","context":"En \u00abJUDICIALES\u00bb","block_context":{"text":"JUDICIALES","link":"http:\/\/www.24baires.com\/?cat=68"},"img":{"alt_text":"zaffaroni1","src":"https:\/\/i0.wp.com\/www.24baires.com\/wp-content\/uploads\/2012\/11\/zaffaroni1.jpg?resize=350%2C200","width":350,"height":200,"srcset":"https:\/\/i0.wp.com\/www.24baires.com\/wp-content\/uploads\/2012\/11\/zaffaroni1.jpg?resize=350%2C200 1x, https:\/\/i0.wp.com\/www.24baires.com\/wp-content\/uploads\/2012\/11\/zaffaroni1.jpg?resize=525%2C300 1.5x"},"classes":[]},{"id":76101,"url":"http:\/\/www.24baires.com\/?p=76101","url_meta":{"origin":67667,"position":3},"title":"Zaffaroni insisti\u00f3 en la necesidad de que Gils Carb\u00f3 se mantenga en su cargo","author":"GB","date":"08\/12\/2015","format":false,"excerpt":"El ex juez de la Corte Suprema dijo que es para \"impedir la suma del poder p\u00fablico\". Adem\u00e1s, evalu\u00f3 que si un grupo minoritario de jueces se \"sesga\" peligra la legitimidad de la Justicia. Ra\u00fal Zaffaroni insisti\u00f3 hoy en la necesidad de que la Procuradora General de la Naci\u00f3n, Alejandra\u2026","rel":"","context":"En \u00abPol\u00edtica\u00bb","block_context":{"text":"Pol\u00edtica","link":"http:\/\/www.24baires.com\/?cat=51"},"img":{"alt_text":"zaffaroni2","src":"https:\/\/i0.wp.com\/www.24baires.com\/wp-content\/uploads\/2012\/11\/zaffaroni21.jpg?resize=350%2C200","width":350,"height":200,"srcset":"https:\/\/i0.wp.com\/www.24baires.com\/wp-content\/uploads\/2012\/11\/zaffaroni21.jpg?resize=350%2C200 1x, https:\/\/i0.wp.com\/www.24baires.com\/wp-content\/uploads\/2012\/11\/zaffaroni21.jpg?resize=525%2C300 1.5x"},"classes":[]},{"id":69911,"url":"http:\/\/www.24baires.com\/?p=69911","url_meta":{"origin":67667,"position":4},"title":"Zaffaroni manifest\u00f3 su apoyo a la candidatura presidencial del Gobernador","author":"AF","date":"02\/08\/2015","format":false,"excerpt":"El ex ministro de la Corte Suprema de Justicia Raul Zaffaroni expres\u00f3 que \"siempre\" pens\u00f3 que el gobernador bonaerense Daniel Scioli \"deb\u00eda ser el candidato\" del Frente para la Victoria y remarc\u00f3 que tiene confianza en que \"ser\u00e1 un buen presidente\". \"Aprendi\u00f3 pol\u00edtica. Lo demostr\u00f3. Hizo un curso en los\u2026","rel":"","context":"En \u00abElecciones 2015\u00bb","block_context":{"text":"Elecciones 2015","link":"http:\/\/www.24baires.com\/?cat=74"},"img":{"alt_text":"zaffaroni3","src":"https:\/\/i0.wp.com\/www.24baires.com\/wp-content\/uploads\/2013\/04\/zaffaroni3.png?resize=350%2C200","width":350,"height":200,"srcset":"https:\/\/i0.wp.com\/www.24baires.com\/wp-content\/uploads\/2013\/04\/zaffaroni3.png?resize=350%2C200 1x, https:\/\/i0.wp.com\/www.24baires.com\/wp-content\/uploads\/2013\/04\/zaffaroni3.png?resize=525%2C300 1.5x"},"classes":[]},{"id":56642,"url":"http:\/\/www.24baires.com\/?p=56642","url_meta":{"origin":67667,"position":5},"title":"Lorenzetti: \u00abLa Corte tiene que tener cinco miembros\u00bb","author":"Grupo Sierra","date":"05\/11\/2014","format":false,"excerpt":"El presidente de la Corte se manifest\u00f3 a favor de que se designe un quinto integrante cuando quede el lugar vacante por la renuncia del juez Zaffaroni. \"Hay que leer la Constituci\u00f3n\", enfatiz\u00f3. El presidente de la Corte Suprema de Justicia, Ricardo Lorenzetti, asegur\u00f3 hoy que el lugar vacante que\u2026","rel":"","context":"En \u00abJUDICIALES\u00bb","block_context":{"text":"JUDICIALES","link":"http:\/\/www.24baires.com\/?cat=68"},"img":{"alt_text":"lorenzetti","src":"https:\/\/i0.wp.com\/www.24baires.com\/wp-content\/uploads\/2012\/11\/lorenzetti.jpg?resize=350%2C200","width":350,"height":200,"srcset":"https:\/\/i0.wp.com\/www.24baires.com\/wp-content\/uploads\/2012\/11\/lorenzetti.jpg?resize=350%2C200 1x, https:\/\/i0.wp.com\/www.24baires.com\/wp-content\/uploads\/2012\/11\/lorenzetti.jpg?resize=525%2C300 1.5x"},"classes":[]}],"jetpack_sharing_enabled":true,"jetpack_likes_enabled":true,"jetpack_featured_media_url":"","_links":{"self":[{"href":"http:\/\/www.24baires.com\/index.php?rest_route=\/wp\/v2\/posts\/67667","targetHints":{"allow":["GET"]}}],"collection":[{"href":"http:\/\/www.24baires.com\/index.php?rest_route=\/wp\/v2\/posts"}],"about":[{"href":"http:\/\/www.24baires.com\/index.php?rest_route=\/wp\/v2\/types\/post"}],"author":[{"embeddable":true,"href":"http:\/\/www.24baires.com\/index.php?rest_route=\/wp\/v2\/users\/8"}],"replies":[{"embeddable":true,"href":"http:\/\/www.24baires.com\/index.php?rest_route=%2Fwp%2Fv2%2Fcomments&post=67667"}],"version-history":[{"count":1,"href":"http:\/\/www.24baires.com\/index.php?rest_route=\/wp\/v2\/posts\/67667\/revisions"}],"predecessor-version":[{"id":67668,"href":"http:\/\/www.24baires.com\/index.php?rest_route=\/wp\/v2\/posts\/67667\/revisions\/67668"}],"wp:attachment":[{"href":"http:\/\/www.24baires.com\/index.php?rest_route=%2Fwp%2Fv2%2Fmedia&parent=67667"}],"wp:term":[{"taxonomy":"category","embeddable":true,"href":"http:\/\/www.24baires.com\/index.php?rest_route=%2Fwp%2Fv2%2Fcategories&post=67667"},{"taxonomy":"post_tag","embeddable":true,"href":"http:\/\/www.24baires.com\/index.php?rest_route=%2Fwp%2Fv2%2Ftags&post=67667"}],"curies":[{"name":"wp","href":"https:\/\/api.w.org\/{rel}","templated":true}]}}