{"id":67606,"date":"2015-06-15T20:00:54","date_gmt":"2015-06-15T23:00:54","guid":{"rendered":"http:\/\/www.24baires.com\/?p=67606"},"modified":"2015-06-15T20:00:54","modified_gmt":"2015-06-15T23:00:54","slug":"el-gobierno-anuncio-el-envio-de-una-ley-para-ajustar-las-asignaciones-dos-veces-al-ano","status":"publish","type":"post","link":"http:\/\/www.24baires.com\/?p=67606","title":{"rendered":"El Gobierno anunci\u00f3 el env\u00edo de una ley para ajustar las asignaciones dos veces al a\u00f1o"},"content":{"rendered":"<p><img data-recalc-dims=\"1\" loading=\"lazy\" decoding=\"async\" class=\"aligncenter size-full wp-image-63421\" src=\"https:\/\/i0.wp.com\/www.24baires.com\/wp-content\/uploads\/2015\/03\/cristina4.jpg?resize=560%2C373\" alt=\"cristina4\" width=\"560\" height=\"373\" srcset=\"https:\/\/i0.wp.com\/www.24baires.com\/wp-content\/uploads\/2015\/03\/cristina4.jpg?w=560 560w, https:\/\/i0.wp.com\/www.24baires.com\/wp-content\/uploads\/2015\/03\/cristina4.jpg?resize=300%2C200 300w\" sizes=\"auto, (max-width: 560px) 100vw, 560px\" \/>Por cadena nacional, Cristina anunci\u00f3 el env\u00edo de un proyecto al Congreso para que la asignaci\u00f3n universal por hijo, por embarazo y las asignaciones familiares aumenten con el mismo \u00edndice con el que se ajustan las jubilaciones, dos veces al a\u00f1o. Adem\u00e1s, anunci\u00f3 un aumento del 30% desde junio.<!--more--><\/p>\n<p>La presidenta Cristina Fern\u00e1ndez de Kirchner anunci\u00f3 hoy que enviar\u00e1 al Congreso un proyecto de ley para que la Asignaci\u00f3n Universal por Hijo se actualice con las mismas pautas de movilidad que las jubilaciones y pensiones.<\/p>\n<p>En el acto realizado en el Sal\u00f3n de la Mujeres de la Casa de Gobierno, la mandataria anunci\u00f3 el env\u00edo de un proyecto para que la Asignaci\u00f3n Universal por Hijo, que \u201cya es ley dado que fue creada por un Decreto de Necesidad y Urgencia\u201d asegur\u00f3, tenga id\u00e9ntica movilidad a la que se aplica a las jubilaciones.<\/p>\n<p>En este sentido, Cristina record\u00f3 que la AUH \u201ces una de las principales herramientas de lucha contra la pobreza y el hambre, reconocida por la FAO\u201d y por otros organismos internacionales y pidi\u00f3 que \u201cestos logros sean resguardados\u201d.<\/p>\n","protected":false},"excerpt":{"rendered":"<p>Por cadena nacional, Cristina anunci\u00f3 el env\u00edo de un proyecto al Congreso para que la asignaci\u00f3n universal por hijo, por embarazo y las asignaciones familiares aumenten con el mismo \u00edndice con el que se ajustan las jubilaciones, dos veces al a\u00f1o. Adem\u00e1s, anunci\u00f3 un aumento del 30% desde junio.<\/p>\n","protected":false},"author":8,"featured_media":0,"comment_status":"open","ping_status":"open","sticky":false,"template":"","format":"standard","meta":{"_jetpack_newsletter_access":"","_jetpack_dont_email_post_to_subs":false,"_jetpack_newsletter_tier_id":0,"_jetpack_memberships_contains_paywalled_content":false,"_jetpack_memberships_contains_paid_content":false,"footnotes":""},"categories":[51],"tags":[],"class_list":["post-67606","post","type-post","status-publish","format-standard","hentry","category-politica"],"jetpack_shortlink":"https:\/\/wp.me\/p2JWE0-hAq","jetpack-related-posts":[{"id":68010,"url":"http:\/\/www.24baires.com\/?p=68010","url_meta":{"origin":67606,"position":0},"title":"Ya entr\u00f3 al Senado el proyecto para la actualizaci\u00f3n de la AUH","author":"AF","date":"23\/06\/2015","format":false,"excerpt":"La norma establece que Asignaci\u00f3n Universal por Hijo, por embarazo y las asignaciones familiares aumenten con el mismo \u00edndice con el que se ajustan las jubilaciones, dos veces por a\u00f1o. El proyecto de ley que establece que la Asignaci\u00f3n Universal por Hijo (AUH), por embarazo y las asignaciones familiares aumenten\u2026","rel":"","context":"En \u00abSociedad\u00bb","block_context":{"text":"Sociedad","link":"http:\/\/www.24baires.com\/?cat=1"},"img":{"alt_text":"","src":"","width":0,"height":0},"classes":[]},{"id":67615,"url":"http:\/\/www.24baires.com\/?p=67615","url_meta":{"origin":67606,"position":1},"title":"An\u00edbal conf\u00eda en una r\u00e1pida actualizaci\u00f3n de asignaciones","author":"AF","date":"16\/06\/2015","format":false,"excerpt":"El jefe de Gabinete. An\u00edbal Fern\u00e1ndez, destac\u00f3 hoy el env\u00edo por parte del Gobierno del proyecto de ley para actualizar en forma autom\u00e1tica las asignaciones familiares, la Asignaci\u00f3n Universal por Hijo (AUH) y la asignaci\u00f3n por embarazo. \"A m\u00ed me da la sensaci\u00f3n que es un proyecto de tr\u00e1mite muy\u2026","rel":"","context":"En \u00abSociedad\u00bb","block_context":{"text":"Sociedad","link":"http:\/\/www.24baires.com\/?cat=1"},"img":{"alt_text":"anibal conferencia","src":"https:\/\/i0.wp.com\/www.24baires.com\/wp-content\/uploads\/2015\/04\/anibal-conferencia.jpg?resize=350%2C200","width":350,"height":200,"srcset":"https:\/\/i0.wp.com\/www.24baires.com\/wp-content\/uploads\/2015\/04\/anibal-conferencia.jpg?resize=350%2C200 1x, https:\/\/i0.wp.com\/www.24baires.com\/wp-content\/uploads\/2015\/04\/anibal-conferencia.jpg?resize=525%2C300 1.5x"},"classes":[]},{"id":120750,"url":"http:\/\/www.24baires.com\/?p=120750","url_meta":{"origin":67606,"position":2},"title":"El Gobierno buscar\u00e1 cambiar la ley de movilidad jubilatoria","author":"GB","date":"13\/12\/2023","format":false,"excerpt":"El Gobierno buscar\u00e1 modificar la ley de movilidad jubilatoria, que actualmente ajusta los haberes de forma trimestral, y mientras tanto definir\u00e1 aumentos por decreto. En el marco del plan de medidas econ\u00f3micas anunciadas el martes por la tarde por el ministro de Econom\u00eda, Luis Caputo, el Gobierno de Javier Milei\u2026","rel":"","context":"En \u00abEconom\u00eda\u00bb","block_context":{"text":"Econom\u00eda","link":"http:\/\/www.24baires.com\/?cat=45"},"img":{"alt_text":"","src":"https:\/\/i0.wp.com\/www.24baires.com\/wp-content\/uploads\/2017\/12\/jubilados.jpg?resize=350%2C200","width":350,"height":200,"srcset":"https:\/\/i0.wp.com\/www.24baires.com\/wp-content\/uploads\/2017\/12\/jubilados.jpg?resize=350%2C200 1x, https:\/\/i0.wp.com\/www.24baires.com\/wp-content\/uploads\/2017\/12\/jubilados.jpg?resize=525%2C300 1.5x, https:\/\/i0.wp.com\/www.24baires.com\/wp-content\/uploads\/2017\/12\/jubilados.jpg?resize=700%2C400 2x"},"classes":[]},{"id":115059,"url":"http:\/\/www.24baires.com\/?p=115059","url_meta":{"origin":67606,"position":3},"title":"La jubilaci\u00f3n m\u00ednima ser\u00e1 de $16.864 desde junio","author":"AF","date":"18\/05\/2020","format":false,"excerpt":"El aumento ser\u00e1 del 6,12 por ciento para los jubilados y pensionados. Ese incremento tambi\u00e9n se aplicar\u00e1 a pensiones no contributivas, a las asignaciones familiares y a la asignaci\u00f3n universal por hijo y por embarazo, por lo que alcanzar\u00e1 a 16 millones de personas. El Gobierno anunci\u00f3 c\u00f3mo ser\u00e1 el\u2026","rel":"","context":"En \u00abSociedad\u00bb","block_context":{"text":"Sociedad","link":"http:\/\/www.24baires.com\/?cat=1"},"img":{"alt_text":"","src":"https:\/\/i0.wp.com\/www.24baires.com\/wp-content\/uploads\/2020\/05\/Raverta.jpg?resize=350%2C200","width":350,"height":200,"srcset":"https:\/\/i0.wp.com\/www.24baires.com\/wp-content\/uploads\/2020\/05\/Raverta.jpg?resize=350%2C200 1x, https:\/\/i0.wp.com\/www.24baires.com\/wp-content\/uploads\/2020\/05\/Raverta.jpg?resize=525%2C300 1.5x"},"classes":[]},{"id":101131,"url":"http:\/\/www.24baires.com\/?p=101131","url_meta":{"origin":67606,"position":4},"title":"Las asignaciones aumentar\u00e1n cuatro veces por a\u00f1o","author":"GB","date":"19\/03\/2018","format":false,"excerpt":"El resto de los ajustes ser\u00e1n en junio, septiembre y diciembre, tal cual lo dicta la ley aprobada en el Congreso de la Naci\u00f3n. Todas tendr\u00e1n una suba del 5,71%, seg\u00fan dio a conocer la Anses en un comunicado. Las asignaciones se ajustar\u00e1n cuatro veces al a\u00f1o y el primer\u2026","rel":"","context":"En \u00abSociedad\u00bb","block_context":{"text":"Sociedad","link":"http:\/\/www.24baires.com\/?cat=1"},"img":{"alt_text":"","src":"https:\/\/i0.wp.com\/www.24baires.com\/wp-content\/uploads\/2014\/05\/anses-300x199.jpg?resize=350%2C200","width":350,"height":200},"classes":[]},{"id":108162,"url":"http:\/\/www.24baires.com\/?p=108162","url_meta":{"origin":67606,"position":5},"title":"La AUH y las jubilaciones subir\u00e1n casi 11% a partir de junio","author":"AF","date":"14\/05\/2019","format":false,"excerpt":"La jubilaci\u00f3n m\u00ednima llegar\u00e1 as\u00ed a 11.528 pesos. La Anses inform\u00f3 que el aumento alcanza a 13,2 millones de personas entre jubilados, asignaciones familiares y beneficiarios de distinas pensiones no contributivas. La Admninistraci\u00f3n Nacional de Seguridad Social (Anses) inform\u00f3 este martes que a partir del pr\u00f3ximo 1\u00b0 de junio las\u2026","rel":"","context":"En \u00abSociedad\u00bb","block_context":{"text":"Sociedad","link":"http:\/\/www.24baires.com\/?cat=1"},"img":{"alt_text":"","src":"https:\/\/i0.wp.com\/www.24baires.com\/wp-content\/uploads\/2018\/12\/anses.jpg?resize=350%2C200","width":350,"height":200,"srcset":"https:\/\/i0.wp.com\/www.24baires.com\/wp-content\/uploads\/2018\/12\/anses.jpg?resize=350%2C200 1x, https:\/\/i0.wp.com\/www.24baires.com\/wp-content\/uploads\/2018\/12\/anses.jpg?resize=525%2C300 1.5x"},"classes":[]}],"jetpack_sharing_enabled":true,"jetpack_likes_enabled":true,"jetpack_featured_media_url":"","_links":{"self":[{"href":"http:\/\/www.24baires.com\/index.php?rest_route=\/wp\/v2\/posts\/67606","targetHints":{"allow":["GET"]}}],"collection":[{"href":"http:\/\/www.24baires.com\/index.php?rest_route=\/wp\/v2\/posts"}],"about":[{"href":"http:\/\/www.24baires.com\/index.php?rest_route=\/wp\/v2\/types\/post"}],"author":[{"embeddable":true,"href":"http:\/\/www.24baires.com\/index.php?rest_route=\/wp\/v2\/users\/8"}],"replies":[{"embeddable":true,"href":"http:\/\/www.24baires.com\/index.php?rest_route=%2Fwp%2Fv2%2Fcomments&post=67606"}],"version-history":[{"count":1,"href":"http:\/\/www.24baires.com\/index.php?rest_route=\/wp\/v2\/posts\/67606\/revisions"}],"predecessor-version":[{"id":67607,"href":"http:\/\/www.24baires.com\/index.php?rest_route=\/wp\/v2\/posts\/67606\/revisions\/67607"}],"wp:attachment":[{"href":"http:\/\/www.24baires.com\/index.php?rest_route=%2Fwp%2Fv2%2Fmedia&parent=67606"}],"wp:term":[{"taxonomy":"category","embeddable":true,"href":"http:\/\/www.24baires.com\/index.php?rest_route=%2Fwp%2Fv2%2Fcategories&post=67606"},{"taxonomy":"post_tag","embeddable":true,"href":"http:\/\/www.24baires.com\/index.php?rest_route=%2Fwp%2Fv2%2Ftags&post=67606"}],"curies":[{"name":"wp","href":"https:\/\/api.w.org\/{rel}","templated":true}]}}