{"id":67566,"date":"2015-06-15T16:00:22","date_gmt":"2015-06-15T19:00:22","guid":{"rendered":"http:\/\/www.24baires.com\/?p=67566"},"modified":"2015-06-15T16:01:44","modified_gmt":"2015-06-15T19:01:44","slug":"maximo-kirchner-va-a-ser-el-gran-protagonista-de-la-argentina-que-viene","status":"publish","type":"post","link":"http:\/\/www.24baires.com\/?p=67566","title":{"rendered":"\u201cM\u00e1ximo Kirchner va a ser el gran protagonista de la Argentina que viene\u201d"},"content":{"rendered":"<p><img data-recalc-dims=\"1\" loading=\"lazy\" decoding=\"async\" class=\"aligncenter size-full wp-image-32896\" src=\"https:\/\/i0.wp.com\/www.24baires.com\/wp-content\/uploads\/2013\/10\/espinoza.jpg?resize=560%2C314\" alt=\"espinoza\" width=\"560\" height=\"314\" srcset=\"https:\/\/i0.wp.com\/www.24baires.com\/wp-content\/uploads\/2013\/10\/espinoza.jpg?w=560 560w, https:\/\/i0.wp.com\/www.24baires.com\/wp-content\/uploads\/2013\/10\/espinoza.jpg?resize=300%2C168 300w\" sizes=\"auto, (max-width: 560px) 100vw, 560px\" \/>Lo dijo el intendente de <strong>La Matanza<\/strong> y precandidato a gobernador bonaerense por el Frente para la Victoria, Fernando Espinoza, quien recalc\u00f3 que el l\u00edder de La C\u00e1mpora representa la fuerza y la m\u00edstica de la sangre nueva, que se necesita en la pol\u00edtica como en todos los \u00f3rdenes de la vida\u00bb.<!--more--><\/p>\n<p>\u201cM\u00e1ximo es un gran cuadro pol\u00edtico, que tiene que mostrarse un poco m\u00e1s porque el gran p\u00fablico lo vio en pocas oportunidades\u00bb, declar\u00f3 a radio La Red el intendente de La Matanza y presidente del PJ bonaerense.<\/p>\n<p>Consultado sobre una encuesta que le da al l\u00edder de La C\u00e1mpora un piso de intenci\u00f3n de voto del 26 por ciento en la provincia de Buenos Aires, para una eventual candidatura a diputado nacional u otro cargo electivo, Espinoza contest\u00f3 que \u00abs\u00ed, son reales las mediciones, varias encuestas dan una medici\u00f3n parecida\u00bb.<\/p>\n<p>En otro orden, dijo que en la provincia de Santa Fe, el domingo \u00faltimo, \u201cla elecci\u00f3n de Omar Perotti fue extraordinaria y marca lo nuevo que est\u00e1 pasando en la pol\u00edtica argentina, porque hace tres meses era un dirigente con muy poco nivel de conocimiento p\u00fablico\u00bb.<\/p>\n<p>Sobre el crecimiento de la popularidad de Perotti, que en esta elecci\u00f3n \u00absac\u00f3 pr\u00e1cticamente un 30% m\u00e1s que en la primaria y est\u00e1 ah\u00ed, peleando cent\u00e9sima a cent\u00e9sima la elecci\u00f3n para ser gobernador de Santa Fe\u00bb,<\/p>\n<p>Espinoza lo atribuy\u00f3 a que \u00abfue un gran intendente de Rafaela durante varios per\u00edodos\u00bb y a \u00abun avance muy pero muy grande del Frente para la Victoria, en el apoyo que estamos teniendo de la ciudadan\u00eda en estos \u00faltimos 60 d\u00edas, que hace que nos vayamos encaminando hacia un triunfo rotundo para poner al pr\u00f3ximo presidente\u00bb.<\/p>\n<p>\u00abEn la provincia de Buenos Aires estamos ganando por 15 puntos al segundo, que es (Mauricio) Macri y el gobernador bonaerense va a ser uno de nosotros\u201d, dijo Espinoza sobre los precandidatos a ese cargo por el FpV y agreg\u00f3 que, con vistas a las PASO, \u00ablo ideal ser\u00eda que seamos dos\u201d.<\/p>\n<p>Sobre su propia postulaci\u00f3n, se\u00f1al\u00f3: \u201cSeguimos recorriendo la provincia, hablando con la gente y vemos un acompa\u00f1amiento muy grande\u201d, en particular \u201cen mi lugar en el mundo, que es La Matanza y representa pr\u00e1cticamente el 25% del Gran Buenos Aires y donde en la \u00faltima elecci\u00f3n ganamos con el 62% nosotros\u201d.<\/p>\n","protected":false},"excerpt":{"rendered":"<p>Lo dijo el intendente de La Matanza y precandidato a gobernador bonaerense por el Frente para la Victoria, Fernando Espinoza, quien recalc\u00f3 que el l\u00edder de La C\u00e1mpora representa la fuerza y la m\u00edstica de la sangre nueva, que se necesita en la pol\u00edtica como en todos los \u00f3rdenes de la vida\u00bb.<\/p>\n","protected":false},"author":8,"featured_media":0,"comment_status":"open","ping_status":"open","sticky":false,"template":"","format":"standard","meta":{"_jetpack_newsletter_access":"","_jetpack_dont_email_post_to_subs":false,"_jetpack_newsletter_tier_id":0,"_jetpack_memberships_contains_paywalled_content":false,"_jetpack_memberships_contains_paid_content":false,"footnotes":""},"categories":[51],"tags":[],"class_list":["post-67566","post","type-post","status-publish","format-standard","hentry","category-politica"],"jetpack_shortlink":"https:\/\/wp.me\/p2JWE0-hzM","jetpack-related-posts":[{"id":105136,"url":"http:\/\/www.24baires.com\/?p=105136","url_meta":{"origin":67566,"position":0},"title":"En el aniversario de la muerte de Kirchner, M\u00e1ximo pidi\u00f3 \u00abreflexionar muy bien\u00bb a la hora de votar","author":"AF","date":"27\/10\/2018","format":false,"excerpt":"El diputado y l\u00edder de La C\u00e1mpora encabez\u00f3 un acto, rodeado de militantes y dirigentes, en Villa Palito en La Matanza. A ocho a\u00f1os de la muerte del ex presidente N\u00e9stor Kirchner, el l\u00edder de La C\u00e1mpora, M\u00e1ximo Kirchner, encabez\u00f3 un acto en Villa Palito en La Matanza y les\u2026","rel":"","context":"En \u00abPol\u00edtica\u00bb","block_context":{"text":"Pol\u00edtica","link":"http:\/\/www.24baires.com\/?cat=51"},"img":{"alt_text":"","src":"https:\/\/i0.wp.com\/www.24baires.com\/wp-content\/uploads\/2018\/10\/m%C3%A1ximo-kirchner.jpg?resize=350%2C200","width":350,"height":200,"srcset":"https:\/\/i0.wp.com\/www.24baires.com\/wp-content\/uploads\/2018\/10\/m%C3%A1ximo-kirchner.jpg?resize=350%2C200 1x, https:\/\/i0.wp.com\/www.24baires.com\/wp-content\/uploads\/2018\/10\/m%C3%A1ximo-kirchner.jpg?resize=525%2C300 1.5x"},"classes":[]},{"id":68211,"url":"http:\/\/www.24baires.com\/?p=68211","url_meta":{"origin":67566,"position":1},"title":"Espinoza: \u00abLas encuestas ponen nerviosos a los opositores\u00bb","author":"AF","date":"26\/06\/2015","format":false,"excerpt":"El intendente de La Matanza y precandidato a vicegobernador bonaerense por el oficialismo, Fernando Espinoza, admiti\u00f3 este viernes que de cara a las pr\u00f3ximas elecciones de octubre \u201cel FpV est\u00e1 muy bien\u201d y que sus rivales en las urnas se encuentran \u201cnerviosos\u201d. En declaraciones period\u00edsticas, Espinoza asegur\u00f3 que las mediciones\u2026","rel":"","context":"En \u00abElecciones 2015\u00bb","block_context":{"text":"Elecciones 2015","link":"http:\/\/www.24baires.com\/?cat=74"},"img":{"alt_text":"espinoza","src":"https:\/\/i0.wp.com\/www.24baires.com\/wp-content\/uploads\/2013\/10\/espinoza.jpg?resize=350%2C200","width":350,"height":200,"srcset":"https:\/\/i0.wp.com\/www.24baires.com\/wp-content\/uploads\/2013\/10\/espinoza.jpg?resize=350%2C200 1x, https:\/\/i0.wp.com\/www.24baires.com\/wp-content\/uploads\/2013\/10\/espinoza.jpg?resize=525%2C300 1.5x"},"classes":[]},{"id":107651,"url":"http:\/\/www.24baires.com\/?p=107651","url_meta":{"origin":67566,"position":2},"title":"El peronismo se re\u00fane en Avellaneda","author":"AF","date":"13\/04\/2019","format":false,"excerpt":"Con la excusa de la inauguraci\u00f3n de una pileta ol\u00edmpica climatizada, el peronismo bonaerense busca cerrar filas en Avellaneda. El encuentro partidario se dio horas despu\u00e9s del decreto de Mauricio Macri que no permite las listas colectoras en las pr\u00f3ximas elecciones; y sirve, adem\u00e1s, para mostrar juntos a los dirigentes\u2026","rel":"","context":"En \u00abPol\u00edtica\u00bb","block_context":{"text":"Pol\u00edtica","link":"http:\/\/www.24baires.com\/?cat=51"},"img":{"alt_text":"","src":"https:\/\/i0.wp.com\/www.24baires.com\/wp-content\/uploads\/2019\/04\/peronismo.jpeg?resize=350%2C200","width":350,"height":200,"srcset":"https:\/\/i0.wp.com\/www.24baires.com\/wp-content\/uploads\/2019\/04\/peronismo.jpeg?resize=350%2C200 1x, https:\/\/i0.wp.com\/www.24baires.com\/wp-content\/uploads\/2019\/04\/peronismo.jpeg?resize=525%2C300 1.5x"},"classes":[]},{"id":63447,"url":"http:\/\/www.24baires.com\/?p=63447","url_meta":{"origin":67566,"position":3},"title":"Espinoza: \u00abCristina seguir\u00e1 siendo la l\u00edder\u00bb m\u00e1s all\u00e1 del resultado de octubre","author":"AF","date":"21\/03\/2015","format":false,"excerpt":"Lo dijo hoy el presidente del PJ bonaerense e intendente de La Matanza en caso de que el gobernador de la Provincia de Buenos Aires y precandidato presidencial, Daniel Scioli, llegue a la Casa Rosada. \"Cristina tiene que ser Lula, y Scioli, Dilma\", compar\u00f3 Fernando Espinoza en una nota publicada\u2026","rel":"","context":"En \u00abElecciones 2015\u00bb","block_context":{"text":"Elecciones 2015","link":"http:\/\/www.24baires.com\/?cat=74"},"img":{"alt_text":"espinoza","src":"https:\/\/i0.wp.com\/www.24baires.com\/wp-content\/uploads\/2013\/10\/espinoza.jpg?resize=350%2C200","width":350,"height":200,"srcset":"https:\/\/i0.wp.com\/www.24baires.com\/wp-content\/uploads\/2013\/10\/espinoza.jpg?resize=350%2C200 1x, https:\/\/i0.wp.com\/www.24baires.com\/wp-content\/uploads\/2013\/10\/espinoza.jpg?resize=525%2C300 1.5x"},"classes":[]},{"id":67601,"url":"http:\/\/www.24baires.com\/?p=67601","url_meta":{"origin":67566,"position":4},"title":"Dirigentes del Frente para la Victoria respaldaron una eventual candidatura de M\u00e1ximo","author":"GB","date":"15\/06\/2015","format":false,"excerpt":"El jefe de Gabinete, An\u00edbal Fern\u00e1ndez; los intendentes de Avellaneda y La Matanza, Jorge Ferraresi y Fernando Espinoza, as\u00ed como la diputada nacional Diana Conti, insistieron en expresar su apoyo a una postulaci\u00f3n al considerar que el l\u00edder de la agrupaci\u00f3n La C\u00e1mpora puede ser candidato en las pr\u00f3ximas elecciones.\u2026","rel":"","context":"En \u00abElecciones 2015\u00bb","block_context":{"text":"Elecciones 2015","link":"http:\/\/www.24baires.com\/?cat=74"},"img":{"alt_text":"maximo-kirchner","src":"https:\/\/i0.wp.com\/www.24baires.com\/wp-content\/uploads\/2014\/03\/maximo-kirchner.jpg?resize=350%2C200","width":350,"height":200,"srcset":"https:\/\/i0.wp.com\/www.24baires.com\/wp-content\/uploads\/2014\/03\/maximo-kirchner.jpg?resize=350%2C200 1x, https:\/\/i0.wp.com\/www.24baires.com\/wp-content\/uploads\/2014\/03\/maximo-kirchner.jpg?resize=525%2C300 1.5x"},"classes":[]},{"id":114902,"url":"http:\/\/www.24baires.com\/?p=114902","url_meta":{"origin":67566,"position":5},"title":"Larroque: \u00abEn este contexto dif\u00edcil nosotros venimos a poner todo y un poco m\u00e1s\u00bb","author":"AF","date":"04\/05\/2020","format":false,"excerpt":"El gobernador Axel Kicillof le tom\u00f3 el juramento al flamante ministro de Desarrollo de la Comunidad de la Provincia, Andr\u00e9s Larroque. Presencia de intendentes, M\u00e1ximo Kirchner y Sergio Massa, entre otros. El gobernador Axel Kicillof le tom\u00f3 juramento al nuevo ministro de Desarrollo de la Comunidad de la Provincia de\u2026","rel":"","context":"En \u00abProvincia\u00bb","block_context":{"text":"Provincia","link":"http:\/\/www.24baires.com\/?cat=40"},"img":{"alt_text":"","src":"https:\/\/i0.wp.com\/www.24baires.com\/wp-content\/uploads\/2020\/05\/kici-larroque.jpg?resize=350%2C200","width":350,"height":200,"srcset":"https:\/\/i0.wp.com\/www.24baires.com\/wp-content\/uploads\/2020\/05\/kici-larroque.jpg?resize=350%2C200 1x, https:\/\/i0.wp.com\/www.24baires.com\/wp-content\/uploads\/2020\/05\/kici-larroque.jpg?resize=525%2C300 1.5x"},"classes":[]}],"jetpack_sharing_enabled":true,"jetpack_likes_enabled":true,"jetpack_featured_media_url":"","_links":{"self":[{"href":"http:\/\/www.24baires.com\/index.php?rest_route=\/wp\/v2\/posts\/67566","targetHints":{"allow":["GET"]}}],"collection":[{"href":"http:\/\/www.24baires.com\/index.php?rest_route=\/wp\/v2\/posts"}],"about":[{"href":"http:\/\/www.24baires.com\/index.php?rest_route=\/wp\/v2\/types\/post"}],"author":[{"embeddable":true,"href":"http:\/\/www.24baires.com\/index.php?rest_route=\/wp\/v2\/users\/8"}],"replies":[{"embeddable":true,"href":"http:\/\/www.24baires.com\/index.php?rest_route=%2Fwp%2Fv2%2Fcomments&post=67566"}],"version-history":[{"count":1,"href":"http:\/\/www.24baires.com\/index.php?rest_route=\/wp\/v2\/posts\/67566\/revisions"}],"predecessor-version":[{"id":67567,"href":"http:\/\/www.24baires.com\/index.php?rest_route=\/wp\/v2\/posts\/67566\/revisions\/67567"}],"wp:attachment":[{"href":"http:\/\/www.24baires.com\/index.php?rest_route=%2Fwp%2Fv2%2Fmedia&parent=67566"}],"wp:term":[{"taxonomy":"category","embeddable":true,"href":"http:\/\/www.24baires.com\/index.php?rest_route=%2Fwp%2Fv2%2Fcategories&post=67566"},{"taxonomy":"post_tag","embeddable":true,"href":"http:\/\/www.24baires.com\/index.php?rest_route=%2Fwp%2Fv2%2Ftags&post=67566"}],"curies":[{"name":"wp","href":"https:\/\/api.w.org\/{rel}","templated":true}]}}