{"id":67514,"date":"2015-06-13T18:30:57","date_gmt":"2015-06-13T21:30:57","guid":{"rendered":"http:\/\/www.24baires.com\/?p=67514"},"modified":"2015-06-13T17:31:29","modified_gmt":"2015-06-13T20:31:29","slug":"me-encantaria-ser-gobernador-porque-conozco-la-provincia-como-pocos","status":"publish","type":"post","link":"http:\/\/www.24baires.com\/?p=67514","title":{"rendered":"\u00abMe encantar\u00eda ser gobernador porque conozco la provincia como pocos\u00bb"},"content":{"rendered":"<p><img data-recalc-dims=\"1\" loading=\"lazy\" decoding=\"async\" class=\"aligncenter size-full wp-image-60580\" src=\"https:\/\/i0.wp.com\/www.24baires.com\/wp-content\/uploads\/2015\/01\/anibal.jpg?resize=560%2C373\" alt=\"anibal\" width=\"560\" height=\"373\" srcset=\"https:\/\/i0.wp.com\/www.24baires.com\/wp-content\/uploads\/2015\/01\/anibal.jpg?w=560 560w, https:\/\/i0.wp.com\/www.24baires.com\/wp-content\/uploads\/2015\/01\/anibal.jpg?resize=300%2C200 300w\" sizes=\"auto, (max-width: 560px) 100vw, 560px\" \/>El jefe de Gabinete y precandidato a gobernador bonaerense por el Frente para la Victoria (FpV), An\u00edbal Fern\u00e1ndez reafirm\u00f3 que su deseo de \u00abser gobernador de la provincia de Buenos Aires porque la conozco y la comprendo como pocos\u00bb.<!--more--><\/p>\n<p>En el marco de la inauguraci\u00f3n del nuevo pabell\u00f3n de pediatr\u00eda del Hospital Municipal \u00abSanta Francisca Romana\u00bb de la localidad bonaerense de Arrecifes junto al intendente local, Daniel Bolinaga, Fern\u00e1ndez sostuvo que \u00abla Provincia tiene una enorme diversidad en t\u00e9rminos sociales, econ\u00f3micos y de crecimiento y hay que prepararse para gobernar en esa diversidad\u00bb.<\/p>\n<p>En esa l\u00ednea, sostuvo: \u00abSiempre he cre\u00eddo en la Provincia y me encantar\u00eda ser gobernador porque la comprendo y la conozco como pocos\u00bb.<\/p>\n<p>Al referirse a su proyecto electoral, Fern\u00e1ndez hizo hincapi\u00e9 en la seguridad y consider\u00f3: \u00abCuando yo manej\u00e9 las fuerzas de seguridad las di vuelta como una media, alg\u00fan derecho tengo a hablar de este tema\u00bb.<\/p>\n<p>\u00abLo que se necesita \u2013continu\u00f3- es que la Polic\u00eda est\u00e9 preparada porque un polic\u00eda bien preparado y entrenado vale por dos y eso apoyado en una log\u00edstica e inteligencia criminal para combatir los problemas concretos\u00bb.<\/p>\n<p>En ese sentido, Fern\u00e1ndez se\u00f1al\u00f3: \u00abEstoy convencido de que puedo garantizar en un tiempo determinado la seguridad de los bonaerenses por eso lo digo sin contemplaciones, es lo que siento\u00bb.<\/p>\n<p>Respecto a la producci\u00f3n, el Jefe de Gabinete asegur\u00f3 que de ser elegido \u00abtenemos que tener un Ministerio que tenga las patas puestas en la regi\u00f3n y no interpretar todo desde La Plata porque as\u00ed no se le pueden resolver los problemas a la gente\u00bb.<\/p>\n<p>\u00abLo primero que planteo es inversi\u00f3n en rutas y caminos rurales para sacar la producci\u00f3n, por eso la restituci\u00f3n del tren, la inversi\u00f3n en energ\u00eda rural y la regulaci\u00f3n del manejo de las cuencas para el regado son fundamentales\u00bb, concluy\u00f3 Fern\u00e1ndez.<\/p>\n<p>Por su parte, Bolinaga se\u00f1al\u00f3 que \u00abAn\u00edbal es un trabajador incansable de la pol\u00edtica, es imposible seguirle el ritmo y lo s\u00e9 por haber trabajado con \u00e9l\u00bb.<\/p>\n<p>Y consider\u00f3: \u00abQu\u00e9 bueno ser\u00eda tener un gobernador como An\u00edbal que seguramente va a laburar todos los d\u00edas con nosotros los intendentes que lo necesitamos para llevar a cabo la gesti\u00f3n municipal en conjunto porque juntos nos va a ir bien\u00bb.<\/p>\n<p>Del acto inaugural, participaron adem\u00e1s, los intendentes de Baradero, Aldo Carossi, de San Pedro, Fabio Giovanettoni, de Capit\u00e1n Sarmiento, Oscar Ostoich, de Olavarria, Jose Eseverri y de Colon, Ricardo Casi.<\/p>\n","protected":false},"excerpt":{"rendered":"<p>El jefe de Gabinete y precandidato a gobernador bonaerense por el Frente para la Victoria (FpV), An\u00edbal Fern\u00e1ndez reafirm\u00f3 que su deseo de \u00abser gobernador de la provincia de Buenos Aires porque la conozco y la comprendo como pocos\u00bb.<\/p>\n","protected":false},"author":8,"featured_media":0,"comment_status":"open","ping_status":"open","sticky":false,"template":"","format":"standard","meta":{"_jetpack_newsletter_access":"","_jetpack_dont_email_post_to_subs":false,"_jetpack_newsletter_tier_id":0,"_jetpack_memberships_contains_paywalled_content":false,"_jetpack_memberships_contains_paid_content":false,"footnotes":""},"categories":[51],"tags":[],"class_list":["post-67514","post","type-post","status-publish","format-standard","hentry","category-politica"],"jetpack_shortlink":"https:\/\/wp.me\/p2JWE0-hyW","jetpack-related-posts":[{"id":67531,"url":"http:\/\/www.24baires.com\/?p=67531","url_meta":{"origin":67514,"position":0},"title":"An\u00edbal Fern\u00e1ndez: \u00abConozco la Provincia como pocos\u00bb","author":"AF","date":"14\/06\/2015","format":false,"excerpt":"El jefe de Gabinete, An\u00edbal Fern\u00e1ndez, reafirm\u00f3 que su deseo de \"ser gobernador de la provincia de Buenos Aires\u201d, en el marco de la inauguraci\u00f3n del nuevo pabell\u00f3n de pediatr\u00eda del Hospital Municipal \"Santa Francisca Romana\" de la localidad bonaerense de Arrecifes junto al intendente local, Daniel Bolinaga. \u201cLa Provincia\u2026","rel":"","context":"En \u00abElecciones 2015\u00bb","block_context":{"text":"Elecciones 2015","link":"http:\/\/www.24baires.com\/?cat=74"},"img":{"alt_text":"fern\u00e1ndez an\u00edbal","src":"https:\/\/i0.wp.com\/www.24baires.com\/wp-content\/uploads\/2012\/12\/fern%C3%A1ndez-an%C3%ADbal.jpg?resize=350%2C200","width":350,"height":200,"srcset":"https:\/\/i0.wp.com\/www.24baires.com\/wp-content\/uploads\/2012\/12\/fern%C3%A1ndez-an%C3%ADbal.jpg?resize=350%2C200 1x, https:\/\/i0.wp.com\/www.24baires.com\/wp-content\/uploads\/2012\/12\/fern%C3%A1ndez-an%C3%ADbal.jpg?resize=525%2C300 1.5x"},"classes":[]},{"id":116527,"url":"http:\/\/www.24baires.com\/?p=116527","url_meta":{"origin":67514,"position":1},"title":"Intendentes del PJ se reunieron para respaldar al Gobierno y evaluar aperturas","author":"AF","date":"22\/10\/2020","format":false,"excerpt":"Se reunieron en Berazategui para efectuar un respaldo al presidente Alberto Fern\u00e1ndez y al gobernador bonaerense Axel Kicillof. Adem\u00e1s evaluaron la implementaci\u00f3n en los distritos de las distintas aperturas tras la flexibilizaci\u00f3n de las restricciones sociales. Una treintena de intendentes peronistas del Conurbano se reunieron en Berazategui para respaldar al\u2026","rel":"","context":"En \u00abProvincia\u00bb","block_context":{"text":"Provincia","link":"http:\/\/www.24baires.com\/?cat=40"},"img":{"alt_text":"","src":"https:\/\/i0.wp.com\/www.24baires.com\/wp-content\/uploads\/2020\/10\/5f9236f601237_1004x565.jpg?resize=350%2C200","width":350,"height":200,"srcset":"https:\/\/i0.wp.com\/www.24baires.com\/wp-content\/uploads\/2020\/10\/5f9236f601237_1004x565.jpg?resize=350%2C200 1x, https:\/\/i0.wp.com\/www.24baires.com\/wp-content\/uploads\/2020\/10\/5f9236f601237_1004x565.jpg?resize=525%2C300 1.5x"},"classes":[]},{"id":111755,"url":"http:\/\/www.24baires.com\/?p=111755","url_meta":{"origin":67514,"position":2},"title":"\u00abA cada provincia le tiene que tocar lo que le corresponde","author":"AF","date":"22\/08\/2019","format":false,"excerpt":"El candidato a presidente del Frente de Todos sostuvo, junto a la postulante a gobernadora por ese espacio pol\u00edtico, Anabel Fern\u00e1ndez Sagasti, que \"el mayor problema de Argentina es la postergaci\u00f3n del interior\". El candidato a presidente por el Frente de Todos, Alberto Fern\u00e1ndez, brind\u00f3 a una conferencia de prensa\u2026","rel":"","context":"En \u00abPol\u00edtica\u00bb","block_context":{"text":"Pol\u00edtica","link":"http:\/\/www.24baires.com\/?cat=51"},"img":{"alt_text":"","src":"https:\/\/i0.wp.com\/www.24baires.com\/wp-content\/uploads\/2019\/08\/albertoo.jpg?resize=350%2C200","width":350,"height":200,"srcset":"https:\/\/i0.wp.com\/www.24baires.com\/wp-content\/uploads\/2019\/08\/albertoo.jpg?resize=350%2C200 1x, https:\/\/i0.wp.com\/www.24baires.com\/wp-content\/uploads\/2019\/08\/albertoo.jpg?resize=525%2C300 1.5x"},"classes":[]},{"id":113847,"url":"http:\/\/www.24baires.com\/?p=113847","url_meta":{"origin":67514,"position":3},"title":"Kicillof tambi\u00e9n otorgar\u00e1 un aumento de 4 mil pesos a estatales bonaerenses","author":"AF","date":"17\/01\/2020","format":false,"excerpt":"Ser\u00e1 en dos cuotas, en marzo y abril, pero no alcanzar\u00eda a la totalidad de los 600 mil trabajadores estatales de la Provincia. En los pr\u00f3ximos d\u00edas se especificar\u00e1 a quienes alcanzar\u00e1 y a quienes no. El gobernador de la provincia de Buenos Aires Axel Kicillof seguir\u00e1 los pasos marcados\u2026","rel":"","context":"En \u00abProvincia\u00bb","block_context":{"text":"Provincia","link":"http:\/\/www.24baires.com\/?cat=40"},"img":{"alt_text":"","src":"https:\/\/i0.wp.com\/www.24baires.com\/wp-content\/uploads\/2019\/11\/kicillof.jpg?resize=350%2C200","width":350,"height":200,"srcset":"https:\/\/i0.wp.com\/www.24baires.com\/wp-content\/uploads\/2019\/11\/kicillof.jpg?resize=350%2C200 1x, https:\/\/i0.wp.com\/www.24baires.com\/wp-content\/uploads\/2019\/11\/kicillof.jpg?resize=525%2C300 1.5x"},"classes":[]},{"id":54254,"url":"http:\/\/www.24baires.com\/?p=54254","url_meta":{"origin":67514,"position":4},"title":"\u00abChiche\u00bb Duhalde ir\u00e1 por la gobernaci\u00f3n de la Provincia","author":"AF","date":"25\/09\/2014","format":false,"excerpt":"La ex senadora justicialista Hilda \"Chiche\" Gonz\u00e1lez de Duhalde revel\u00f3 hoy que est\u00e1 \"pensando seriamente\" en la posibilidad de lanzarse como candidata a gobernadora bonaerense por un \"partido provincial\" que, seg\u00fan dijo, est\u00e1 en pleno proceso de construcci\u00f3n. \"Me siento absolutamente capacitada\" para aspirar al Ejecutivo provincial, dijo Duhalde al\u2026","rel":"","context":"En \u00abPol\u00edtica\u00bb","block_context":{"text":"Pol\u00edtica","link":"http:\/\/www.24baires.com\/?cat=51"},"img":{"alt_text":"","src":"https:\/\/i0.wp.com\/www.24baires.com\/wp-content\/uploads\/2014\/09\/Hilda-Chiche-Duhalde2.jpg?resize=350%2C200","width":350,"height":200,"srcset":"https:\/\/i0.wp.com\/www.24baires.com\/wp-content\/uploads\/2014\/09\/Hilda-Chiche-Duhalde2.jpg?resize=350%2C200 1x, https:\/\/i0.wp.com\/www.24baires.com\/wp-content\/uploads\/2014\/09\/Hilda-Chiche-Duhalde2.jpg?resize=525%2C300 1.5x"},"classes":[]},{"id":117249,"url":"http:\/\/www.24baires.com\/?p=117249","url_meta":{"origin":67514,"position":5},"title":"Al igual que en Naci\u00f3n, en Provincia se desdolarizar\u00e1n las tarifas de los servicios p\u00fablicos","author":"GB","date":"02\/03\/2021","format":false,"excerpt":"El gobernador Kicillof se sum\u00f3 al compromiso de Alberto Fern\u00e1ndez de \"desdolarizar\" las tarifas de servicios p\u00fablicos. El presidente, Alberto Fern\u00e1ndez, anunci\u00f3 una desdolarizaci\u00f3n y que busca tarifas diferenciadas para los servicios p\u00fablicos, que se guiar\u00e1n por las capacidades patrimoniales de cada hogar. El gobernador Kicillof se sum\u00f3 al compromiso\u2026","rel":"","context":"En \u00abProvincia\u00bb","block_context":{"text":"Provincia","link":"http:\/\/www.24baires.com\/?cat=40"},"img":{"alt_text":"","src":"https:\/\/i0.wp.com\/www.24baires.com\/wp-content\/uploads\/2016\/09\/boletas-de-luz.jpg?resize=350%2C200","width":350,"height":200,"srcset":"https:\/\/i0.wp.com\/www.24baires.com\/wp-content\/uploads\/2016\/09\/boletas-de-luz.jpg?resize=350%2C200 1x, https:\/\/i0.wp.com\/www.24baires.com\/wp-content\/uploads\/2016\/09\/boletas-de-luz.jpg?resize=525%2C300 1.5x"},"classes":[]}],"jetpack_sharing_enabled":true,"jetpack_likes_enabled":true,"jetpack_featured_media_url":"","_links":{"self":[{"href":"http:\/\/www.24baires.com\/index.php?rest_route=\/wp\/v2\/posts\/67514","targetHints":{"allow":["GET"]}}],"collection":[{"href":"http:\/\/www.24baires.com\/index.php?rest_route=\/wp\/v2\/posts"}],"about":[{"href":"http:\/\/www.24baires.com\/index.php?rest_route=\/wp\/v2\/types\/post"}],"author":[{"embeddable":true,"href":"http:\/\/www.24baires.com\/index.php?rest_route=\/wp\/v2\/users\/8"}],"replies":[{"embeddable":true,"href":"http:\/\/www.24baires.com\/index.php?rest_route=%2Fwp%2Fv2%2Fcomments&post=67514"}],"version-history":[{"count":1,"href":"http:\/\/www.24baires.com\/index.php?rest_route=\/wp\/v2\/posts\/67514\/revisions"}],"predecessor-version":[{"id":67515,"href":"http:\/\/www.24baires.com\/index.php?rest_route=\/wp\/v2\/posts\/67514\/revisions\/67515"}],"wp:attachment":[{"href":"http:\/\/www.24baires.com\/index.php?rest_route=%2Fwp%2Fv2%2Fmedia&parent=67514"}],"wp:term":[{"taxonomy":"category","embeddable":true,"href":"http:\/\/www.24baires.com\/index.php?rest_route=%2Fwp%2Fv2%2Fcategories&post=67514"},{"taxonomy":"post_tag","embeddable":true,"href":"http:\/\/www.24baires.com\/index.php?rest_route=%2Fwp%2Fv2%2Ftags&post=67514"}],"curies":[{"name":"wp","href":"https:\/\/api.w.org\/{rel}","templated":true}]}}