{"id":67478,"date":"2015-06-12T18:30:11","date_gmt":"2015-06-12T21:30:11","guid":{"rendered":"http:\/\/www.24baires.com\/?p=67478"},"modified":"2015-06-12T18:11:59","modified_gmt":"2015-06-12T21:11:59","slug":"cristina-encabezara-el-acto-por-el-dia-de-la-bandera-en-rosario","status":"publish","type":"post","link":"http:\/\/www.24baires.com\/?p=67478","title":{"rendered":"Cristina encabezar\u00e1 el acto por el D\u00eda de la Bandera en Rosario"},"content":{"rendered":"<p><img data-recalc-dims=\"1\" loading=\"lazy\" decoding=\"async\" class=\"aligncenter size-full wp-image-63421\" src=\"https:\/\/i0.wp.com\/www.24baires.com\/wp-content\/uploads\/2015\/03\/cristina4.jpg?resize=560%2C373\" alt=\"cristina4\" width=\"560\" height=\"373\" srcset=\"https:\/\/i0.wp.com\/www.24baires.com\/wp-content\/uploads\/2015\/03\/cristina4.jpg?w=560 560w, https:\/\/i0.wp.com\/www.24baires.com\/wp-content\/uploads\/2015\/03\/cristina4.jpg?resize=300%2C200 300w\" sizes=\"auto, (max-width: 560px) 100vw, 560px\" \/>La visita de la presidenta fue confirmada a T\u00e9lam por fuentes oficiales, que adem\u00e1s detallaron que durante la jornada tambi\u00e9n se desarrollar\u00e1 un festival art\u00edstico y cultural frente al tradicional monumento a la Bandera.<!--more--><\/p>\n<p>La presidenta Cristina Fern\u00e1ndez visitar\u00e1 la ciudad de Rosario el pr\u00f3ximo s\u00e1bado 20, donde encabezar\u00e1 el acto oficial por el D\u00eda de la Bandera.<\/p>\n<p>La visita de la presidenta fue confirmada a T\u00e9lam por fuentes oficiales, que adem\u00e1s detallaron que durante la jornada tambi\u00e9n se desarrollar\u00e1 un festival art\u00edstico y cultural frente al tradicional monumento a la Bandera.<\/p>\n<p>En el mismo monumento y cerca del mediod\u00eda, indicaron las fuentes, se prev\u00e9 la llegada de Cristina para encabezar el acto y brindar un discurso.<\/p>\n<p>&nbsp;<\/p>\n<p>&nbsp;<\/p>\n<p>&nbsp;<\/p>\n<p>&nbsp;<\/p>\n<p>&nbsp;<\/p>\n<p>&nbsp;<\/p>\n<p>&nbsp;<\/p>\n<p>&nbsp;<\/p>\n<p>&nbsp;<\/p>\n<p>&nbsp;<\/p>\n<p>&nbsp;<\/p>\n<p>&nbsp;<\/p>\n<p>&nbsp;<\/p>\n","protected":false},"excerpt":{"rendered":"<p>La visita de la presidenta fue confirmada a T\u00e9lam por fuentes oficiales, que adem\u00e1s detallaron que durante la jornada tambi\u00e9n se desarrollar\u00e1 un festival art\u00edstico y cultural frente al tradicional monumento a la Bandera.<\/p>\n","protected":false},"author":8,"featured_media":0,"comment_status":"open","ping_status":"open","sticky":false,"template":"","format":"standard","meta":{"_jetpack_newsletter_access":"","_jetpack_dont_email_post_to_subs":false,"_jetpack_newsletter_tier_id":0,"_jetpack_memberships_contains_paywalled_content":false,"_jetpack_memberships_contains_paid_content":false,"footnotes":""},"categories":[51],"tags":[],"class_list":["post-67478","post","type-post","status-publish","format-standard","hentry","category-politica"],"jetpack_shortlink":"https:\/\/wp.me\/p2JWE0-hym","jetpack-related-posts":[{"id":102863,"url":"http:\/\/www.24baires.com\/?p=102863","url_meta":{"origin":67478,"position":0},"title":"Macri no estar\u00e1 en el acto por el D\u00eda de la Bandera","author":"GB","date":"20\/06\/2018","format":false,"excerpt":"El titular del PRO de Santa Fe explic\u00f3 que se tom\u00f3 esta decisi\u00f3n por \"advertencias de que grupos violentos podr\u00edan opacar la fiesta de los rosarinos\". En a\u00f1os anteriores, Macri estuvo aislado por fuertes operativos de seguridad. El Presidente de la Naci\u00f3n no estar\u00e1 presente en el tradicional acto por\u2026","rel":"","context":"En \u00abPol\u00edtica\u00bb","block_context":{"text":"Pol\u00edtica","link":"http:\/\/www.24baires.com\/?cat=51"},"img":{"alt_text":"","src":"https:\/\/i0.wp.com\/www.24baires.com\/wp-content\/uploads\/2018\/06\/dia-de-la-bandera-macri.jpg?resize=350%2C200","width":350,"height":200,"srcset":"https:\/\/i0.wp.com\/www.24baires.com\/wp-content\/uploads\/2018\/06\/dia-de-la-bandera-macri.jpg?resize=350%2C200 1x, https:\/\/i0.wp.com\/www.24baires.com\/wp-content\/uploads\/2018\/06\/dia-de-la-bandera-macri.jpg?resize=525%2C300 1.5x"},"classes":[]},{"id":111498,"url":"http:\/\/www.24baires.com\/?p=111498","url_meta":{"origin":67478,"position":1},"title":"Alberto y Cristina cerraron la campa\u00f1a en Rosario","author":"AF","date":"07\/08\/2019","format":false,"excerpt":"Los precandidatos Alberto Fern\u00e1ndez y Cristina Fern\u00e1ndez de Kirchner encabezaron un multitudinario acto ante el Monumento a la Bandera en la ciudad santafesina. Ante un Monumento a la Bandera repleto de gente y sobre un escenario que se entremezcl\u00f3 con los colores celestes y blancos, el Frente de Todos cerr\u00f3\u2026","rel":"","context":"En \u00abPol\u00edtica\u00bb","block_context":{"text":"Pol\u00edtica","link":"http:\/\/www.24baires.com\/?cat=51"},"img":{"alt_text":"","src":"https:\/\/i0.wp.com\/www.24baires.com\/wp-content\/uploads\/2019\/08\/alberto-cristina-rosario.png?resize=350%2C200","width":350,"height":200,"srcset":"https:\/\/i0.wp.com\/www.24baires.com\/wp-content\/uploads\/2019\/08\/alberto-cristina-rosario.png?resize=350%2C200 1x, https:\/\/i0.wp.com\/www.24baires.com\/wp-content\/uploads\/2019\/08\/alberto-cristina-rosario.png?resize=525%2C300 1.5x"},"classes":[]},{"id":19938,"url":"http:\/\/www.24baires.com\/?p=19938","url_meta":{"origin":67478,"position":2},"title":"La Presidenta viaja a Puerto Madryn y encabezar\u00e1 el acto central por Malvinas","author":"Grupo Sierra","date":"01\/04\/2013","format":false,"excerpt":"Cristina Fern\u00e1ndez de Kirchner encabezar\u00e1 este martes el acto central por el 31 aniversario de la Guerra de Malvinas en Puerto Madryn, ciudad que recibi\u00f3 a los soldados argentinos tras el conflicto de 1982. La mandataria arribar\u00e1 alrededor de las 11.40 y cerca del mediod\u00eda se dirigir\u00e1 al monumento a\u2026","rel":"","context":"En \u00abPol\u00edtica\u00bb","block_context":{"text":"Pol\u00edtica","link":"http:\/\/www.24baires.com\/?cat=51"},"img":{"alt_text":"","src":"","width":0,"height":0},"classes":[]},{"id":48363,"url":"http:\/\/www.24baires.com\/?p=48363","url_meta":{"origin":67478,"position":3},"title":"Cristina: \u00abReclamamos por Malvinas y las vamos a recuperar\u00bb","author":"AF","date":"20\/06\/2014","format":false,"excerpt":"Lo dijo la Presidenta en el acto oficial frente al Monumento a la Bandera en la costanera. La Presidenta Cristina Fern\u00e1ndez de Kirchner record\u00f3 la figura de N\u00e9stor Kirchner y la resstructuraci\u00f3n de la deuda: \"As\u00ed Argentina pudo volver autogobernarse en materia pol\u00edtica, econ\u00f3mica y social. Desde el 2005 pagamos\u2026","rel":"","context":"En \u00abSociedad\u00bb","block_context":{"text":"Sociedad","link":"http:\/\/www.24baires.com\/?cat=1"},"img":{"alt_text":"","src":"https:\/\/i0.wp.com\/www.24baires.com\/wp-content\/uploads\/2014\/06\/cristina-rosario.jpg?resize=350%2C200","width":350,"height":200,"srcset":"https:\/\/i0.wp.com\/www.24baires.com\/wp-content\/uploads\/2014\/06\/cristina-rosario.jpg?resize=350%2C200 1x, https:\/\/i0.wp.com\/www.24baires.com\/wp-content\/uploads\/2014\/06\/cristina-rosario.jpg?resize=525%2C300 1.5x"},"classes":[]},{"id":83961,"url":"http:\/\/www.24baires.com\/?p=83961","url_meta":{"origin":67478,"position":4},"title":"Reprimieron la marcha contra Macri en el d\u00eda de la Bandera","author":"GB","date":"20\/06\/2016","format":false,"excerpt":"El presidente encabez\u00f3 el acto en conmemoraci\u00f3n por el paso a la inmortalidad de Manuel Belgrano. En las inmediaciones del Monumento a la Bandera, fuertemente custodiado, hubo incidentes entre las fuerzas de seguridad y los vecinos. Cr\u00f3nica habl\u00f3 con uno de los heridos, el concejal justicialista Eduardo Toniolli. La ciudad\u2026","rel":"","context":"En \u00abPol\u00edtica\u00bb","block_context":{"text":"Pol\u00edtica","link":"http:\/\/www.24baires.com\/?cat=51"},"img":{"alt_text":"","src":"https:\/\/i0.wp.com\/www.24baires.com\/wp-content\/uploads\/2016\/06\/marcha-contra-macri.jpg?resize=350%2C200","width":350,"height":200,"srcset":"https:\/\/i0.wp.com\/www.24baires.com\/wp-content\/uploads\/2016\/06\/marcha-contra-macri.jpg?resize=350%2C200 1x, https:\/\/i0.wp.com\/www.24baires.com\/wp-content\/uploads\/2016\/06\/marcha-contra-macri.jpg?resize=525%2C300 1.5x"},"classes":[]},{"id":95313,"url":"http:\/\/www.24baires.com\/?p=95313","url_meta":{"origin":67478,"position":5},"title":"Macri, desde Rosario: \u00abEl pa\u00eds comenz\u00f3 a crecer\u00bb","author":"AF","date":"20\/06\/2017","format":false,"excerpt":"El presidente encabez\u00f3 el acto por el D\u00eda de la Bandera. Afirm\u00f3 que la inflaci\u00f3n va a ser la m\u00e1s baja desde 2009. Durante la ceremonia que se realiz\u00f3 frente al Monumento a la Bandera, en Rosario, el presidente Macri afirm\u00f3 que \"estamos haciendo lo que hab\u00eda que hacer y\u2026","rel":"","context":"En \u00abSociedad\u00bb","block_context":{"text":"Sociedad","link":"http:\/\/www.24baires.com\/?cat=1"},"img":{"alt_text":"","src":"https:\/\/i0.wp.com\/www.24baires.com\/wp-content\/uploads\/2017\/06\/macri-rosario.jpg?resize=350%2C200","width":350,"height":200,"srcset":"https:\/\/i0.wp.com\/www.24baires.com\/wp-content\/uploads\/2017\/06\/macri-rosario.jpg?resize=350%2C200 1x, https:\/\/i0.wp.com\/www.24baires.com\/wp-content\/uploads\/2017\/06\/macri-rosario.jpg?resize=525%2C300 1.5x"},"classes":[]}],"jetpack_sharing_enabled":true,"jetpack_likes_enabled":true,"jetpack_featured_media_url":"","_links":{"self":[{"href":"http:\/\/www.24baires.com\/index.php?rest_route=\/wp\/v2\/posts\/67478","targetHints":{"allow":["GET"]}}],"collection":[{"href":"http:\/\/www.24baires.com\/index.php?rest_route=\/wp\/v2\/posts"}],"about":[{"href":"http:\/\/www.24baires.com\/index.php?rest_route=\/wp\/v2\/types\/post"}],"author":[{"embeddable":true,"href":"http:\/\/www.24baires.com\/index.php?rest_route=\/wp\/v2\/users\/8"}],"replies":[{"embeddable":true,"href":"http:\/\/www.24baires.com\/index.php?rest_route=%2Fwp%2Fv2%2Fcomments&post=67478"}],"version-history":[{"count":1,"href":"http:\/\/www.24baires.com\/index.php?rest_route=\/wp\/v2\/posts\/67478\/revisions"}],"predecessor-version":[{"id":67479,"href":"http:\/\/www.24baires.com\/index.php?rest_route=\/wp\/v2\/posts\/67478\/revisions\/67479"}],"wp:attachment":[{"href":"http:\/\/www.24baires.com\/index.php?rest_route=%2Fwp%2Fv2%2Fmedia&parent=67478"}],"wp:term":[{"taxonomy":"category","embeddable":true,"href":"http:\/\/www.24baires.com\/index.php?rest_route=%2Fwp%2Fv2%2Fcategories&post=67478"},{"taxonomy":"post_tag","embeddable":true,"href":"http:\/\/www.24baires.com\/index.php?rest_route=%2Fwp%2Fv2%2Ftags&post=67478"}],"curies":[{"name":"wp","href":"https:\/\/api.w.org\/{rel}","templated":true}]}}