{"id":67433,"date":"2015-06-12T10:00:13","date_gmt":"2015-06-12T13:00:13","guid":{"rendered":"http:\/\/www.24baires.com\/?p=67433"},"modified":"2015-06-13T10:33:55","modified_gmt":"2015-06-13T13:33:55","slug":"los-duenos-del-estado-son-los-que-vivieron-de-la-patria-contratista","status":"publish","type":"post","link":"http:\/\/www.24baires.com\/?p=67433","title":{"rendered":"\u00abLos due\u00f1os del Estado son los que vivieron de la patria contratista\u00bb"},"content":{"rendered":"<p><img data-recalc-dims=\"1\" loading=\"lazy\" decoding=\"async\" class=\"aligncenter size-full wp-image-5267\" src=\"https:\/\/i0.wp.com\/www.24baires.com\/wp-content\/uploads\/2012\/11\/fern%C3%A1ndez-an%C3%ADbal2.jpg?resize=560%2C361\" alt=\"fern\u00e1ndez an\u00edbal2\" width=\"560\" height=\"361\" srcset=\"https:\/\/i0.wp.com\/www.24baires.com\/wp-content\/uploads\/2012\/11\/fern%C3%A1ndez-an%C3%ADbal2.jpg?w=560 560w, https:\/\/i0.wp.com\/www.24baires.com\/wp-content\/uploads\/2012\/11\/fern%C3%A1ndez-an%C3%ADbal2.jpg?resize=300%2C193 300w\" sizes=\"auto, (max-width: 560px) 100vw, 560px\" \/>El jefe de Gabinete, An\u00edbal Fern\u00e1ndez, afirm\u00f3 hoy que el precandidato presidencial del PRO, Mauricio Macri, tiene \u00abcara de acero\u00bb por haber declarado que el pa\u00eds \u00abse contamin\u00f3\u00bb en la \u00faltima d\u00e9cada por una \u00abconcentraci\u00f3n del poder\u00bb de quienes se creen \u00abdue\u00f1os del Estado\u00bb.<!--more--><\/p>\n<p>\u00abHay que tener cara de acero para decir eso, cuando los que han vivido del Estado siempre fueron ellos, sus familias, sus amigos, los que vivieron de la patria contratista, como se dec\u00eda por entonces. Yo no me siento due\u00f1o del Estado, nada m\u00e1s en la parte de los 41 millones 400 mil habitantes que tiene el pa\u00eds y yo soy uno de ellos\u201d, sostuvo el jefe de ministros.<\/p>\n<p>A\u00f1adi\u00f3: \u00abyo nunca toqu\u00e9 un centavo que no sea por mi trabajo\u00bb, al mantener el di\u00e1logo habitual con la prensa previo a su ingreso a Casa de Gobierno, y reiter\u00f3 que \u201cellos vivieron muchos a\u00f1os de trabajar para el Estado como contratistas\u201d.<\/p>\n","protected":false},"excerpt":{"rendered":"<p>El jefe de Gabinete, An\u00edbal Fern\u00e1ndez, afirm\u00f3 hoy que el precandidato presidencial del PRO, Mauricio Macri, tiene \u00abcara de acero\u00bb por haber declarado que el pa\u00eds \u00abse contamin\u00f3\u00bb en la \u00faltima d\u00e9cada por una \u00abconcentraci\u00f3n del poder\u00bb de quienes se creen \u00abdue\u00f1os del Estado\u00bb.<\/p>\n","protected":false},"author":4,"featured_media":0,"comment_status":"open","ping_status":"open","sticky":false,"template":"","format":"standard","meta":{"_jetpack_newsletter_access":"","_jetpack_dont_email_post_to_subs":false,"_jetpack_newsletter_tier_id":0,"_jetpack_memberships_contains_paywalled_content":false,"_jetpack_memberships_contains_paid_content":false,"footnotes":""},"categories":[51],"tags":[],"class_list":["post-67433","post","type-post","status-publish","format-standard","hentry","category-politica"],"jetpack_shortlink":"https:\/\/wp.me\/p2JWE0-hxD","jetpack-related-posts":[{"id":53953,"url":"http:\/\/www.24baires.com\/?p=53953","url_meta":{"origin":67433,"position":0},"title":"Sabbatella asegur\u00f3 que \u00abeste gobierno no permitir\u00e1 que se le vuelva a quitar la voz al  pueblo \u00ab","author":"GB","date":"19\/09\/2014","format":false,"excerpt":"El titular de Afsca, Mart\u00edn Sabbatella, resalt\u00f3 los logros de la Ley de Medios y asegur\u00f3 que \u201cel pueblo tom\u00f3 la palabra y este Gobierno no permitir\u00e1 que se la vuelvan a quitar\u201d. En la apertura del encuentro de Comunicaci\u00f3n Audiovisual en San Juan, el titular de la Afsca sostuvo\u2026","rel":"","context":"En \u00abPol\u00edtica\u00bb","block_context":{"text":"Pol\u00edtica","link":"http:\/\/www.24baires.com\/?cat=51"},"img":{"alt_text":"sabbatella mendoza","src":"https:\/\/i0.wp.com\/www.24baires.com\/wp-content\/uploads\/2012\/11\/sabbatella-mendoza.jpg?resize=350%2C200","width":350,"height":200,"srcset":"https:\/\/i0.wp.com\/www.24baires.com\/wp-content\/uploads\/2012\/11\/sabbatella-mendoza.jpg?resize=350%2C200 1x, https:\/\/i0.wp.com\/www.24baires.com\/wp-content\/uploads\/2012\/11\/sabbatella-mendoza.jpg?resize=525%2C300 1.5x"},"classes":[]},{"id":92607,"url":"http:\/\/www.24baires.com\/?p=92607","url_meta":{"origin":67433,"position":1},"title":"Propietarios piden a inquilinos hasta un 60% de aumento para renovar el alquiler","author":"GB","date":"22\/02\/2017","format":false,"excerpt":"A pesar de que el Gobierno estim\u00f3 una inflaci\u00f3n menor al 20% anual y que los mercados inmobiliarios hablan de subas de un 30%, los inquilinos tienen que enfrentar aumentos de entre el 35 y 60% a la hora de renovar el alquiler. Victoria G. tiene 32 a\u00f1os y vive\u2026","rel":"","context":"En \u00abEconom\u00eda\u00bb","block_context":{"text":"Econom\u00eda","link":"http:\/\/www.24baires.com\/?cat=45"},"img":{"alt_text":"","src":"https:\/\/i0.wp.com\/www.24baires.com\/wp-content\/uploads\/2014\/04\/alquiler.jpg?resize=350%2C200","width":350,"height":200,"srcset":"https:\/\/i0.wp.com\/www.24baires.com\/wp-content\/uploads\/2014\/04\/alquiler.jpg?resize=350%2C200 1x, https:\/\/i0.wp.com\/www.24baires.com\/wp-content\/uploads\/2014\/04\/alquiler.jpg?resize=525%2C300 1.5x"},"classes":[]},{"id":90278,"url":"http:\/\/www.24baires.com\/?p=90278","url_meta":{"origin":67433,"position":2},"title":"Muri\u00f3 pap\u00e1","author":"GB","date":"26\/11\/2016","format":false,"excerpt":"Abrac\u00e9monos como hermanos. Lloremos juntos, lloremos fuerte: muri\u00f3 pap\u00e1, compa\u00f1eros. Reguemos con nuestras l\u00e1grimas los caminos que \u00e9l traz\u00f3. Que con cada gota ca\u00edda en tierra logremos hacer germinar sus ideas. No tengamos verg\u00fcenza de nuestro dolor, que se ahorren la angustia quienes no saben lo que perdieron. Porque en\u2026","rel":"","context":"En \u00abOpini\u00f3n\u00bb","block_context":{"text":"Opini\u00f3n","link":"http:\/\/www.24baires.com\/?cat=64"},"img":{"alt_text":"fidel","src":"https:\/\/i0.wp.com\/www.24baires.com\/wp-content\/uploads\/2016\/08\/fidel.jpg?resize=350%2C200","width":350,"height":200,"srcset":"https:\/\/i0.wp.com\/www.24baires.com\/wp-content\/uploads\/2016\/08\/fidel.jpg?resize=350%2C200 1x, https:\/\/i0.wp.com\/www.24baires.com\/wp-content\/uploads\/2016\/08\/fidel.jpg?resize=525%2C300 1.5x"},"classes":[]},{"id":51759,"url":"http:\/\/www.24baires.com\/?p=51759","url_meta":{"origin":67433,"position":3},"title":"Omar Suar\u00e9z: \u00bfde Cocodrilo a la intendencia de Mar del Plata?","author":"Grupo Sierra","date":"13\/08\/2014","format":false,"excerpt":"El due\u00f1o del conocido boliche, mand\u00f3 a hacer afiches con su cara para medir a los posibles votantes. Omar Su\u00e1rez, conocido en el ambiente art\u00edstico por ser el due\u00f1o del tradicional lugar nocturno Cocodrilo, est\u00e1 interesado en incursionar en el mundillo pol\u00edtico. El tambi\u00e9n productor teatral reconoci\u00f3 que mand\u00f3 a\u2026","rel":"","context":"En \u00abLocales\u00bb","block_context":{"text":"Locales","link":"http:\/\/www.24baires.com\/?cat=38"},"img":{"alt_text":"","src":"https:\/\/i0.wp.com\/www.24baires.com\/wp-content\/uploads\/2014\/08\/omar-su%C3%A1rez-cocodrilo.jpg?resize=350%2C200","width":350,"height":200,"srcset":"https:\/\/i0.wp.com\/www.24baires.com\/wp-content\/uploads\/2014\/08\/omar-su%C3%A1rez-cocodrilo.jpg?resize=350%2C200 1x, https:\/\/i0.wp.com\/www.24baires.com\/wp-content\/uploads\/2014\/08\/omar-su%C3%A1rez-cocodrilo.jpg?resize=525%2C300 1.5x"},"classes":[]},{"id":63207,"url":"http:\/\/www.24baires.com\/?p=63207","url_meta":{"origin":67433,"position":4},"title":"Chino Navarro: \u00abRandazzo y Scioli no son los due\u00f1os del kirchnerismo\u00bb","author":"AF","date":"16\/03\/2015","format":false,"excerpt":"El presidente del bloque de diputados bonaerense del FPV, Fernando \u201cChino\u201d Navarro, se meti\u00f3 en la interna partidaria de cara a las elecciones primarias y les mand\u00f3 un mensaje a Florencio Randazzo y Daniel Scioli para que entiendan que \u201cno son due\u00f1os del kirchnerismo\u201d. Luego de una semana de duras\u2026","rel":"","context":"En \u00abPol\u00edtica\u00bb","block_context":{"text":"Pol\u00edtica","link":"http:\/\/www.24baires.com\/?cat=51"},"img":{"alt_text":"navarro chino","src":"https:\/\/i0.wp.com\/www.24baires.com\/wp-content\/uploads\/2013\/02\/navarro-chino.jpg?resize=350%2C200","width":350,"height":200,"srcset":"https:\/\/i0.wp.com\/www.24baires.com\/wp-content\/uploads\/2013\/02\/navarro-chino.jpg?resize=350%2C200 1x, https:\/\/i0.wp.com\/www.24baires.com\/wp-content\/uploads\/2013\/02\/navarro-chino.jpg?resize=525%2C300 1.5x"},"classes":[]},{"id":119508,"url":"http:\/\/www.24baires.com\/?p=119508","url_meta":{"origin":67433,"position":5},"title":"Alberto llam\u00f3 a \u00abarticular la riqueza\u00bb de Am\u00e9rica Latina para \u00abconstruir la patria grande\u00bb","author":"AF","date":"03\/11\/2022","format":false,"excerpt":"El Presidente encabez\u00f3 la Expo Congreso Ciudades para Vivir Bien en Tecn\u00f3polis. All\u00ed cuestion\u00f3 la desigualdad y destac\u00f3 que el continente es \"una regi\u00f3n de paz\", que \"ha puesto en valor la democracia\". El presidente Alberto Fern\u00e1ndez llam\u00f3 este jueves a \"articular la riqueza\" de Am\u00e9rica Latina para \"crecer juntos\u2026","rel":"","context":"En \u00abPol\u00edtica\u00bb","block_context":{"text":"Pol\u00edtica","link":"http:\/\/www.24baires.com\/?cat=51"},"img":{"alt_text":"","src":"https:\/\/i0.wp.com\/www.24baires.com\/wp-content\/uploads\/2022\/11\/Screenshot-2022-11-03-18.15.26.png?resize=350%2C200","width":350,"height":200,"srcset":"https:\/\/i0.wp.com\/www.24baires.com\/wp-content\/uploads\/2022\/11\/Screenshot-2022-11-03-18.15.26.png?resize=350%2C200 1x, https:\/\/i0.wp.com\/www.24baires.com\/wp-content\/uploads\/2022\/11\/Screenshot-2022-11-03-18.15.26.png?resize=525%2C300 1.5x, https:\/\/i0.wp.com\/www.24baires.com\/wp-content\/uploads\/2022\/11\/Screenshot-2022-11-03-18.15.26.png?resize=700%2C400 2x"},"classes":[]}],"jetpack_sharing_enabled":true,"jetpack_likes_enabled":true,"jetpack_featured_media_url":"","_links":{"self":[{"href":"http:\/\/www.24baires.com\/index.php?rest_route=\/wp\/v2\/posts\/67433","targetHints":{"allow":["GET"]}}],"collection":[{"href":"http:\/\/www.24baires.com\/index.php?rest_route=\/wp\/v2\/posts"}],"about":[{"href":"http:\/\/www.24baires.com\/index.php?rest_route=\/wp\/v2\/types\/post"}],"author":[{"embeddable":true,"href":"http:\/\/www.24baires.com\/index.php?rest_route=\/wp\/v2\/users\/4"}],"replies":[{"embeddable":true,"href":"http:\/\/www.24baires.com\/index.php?rest_route=%2Fwp%2Fv2%2Fcomments&post=67433"}],"version-history":[{"count":1,"href":"http:\/\/www.24baires.com\/index.php?rest_route=\/wp\/v2\/posts\/67433\/revisions"}],"predecessor-version":[{"id":67434,"href":"http:\/\/www.24baires.com\/index.php?rest_route=\/wp\/v2\/posts\/67433\/revisions\/67434"}],"wp:attachment":[{"href":"http:\/\/www.24baires.com\/index.php?rest_route=%2Fwp%2Fv2%2Fmedia&parent=67433"}],"wp:term":[{"taxonomy":"category","embeddable":true,"href":"http:\/\/www.24baires.com\/index.php?rest_route=%2Fwp%2Fv2%2Fcategories&post=67433"},{"taxonomy":"post_tag","embeddable":true,"href":"http:\/\/www.24baires.com\/index.php?rest_route=%2Fwp%2Fv2%2Ftags&post=67433"}],"curies":[{"name":"wp","href":"https:\/\/api.w.org\/{rel}","templated":true}]}}