{"id":67414,"date":"2015-06-11T19:07:58","date_gmt":"2015-06-11T22:07:58","guid":{"rendered":"http:\/\/www.24baires.com\/?p=67414"},"modified":"2015-06-11T19:07:58","modified_gmt":"2015-06-11T22:07:58","slug":"scioli-firmo-compromiso-para-obra-de-saneamiento-de-agua-y-cloacas","status":"publish","type":"post","link":"http:\/\/www.24baires.com\/?p=67414","title":{"rendered":"Scioli firm\u00f3 compromiso para obra de saneamiento de agua y cloacas"},"content":{"rendered":"<p><img data-recalc-dims=\"1\" loading=\"lazy\" decoding=\"async\" class=\"aligncenter size-full wp-image-67415\" src=\"https:\/\/i0.wp.com\/www.24baires.com\/wp-content\/uploads\/2015\/06\/scioli-calo.jpg?resize=560%2C400\" alt=\"scioli calo\" width=\"560\" height=\"400\" srcset=\"https:\/\/i0.wp.com\/www.24baires.com\/wp-content\/uploads\/2015\/06\/scioli-calo.jpg?w=560 560w, https:\/\/i0.wp.com\/www.24baires.com\/wp-content\/uploads\/2015\/06\/scioli-calo.jpg?resize=300%2C214 300w\" sizes=\"auto, (max-width: 560px) 100vw, 560px\" \/>El gobernador bonaerense y precandidato a presidente Daniel Scioli (FpV) destac\u00f3 \u00abla necesidad de planificar los pr\u00f3ximos desaf\u00edos que tenemos\u00bb, tras la firma de un acta de compromiso para ejecutar un plan federal de saneamiento de agua potable y cloacas para todo el pa\u00eds junto al secretario general del sindicato de Obras Sanitarias Jos\u00e9 Luis Lingeri y el titular de la CGT, Antonio Cal\u00f3 (UOM).<!--more--><\/p>\n<p>Ante un estadio Obras Sanitarias colmado, Scioli volvi\u00f3 a convocar \u00aba los trabajadores a que sean la garant\u00eda de la continuidad de las pol\u00edticas que se expresan en este espacio\u00bb del Frente para la Victoria.<\/p>\n<p>Con respecto al acta refrendada, el gobernador sostuvo que \u00abes un compromiso de honor que yo asumo con ustedes y con cada una de las provincias\u00bb, seg\u00fan un comunicado.<\/p>\n<p>Adem\u00e1s, Scioli agradeci\u00f3 a las empresas Aysa y Absa, y \u00abespecialmente a Julio Castro -secretario general de SOSBA- por haber logrado avanzar con la cobertura de agua potable y cloacas en nuestra Provincia, que era del 42% cuando asumimos y hoy es el 75%\u00bb.<\/p>\n<p>A su turno, Lingieri afirm\u00f3 que los trabajadores de Obras Sanitarias \u00abvamos a apoyar a Daniel, que va a ser el pr\u00f3ximo presidente de los argentinos. Nadie puede decir que no viene de una cuna peronista. Siempre ha acompa\u00f1ado con lealtad\u201d, remarc\u00f3.<\/p>\n<p>Tambi\u00e9n participaron del acto el jefe de Gabinete bonaerense, Alberto P\u00e9rez, y la ministra de Gobierno provincial, Cristina \u00c1lvarez Rodr\u00edguez.<\/p>\n","protected":false},"excerpt":{"rendered":"<p>El gobernador bonaerense y precandidato a presidente Daniel Scioli (FpV) destac\u00f3 \u00abla necesidad de planificar los pr\u00f3ximos desaf\u00edos que tenemos\u00bb, tras la firma de un acta de compromiso para ejecutar un plan federal de saneamiento de agua potable y cloacas para todo el pa\u00eds junto al secretario general del sindicato de Obras Sanitarias Jos\u00e9 Luis Lingeri y el titular de [&#8230;]<\/p>\n","protected":false},"author":8,"featured_media":0,"comment_status":"open","ping_status":"open","sticky":false,"template":"","format":"standard","meta":{"_jetpack_newsletter_access":"","_jetpack_dont_email_post_to_subs":false,"_jetpack_newsletter_tier_id":0,"_jetpack_memberships_contains_paywalled_content":false,"_jetpack_memberships_contains_paid_content":false,"footnotes":""},"categories":[51],"tags":[],"class_list":["post-67414","post","type-post","status-publish","format-standard","hentry","category-politica"],"jetpack_shortlink":"https:\/\/wp.me\/p2JWE0-hxk","jetpack-related-posts":[{"id":14546,"url":"http:\/\/www.24baires.com\/?p=14546","url_meta":{"origin":67414,"position":0},"title":"El Intendente Dura\u00f1ona denuncia falta de inversiones provinciales en cloacas y agua","author":"Grupo Sierra","date":"03\/02\/2013","format":false,"excerpt":"SAN ANTONIO DE ARECO.- El intendente Francisco \u201cPaco\u201d Dura\u00f1ona,\u00a0asegur\u00f3 que un 70% de la poblaci\u00f3n de Areco \"no tiene cloacas y no est\u00e1 previsto que el gobierno de la Provincia invierta en eso\". Critic\u00f3 al titular de ABSA, Guillermo Scarcella, y aclar\u00f3 que los problemas m\u00e1s urgentes se solucionaron gracias\u2026","rel":"","context":"En \u00abProvincia\u00bb","block_context":{"text":"Provincia","link":"http:\/\/www.24baires.com\/?cat=40"},"img":{"alt_text":"Duranona-san antonioareco","src":"https:\/\/i0.wp.com\/www.24baires.com\/wp-content\/uploads\/2013\/02\/Duranona-san-antonioareco-300x205.jpg?resize=350%2C200","width":350,"height":200},"classes":[]},{"id":101122,"url":"http:\/\/www.24baires.com\/?p=101122","url_meta":{"origin":67414,"position":1},"title":"Indagar\u00e1n a Scioli por irregularidades en la construcci\u00f3n de las UPA 24","author":"AF","date":"17\/03\/2018","format":false,"excerpt":"El ex gobernador Daniel Scioli y quien fuera su ministro de Salud, Alejandro Collia, fueron imputados y citados a prestar declaraci\u00f3n indagatoria en el marco de una causa que investiga presuntas irregularidades en la adjudicaci\u00f3n de ocho Unidades de Pronta Atenci\u00f3n (UPA 24) para las que se destinaron m\u00e1s de\u2026","rel":"","context":"En \u00abJUDICIALES\u00bb","block_context":{"text":"JUDICIALES","link":"http:\/\/www.24baires.com\/?cat=68"},"img":{"alt_text":"","src":"https:\/\/i0.wp.com\/www.24baires.com\/wp-content\/uploads\/2014\/05\/Daniel-Scioli.jpg?resize=350%2C200","width":350,"height":200,"srcset":"https:\/\/i0.wp.com\/www.24baires.com\/wp-content\/uploads\/2014\/05\/Daniel-Scioli.jpg?resize=350%2C200 1x, https:\/\/i0.wp.com\/www.24baires.com\/wp-content\/uploads\/2014\/05\/Daniel-Scioli.jpg?resize=525%2C300 1.5x"},"classes":[]},{"id":68817,"url":"http:\/\/www.24baires.com\/?p=68817","url_meta":{"origin":67414,"position":2},"title":"Dom\u00ednguez conf\u00eda en que \u00abquien gane las PASO va a ser el pr\u00f3ximo gobernador\u201d","author":"GB","date":"08\/07\/2015","format":false,"excerpt":"As\u00ed lo afirm\u00f3 el precandidato bonaerense Juli\u00e1n Dom\u00ednguez, quien manifest\u00f3 su confianza en la f\u00f3rmula que encabeza con Fernando Espinoza. \u201cQuien gane las PASO va a ser el pr\u00f3ximo gobernador de la provincia, por eso pido que nos ayuden porque creemos que somos la generaci\u00f3n que podemos expresar los sue\u00f1os\u2026","rel":"","context":"En \u00abElecciones 2015\u00bb","block_context":{"text":"Elecciones 2015","link":"http:\/\/www.24baires.com\/?cat=74"},"img":{"alt_text":"julian dominguez","src":"https:\/\/i0.wp.com\/www.24baires.com\/wp-content\/uploads\/2015\/07\/julian-dominguez.jpg?resize=350%2C200","width":350,"height":200,"srcset":"https:\/\/i0.wp.com\/www.24baires.com\/wp-content\/uploads\/2015\/07\/julian-dominguez.jpg?resize=350%2C200 1x, https:\/\/i0.wp.com\/www.24baires.com\/wp-content\/uploads\/2015\/07\/julian-dominguez.jpg?resize=525%2C300 1.5x"},"classes":[]},{"id":65197,"url":"http:\/\/www.24baires.com\/?p=65197","url_meta":{"origin":67414,"position":3},"title":"La Provincia inici\u00f3 la ampliaci\u00f3n de la red cloacal en Azul","author":"GB","date":"30\/04\/2015","format":false,"excerpt":"Mediante el Plan Cuidar, que impulsa el gobernador Daniel Scioli, se firm\u00f3 el acta para comenzar con la provisi\u00f3n de desag\u00fces cloacales a los barrios Santa Elena y Ceferino Namuncur\u00e1 del partido de Azul. Valuadas en m\u00e1s de 14 millones de pesos, son encaradas por el ministerio de Infraestructura que\u2026","rel":"","context":"En \u00abMunicipios\u00bb","block_context":{"text":"Municipios","link":"http:\/\/www.24baires.com\/?cat=44"},"img":{"alt_text":"","src":"","width":0,"height":0},"classes":[]},{"id":115784,"url":"http:\/\/www.24baires.com\/?p=115784","url_meta":{"origin":67414,"position":4},"title":"Provincia busca reactivar la econom\u00eda a trav\u00e9s de la obra p\u00fablica","author":"AF","date":"29\/07\/2020","format":false,"excerpt":"El gobernador bonaerense anunci\u00f3 trabajos viales, de agua y saneamiento en m\u00e1s de 40 municipios,que se realizar\u00e1n en conjunto con el Gobierno Nacional. El gobernador de la provincia de Buenos Aires, Axel Kicillof, junto al ministro de Obras P\u00fablicas de la Naci\u00f3n, Gabriel Katopodis, y su par provincial, Agust\u00edn Simone,\u2026","rel":"","context":"En \u00abProvincia\u00bb","block_context":{"text":"Provincia","link":"http:\/\/www.24baires.com\/?cat=40"},"img":{"alt_text":"","src":"https:\/\/i0.wp.com\/www.24baires.com\/wp-content\/uploads\/2020\/07\/kicillof-zoom.jpeg?resize=350%2C200","width":350,"height":200,"srcset":"https:\/\/i0.wp.com\/www.24baires.com\/wp-content\/uploads\/2020\/07\/kicillof-zoom.jpeg?resize=350%2C200 1x, https:\/\/i0.wp.com\/www.24baires.com\/wp-content\/uploads\/2020\/07\/kicillof-zoom.jpeg?resize=525%2C300 1.5x"},"classes":[]},{"id":68204,"url":"http:\/\/www.24baires.com\/?p=68204","url_meta":{"origin":67414,"position":5},"title":"Scioli: \u201cUn Estado solidario debe tener muy presente la agenda del Papa Francisco\u00bb","author":"AF","date":"26\/06\/2015","format":false,"excerpt":"El gobernador bonaerense y candidato a presidente del Frente para la Victoria (FpV), Daniel Scioli, afirm\u00f3 que \u201cun Estado solidario debe tener muy presente la agenda del papa Francisco\u201d y adem\u00e1s consider\u00f3 que \u201cel Estado debe tener un rol social, activo y solidario\u201d. En el marco de la apertura de\u2026","rel":"","context":"En \u00abLocales\u00bb","block_context":{"text":"Locales","link":"http:\/\/www.24baires.com\/?cat=38"},"img":{"alt_text":"scioli 1","src":"https:\/\/i0.wp.com\/www.24baires.com\/wp-content\/uploads\/2015\/01\/scioli-1.jpg?resize=350%2C200","width":350,"height":200,"srcset":"https:\/\/i0.wp.com\/www.24baires.com\/wp-content\/uploads\/2015\/01\/scioli-1.jpg?resize=350%2C200 1x, https:\/\/i0.wp.com\/www.24baires.com\/wp-content\/uploads\/2015\/01\/scioli-1.jpg?resize=525%2C300 1.5x"},"classes":[]}],"jetpack_sharing_enabled":true,"jetpack_likes_enabled":true,"jetpack_featured_media_url":"","_links":{"self":[{"href":"http:\/\/www.24baires.com\/index.php?rest_route=\/wp\/v2\/posts\/67414","targetHints":{"allow":["GET"]}}],"collection":[{"href":"http:\/\/www.24baires.com\/index.php?rest_route=\/wp\/v2\/posts"}],"about":[{"href":"http:\/\/www.24baires.com\/index.php?rest_route=\/wp\/v2\/types\/post"}],"author":[{"embeddable":true,"href":"http:\/\/www.24baires.com\/index.php?rest_route=\/wp\/v2\/users\/8"}],"replies":[{"embeddable":true,"href":"http:\/\/www.24baires.com\/index.php?rest_route=%2Fwp%2Fv2%2Fcomments&post=67414"}],"version-history":[{"count":1,"href":"http:\/\/www.24baires.com\/index.php?rest_route=\/wp\/v2\/posts\/67414\/revisions"}],"predecessor-version":[{"id":67416,"href":"http:\/\/www.24baires.com\/index.php?rest_route=\/wp\/v2\/posts\/67414\/revisions\/67416"}],"wp:attachment":[{"href":"http:\/\/www.24baires.com\/index.php?rest_route=%2Fwp%2Fv2%2Fmedia&parent=67414"}],"wp:term":[{"taxonomy":"category","embeddable":true,"href":"http:\/\/www.24baires.com\/index.php?rest_route=%2Fwp%2Fv2%2Fcategories&post=67414"},{"taxonomy":"post_tag","embeddable":true,"href":"http:\/\/www.24baires.com\/index.php?rest_route=%2Fwp%2Fv2%2Ftags&post=67414"}],"curies":[{"name":"wp","href":"https:\/\/api.w.org\/{rel}","templated":true}]}}