{"id":67401,"date":"2015-06-11T16:11:27","date_gmt":"2015-06-11T19:11:27","guid":{"rendered":"http:\/\/www.24baires.com\/?p=67401"},"modified":"2015-06-12T11:02:51","modified_gmt":"2015-06-12T14:02:51","slug":"randazzo-vs-la-fraternidad-estos-sindicalistas-no-me-van-a-doblar-el-brazo","status":"publish","type":"post","link":"http:\/\/www.24baires.com\/?p=67401","title":{"rendered":"Randazzo vs La Fraternidad: \u00abEstos sindicalistas no me van a doblar el brazo\u00bb"},"content":{"rendered":"<p><img data-recalc-dims=\"1\" loading=\"lazy\" decoding=\"async\" class=\"aligncenter size-full wp-image-38437\" src=\"https:\/\/i0.wp.com\/www.24baires.com\/wp-content\/uploads\/2014\/01\/randazzo-1.jpg?resize=560%2C333\" alt=\"randazzo 1\" width=\"560\" height=\"333\" srcset=\"https:\/\/i0.wp.com\/www.24baires.com\/wp-content\/uploads\/2014\/01\/randazzo-1.jpg?w=560 560w, https:\/\/i0.wp.com\/www.24baires.com\/wp-content\/uploads\/2014\/01\/randazzo-1.jpg?resize=300%2C178 300w\" sizes=\"auto, (max-width: 560px) 100vw, 560px\" \/>El ministro de Interior y Transporte, Florencio Randazzo, arremeti\u00f3 contra el l\u00edder de La Fraternidad, Omar Maturano, quien amenaz\u00f3 con un paro por la detenci\u00f3n de los maquinistas involucrados en el choque de Temperley. <!--more--><\/p>\n<p>El ministro de Interior y Transporte y precandidato presidencial del Frente para la Victoria, Florencio Randazzo, recibi\u00f3 este jueves en el puerto de Buenos Aires 72 nuevos coches 0km fabricados en China que se incorporar\u00e1n a la l\u00ednea Roca.<\/p>\n<p>Mientras la justicia sigue investigando las circunstancias del accidente ocurrido el domingo pasado en la estaci\u00f3n Temperley del Roca, el ministro dispar\u00f3 contra el secretario general de La Fraternidad, Omar Maturano, que amenaz\u00f3 con un paro si los dos motorman involucrados en el siniestro son enjuiciados.<\/p>\n<p>\u00abLes digo a estos dirigentes sindicales que por m\u00e1s que nos amenacen con paros, a nosotros no nos van a detener, vamos a defender a los buenos trabajadores del ferrocarril y a los pasajeros principalmente\u00bb asegur\u00f3 el ministro en di\u00e1logo con Radio 10 y record\u00f3 que desde la cartera que conduce ya entregaron \u00aba la justicia toda la informaci\u00f3n que ten\u00edamos para dar\u00bb.<\/p>\n<p>Y sentenci\u00f3: \u00abLo que no vamos a permitir es que este tipo de hechos queden impunes. Est\u00e1 claro que hab\u00eda sem\u00e1foros en rojo, est\u00e1n las grabaciones del se\u00f1alero indic\u00e1ndole en diez oportunidades al motorman que parase\u00bb.<\/p>\n<p>\u00abConmigo no van a poder, a m\u00ed no me van a doblar el brazo\u00bb advirti\u00f3 Randazzo que horas despu\u00e9s del siniestro lo vincul\u00f3 con su precandidatura presidencial, el calendario electoral que comienza a transitar momentos decisivos y el paro nacional encabezado el martes pasado por gremios opositores y al que adhiri\u00f3 La Fraternidad.<\/p>\n<p>\u00abMaturano est\u00e1 muy lejos de defender a los trabajadores, los maquinistas son los que m\u00e1s ganan, son beneficiarios directos de este proceso de renovaci\u00f3n con el que estamos incorporando 1.250 coches 0km y quieren amenazar con un paro que perjudicar\u00e1 a los trabajadores que menos ganan\u201d, dispar\u00f3 y denunci\u00f3: \u00abviven poniendo palos en las ruedas\u00bb.<\/p>\n<p>\u00abEst\u00e1 demostrado que somos capaces de transformar el sistema y lo hemos hecho a pesar de estos dirigentes sindicales que deber\u00edan ser los primeros abanderados de la defensa de una transformaci\u00f3n tan importante como la que ha decidido la Presidenta y que nosotros estamos instrumentando\u00bb, concluy\u00f3 Randazzo.<\/p>\n<p>&nbsp;<\/p>\n<p>&nbsp;<\/p>\n<p>&nbsp;<\/p>\n<p>&nbsp;<\/p>\n<p>&nbsp;<\/p>\n<p>&nbsp;<\/p>\n<p>&nbsp;<\/p>\n<p>&nbsp;<\/p>\n<p>&nbsp;<\/p>\n<p>&nbsp;<\/p>\n<p>&nbsp;<\/p>\n<p>&nbsp;<\/p>\n<p>&nbsp;<\/p>\n<p>&nbsp;<\/p>\n<p>&nbsp;<\/p>\n<p>&nbsp;<\/p>\n<p>&nbsp;<\/p>\n","protected":false},"excerpt":{"rendered":"<p>El ministro de Interior y Transporte, Florencio Randazzo, arremeti\u00f3 contra el l\u00edder de La Fraternidad, Omar Maturano, quien amenaz\u00f3 con un paro por la detenci\u00f3n de los maquinistas involucrados en el choque de Temperley.<\/p>\n","protected":false},"author":8,"featured_media":0,"comment_status":"open","ping_status":"open","sticky":false,"template":"","format":"standard","meta":{"_jetpack_newsletter_access":"","_jetpack_dont_email_post_to_subs":false,"_jetpack_newsletter_tier_id":0,"_jetpack_memberships_contains_paywalled_content":false,"_jetpack_memberships_contains_paid_content":false,"footnotes":""},"categories":[51],"tags":[],"class_list":["post-67401","post","type-post","status-publish","format-standard","hentry","category-politica"],"jetpack_shortlink":"https:\/\/wp.me\/p2JWE0-hx7","jetpack-related-posts":[{"id":67103,"url":"http:\/\/www.24baires.com\/?p=67103","url_meta":{"origin":67401,"position":0},"title":"Randazzo: \u00abEl paro es un desprop\u00f3sito\u00bb","author":"AF","date":"05\/06\/2015","format":false,"excerpt":"El ministro de Interior y Transporte, Florencio Randazzo, critic\u00f3 este viernes el paro de 24 horas convocado por el sindicalismo opositor para el pr\u00f3ximo martes. \u201cMe parece un desprop\u00f3sito frente a un gobierno que ha tenido pol\u00edticas p\u00fablicas en relaci\u00f3n al transporte como ning\u00fan otro gobierno\u201d, asever\u00f3 el funcionario. Carg\u00f3\u2026","rel":"","context":"En \u00abSociedad\u00bb","block_context":{"text":"Sociedad","link":"http:\/\/www.24baires.com\/?cat=1"},"img":{"alt_text":"randazzo 1","src":"https:\/\/i0.wp.com\/www.24baires.com\/wp-content\/uploads\/2014\/01\/randazzo-1.jpg?resize=350%2C200","width":350,"height":200,"srcset":"https:\/\/i0.wp.com\/www.24baires.com\/wp-content\/uploads\/2014\/01\/randazzo-1.jpg?resize=350%2C200 1x, https:\/\/i0.wp.com\/www.24baires.com\/wp-content\/uploads\/2014\/01\/randazzo-1.jpg?resize=525%2C300 1.5x"},"classes":[]},{"id":67310,"url":"http:\/\/www.24baires.com\/?p=67310","url_meta":{"origin":67401,"position":1},"title":"Amenaza de paro por la detenci\u00f3n del maquinista de Temperley","author":"GB","date":"10\/06\/2015","format":false,"excerpt":"\"La Fraternidad\" consider\u00f3 \"inusitado y sospechoso\" el accionar de la Justicia en el caso por el choque de trenes ocurrido en la L\u00ednea Roca el domingo pasado. La medida de fuerza ser\u00eda por tiempo indeterminado. Luego de realizar asambleas seccionales de la L\u00ednea General Roca, La Fraternidad eval\u00faa ordenar un\u2026","rel":"","context":"En \u00abSociedad\u00bb","block_context":{"text":"Sociedad","link":"http:\/\/www.24baires.com\/?cat=1"},"img":{"alt_text":"choque temperley","src":"https:\/\/i0.wp.com\/www.24baires.com\/wp-content\/uploads\/2015\/06\/choque-temperley.jpg?resize=350%2C200","width":350,"height":200,"srcset":"https:\/\/i0.wp.com\/www.24baires.com\/wp-content\/uploads\/2015\/06\/choque-temperley.jpg?resize=350%2C200 1x, https:\/\/i0.wp.com\/www.24baires.com\/wp-content\/uploads\/2015\/06\/choque-temperley.jpg?resize=525%2C300 1.5x"},"classes":[]},{"id":27508,"url":"http:\/\/www.24baires.com\/?p=27508","url_meta":{"origin":67401,"position":2},"title":"\u00abPresentaremos una denuncia penal contra La Fraternidad y su titular\u00bb","author":"Grupo Sierra","date":"03\/07\/2013","format":false,"excerpt":"El ministro del Interior y Transporte, Florencio Randazzo, calific\u00f3 como \"salvaje y sorpresivo\" el paro de los maquinistas ferroviarios y dijo que ma\u00f1ana se presentar\u00e1 \"una denuncia penal contra La Fraternidad y su titular, Omar Maturano\". El ministro remarc\u00f3 que el paro se origin\u00f3 por la negativa de los maquinistas\u2026","rel":"","context":"En \u00abPoliciales\u00bb","block_context":{"text":"Policiales","link":"http:\/\/www.24baires.com\/?cat=49"},"img":{"alt_text":"","src":"","width":0,"height":0},"classes":[]},{"id":27696,"url":"http:\/\/www.24baires.com\/?p=27696","url_meta":{"origin":67401,"position":3},"title":"La Justicia acept\u00f3 la denuncia del Gobierno y se instalan m\u00e1s c\u00e1maras en las cabinas","author":"AF","date":"06\/07\/2013","format":false,"excerpt":"El fiscal requiri\u00f3 la producci\u00f3n de medidas de pruebas en la denuncia que el ministro del Interior y Transporte, Florencio Randazzo, realiz\u00f3 contra el secretario general de \"La Fraternidad\", Omar Maturano. Mientras tanto, la Unidad de Gesti\u00f3n Operativa Mitre Sarmiento precis\u00f3 que la semana pr\u00f3xima se terminar\u00e1 con la instalaci\u00f3n\u2026","rel":"","context":"En \u00abSociedad\u00bb","block_context":{"text":"Sociedad","link":"http:\/\/www.24baires.com\/?cat=1"},"img":{"alt_text":"Tren Roca Quilmes","src":"https:\/\/i0.wp.com\/www.24baires.com\/wp-content\/uploads\/2013\/02\/Tren-Roca-Quilmes-300x225.jpg?resize=350%2C200","width":350,"height":200},"classes":[]},{"id":52626,"url":"http:\/\/www.24baires.com\/?p=52626","url_meta":{"origin":67401,"position":4},"title":"Randazzo denunci\u00f3 a Sobrero por impedir el funcionamiento de trenes","author":"AF","date":"28\/08\/2014","format":false,"excerpt":"El ministro de Interior y Transporte, Florencio Randazzo, indic\u00f3 que la medida de fuerza, convocada por las centrales opositoras al Gobierno nacional, \"est\u00e1 muy lejos de lo que hoy demanda el conjunto de los argentinos\". El ministro denunci\u00f3 tambi\u00e9n la rotura de una de las formaciones de la l\u00ednea Sarmiento\u2026","rel":"","context":"En \u00abSociedad\u00bb","block_context":{"text":"Sociedad","link":"http:\/\/www.24baires.com\/?cat=1"},"img":{"alt_text":"randazzo san martin","src":"https:\/\/i0.wp.com\/www.24baires.com\/wp-content\/uploads\/2014\/05\/randazzo-san-martin.jpg?resize=350%2C200","width":350,"height":200,"srcset":"https:\/\/i0.wp.com\/www.24baires.com\/wp-content\/uploads\/2014\/05\/randazzo-san-martin.jpg?resize=350%2C200 1x, https:\/\/i0.wp.com\/www.24baires.com\/wp-content\/uploads\/2014\/05\/randazzo-san-martin.jpg?resize=525%2C300 1.5x"},"classes":[]},{"id":65103,"url":"http:\/\/www.24baires.com\/?p=65103","url_meta":{"origin":67401,"position":5},"title":"\u00abMacri y sus viejos amigos sindicalistas piden un ajuste, y eso siempre perjudica a los trabajadores\u00bb","author":"AF","date":"29\/04\/2015","format":false,"excerpt":"El ministro del Interior y Transporte, Florencio Randazzo, calific\u00f3 de \"lamentable\" que haya sindicalistas del transporte que \"pidan un aumento del boleto de tren, ya que ser\u00eda una medida que atentar\u00eda directamente contra el bolsillo de los trabajadores\". \"Macri y sus viejos amigos sindicalistas son tan poco serios que proponen\u2026","rel":"","context":"En \u00abSociedad\u00bb","block_context":{"text":"Sociedad","link":"http:\/\/www.24baires.com\/?cat=1"},"img":{"alt_text":"randazzo-tres","src":"https:\/\/i0.wp.com\/www.24baires.com\/wp-content\/uploads\/2014\/10\/randazzo-tres.jpg?resize=350%2C200","width":350,"height":200,"srcset":"https:\/\/i0.wp.com\/www.24baires.com\/wp-content\/uploads\/2014\/10\/randazzo-tres.jpg?resize=350%2C200 1x, https:\/\/i0.wp.com\/www.24baires.com\/wp-content\/uploads\/2014\/10\/randazzo-tres.jpg?resize=525%2C300 1.5x"},"classes":[]}],"jetpack_sharing_enabled":true,"jetpack_likes_enabled":true,"jetpack_featured_media_url":"","_links":{"self":[{"href":"http:\/\/www.24baires.com\/index.php?rest_route=\/wp\/v2\/posts\/67401","targetHints":{"allow":["GET"]}}],"collection":[{"href":"http:\/\/www.24baires.com\/index.php?rest_route=\/wp\/v2\/posts"}],"about":[{"href":"http:\/\/www.24baires.com\/index.php?rest_route=\/wp\/v2\/types\/post"}],"author":[{"embeddable":true,"href":"http:\/\/www.24baires.com\/index.php?rest_route=\/wp\/v2\/users\/8"}],"replies":[{"embeddable":true,"href":"http:\/\/www.24baires.com\/index.php?rest_route=%2Fwp%2Fv2%2Fcomments&post=67401"}],"version-history":[{"count":1,"href":"http:\/\/www.24baires.com\/index.php?rest_route=\/wp\/v2\/posts\/67401\/revisions"}],"predecessor-version":[{"id":67402,"href":"http:\/\/www.24baires.com\/index.php?rest_route=\/wp\/v2\/posts\/67401\/revisions\/67402"}],"wp:attachment":[{"href":"http:\/\/www.24baires.com\/index.php?rest_route=%2Fwp%2Fv2%2Fmedia&parent=67401"}],"wp:term":[{"taxonomy":"category","embeddable":true,"href":"http:\/\/www.24baires.com\/index.php?rest_route=%2Fwp%2Fv2%2Fcategories&post=67401"},{"taxonomy":"post_tag","embeddable":true,"href":"http:\/\/www.24baires.com\/index.php?rest_route=%2Fwp%2Fv2%2Ftags&post=67401"}],"curies":[{"name":"wp","href":"https:\/\/api.w.org\/{rel}","templated":true}]}}