{"id":67329,"date":"2015-06-10T13:21:28","date_gmt":"2015-06-10T16:21:28","guid":{"rendered":"http:\/\/www.24baires.com\/?p=67329"},"modified":"2015-06-10T13:21:28","modified_gmt":"2015-06-10T16:21:28","slug":"cristina-volvio-al-pais-y-esta-tarde-encabezara-un-acto-en-el-museo-malvinas","status":"publish","type":"post","link":"http:\/\/www.24baires.com\/?p=67329","title":{"rendered":"Cristina volvi\u00f3 al pa\u00eds y esta tarde encabezar\u00e1 un acto en el Museo Malvinas"},"content":{"rendered":"<p><img data-recalc-dims=\"1\" loading=\"lazy\" decoding=\"async\" class=\"aligncenter wp-image-63227 size-full\" src=\"https:\/\/i0.wp.com\/www.24baires.com\/wp-content\/uploads\/2015\/03\/cristina-agro.jpg?resize=560%2C384\" alt=\"cristina agro\" width=\"560\" height=\"384\" srcset=\"https:\/\/i0.wp.com\/www.24baires.com\/wp-content\/uploads\/2015\/03\/cristina-agro.jpg?w=560 560w, https:\/\/i0.wp.com\/www.24baires.com\/wp-content\/uploads\/2015\/03\/cristina-agro.jpg?resize=300%2C206 300w\" sizes=\"auto, (max-width: 560px) 100vw, 560px\" \/>La Presidenta arrib\u00f3 a las 7.15 a la Base A\u00e9rea Militar del Aeroparque metropolitano proveniente de Italia y a las 18 tiene previsto conmemorar en la ex ESMA el D\u00eda de la Reafirmaci\u00f3n de los Derechos Soberanos sobre las Islas.<!--more--><\/p>\n<p>Seg\u00fan informaron fuentes oficiales, la ceremonia se llevar\u00e1 a cabo a partir de las 18 en el Museo de Malvinas.<\/p>\n<p>El Tango 01 aterriz\u00f3 cerca de las 7.15 en la Base A\u00e9rea Militar Aeroparque procedente de Roma, donde la jefa de Estado cumpli\u00f3 una intensa agenda que incluy\u00f3 varias reuniones, entre ellas una con el sumo pont\u00edfice.<\/p>\n<p>En tanto, en Roma, la Presidenta recibi\u00f3 el lunes una menci\u00f3n de la FAO por la lucha encarada por el gobierno argentino contra el hambre.<\/p>\n<p>La \u00faltima jornada de su visita a Italia estuvo signada por su participaci\u00f3n en la inauguraci\u00f3n del pabell\u00f3n argentino en la Expo Mil\u00e1n 2015.<\/p>\n<p>En las jornadas anteriores, Cristina Kirchner hab\u00eda mantenido un encuentro con el presidente de Italia, Sergio Mattarella, como as\u00ed tambi\u00e9n con el ex mandatario brasile\u00f1o Luiz In\u00e1cio Lula Da Silva.<\/p>\n<p>Por \u00faltimo, tambi\u00e9n recibi\u00f3 a un grupo de cient\u00edficos argentinos residentes en Italia.<\/p>\n<p>&nbsp;<\/p>\n<p>&nbsp;<\/p>\n<p>&nbsp;<\/p>\n<p>&nbsp;<\/p>\n<p>&nbsp;<\/p>\n<p>&nbsp;<\/p>\n<p>&nbsp;<\/p>\n<p>&nbsp;<\/p>\n<p>&nbsp;<\/p>\n<p>&nbsp;<\/p>\n<p>&nbsp;<\/p>\n<p>&nbsp;<\/p>\n<p>&nbsp;<\/p>\n<p>&nbsp;<\/p>\n<p>&nbsp;<\/p>\n","protected":false},"excerpt":{"rendered":"<p>La Presidenta arrib\u00f3 a las 7.15 a la Base A\u00e9rea Militar del Aeroparque metropolitano proveniente de Italia y a las 18 tiene previsto conmemorar en la ex ESMA el D\u00eda de la Reafirmaci\u00f3n de los Derechos Soberanos sobre las Islas.<\/p>\n","protected":false},"author":8,"featured_media":0,"comment_status":"open","ping_status":"open","sticky":false,"template":"","format":"standard","meta":{"_jetpack_newsletter_access":"","_jetpack_dont_email_post_to_subs":false,"_jetpack_newsletter_tier_id":0,"_jetpack_memberships_contains_paywalled_content":false,"_jetpack_memberships_contains_paid_content":false,"footnotes":""},"categories":[51],"tags":[],"class_list":["post-67329","post","type-post","status-publish","format-standard","hentry","category-politica"],"jetpack_shortlink":"https:\/\/wp.me\/p2JWE0-hvX","jetpack-related-posts":[{"id":39237,"url":"http:\/\/www.24baires.com\/?p=39237","url_meta":{"origin":67329,"position":0},"title":"Cristina ya est\u00e1 en Cuba a la espera del inicio de la Cumbre de la CELAC","author":"Grupo Sierra","date":"25\/01\/2014","format":false,"excerpt":"Cristina Fern\u00e1ndez de Kirchner lleg\u00f3 pasadas las 7.15 (hora de Cuba, 9.15 hora argentina) al aeropuerto Jos\u00e9 Mart\u00ed de La Habana, para participar en la II Cumbre de la Comunidad de Estados Latinoamericanos y Caribe\u00f1os, que tendr\u00e1 lugar en esta ciudad entre el 28 y 29 de enero. La jefa\u2026","rel":"","context":"En \u00abPol\u00edtica\u00bb","block_context":{"text":"Pol\u00edtica","link":"http:\/\/www.24baires.com\/?cat=51"},"img":{"alt_text":"","src":"","width":0,"height":0},"classes":[]},{"id":112214,"url":"http:\/\/www.24baires.com\/?p=112214","url_meta":{"origin":67329,"position":1},"title":"Denuncian a Macri y a varios ministros por \u00abtraici\u00f3n a la patria\u00bb","author":"GB","date":"24\/09\/2019","format":false,"excerpt":"Es por la entrega de la Soberan\u00eda Argentina al Reino Unido en relaci\u00f3n a la explotaci\u00f3n de recursos naturales, gas hidrocarburos y la libre navegaci\u00f3n del espacio a\u00e9reo. El presidente Mauricio Macri, el ministro de Transporte Guillermo Dietrich, el ministro de Energ\u00eda Gustavo Lopetegui y el canciller Jorge Faurie fueron\u2026","rel":"","context":"En \u00abPol\u00edtica\u00bb","block_context":{"text":"Pol\u00edtica","link":"http:\/\/www.24baires.com\/?cat=51"},"img":{"alt_text":"","src":"https:\/\/i0.wp.com\/www.24baires.com\/wp-content\/uploads\/2019\/09\/Macri-y-ministros.jpg?resize=350%2C200","width":350,"height":200,"srcset":"https:\/\/i0.wp.com\/www.24baires.com\/wp-content\/uploads\/2019\/09\/Macri-y-ministros.jpg?resize=350%2C200 1x, https:\/\/i0.wp.com\/www.24baires.com\/wp-content\/uploads\/2019\/09\/Macri-y-ministros.jpg?resize=525%2C300 1.5x"},"classes":[]},{"id":107460,"url":"http:\/\/www.24baires.com\/?p=107460","url_meta":{"origin":67329,"position":2},"title":"Desde este lunes Aeroparque solo operar\u00e1 vuelos de cabotaje","author":"GB","date":"01\/04\/2019","format":false,"excerpt":"Es por el plan de desregionalizaci\u00f3n del aeropuerto porte\u00f1o, que busca evitar su saturaci\u00f3n por los vuelos a pa\u00edses lim\u00edtrofes. Todos los vuelos internacionales se realizar\u00e1n desde Ezeiza. El Aeroparque Jorge Newbery comenzar\u00e1 a operar desde este lunes solamente vuelos de cabotaje y con destino a Uruguay, lo que implica\u2026","rel":"","context":"En \u00abSociedad\u00bb","block_context":{"text":"Sociedad","link":"http:\/\/www.24baires.com\/?cat=1"},"img":{"alt_text":"","src":"https:\/\/i0.wp.com\/www.24baires.com\/wp-content\/uploads\/2014\/08\/aeropuerto.png?resize=350%2C200","width":350,"height":200,"srcset":"https:\/\/i0.wp.com\/www.24baires.com\/wp-content\/uploads\/2014\/08\/aeropuerto.png?resize=350%2C200 1x, https:\/\/i0.wp.com\/www.24baires.com\/wp-content\/uploads\/2014\/08\/aeropuerto.png?resize=525%2C300 1.5x"},"classes":[]},{"id":111323,"url":"http:\/\/www.24baires.com\/?p=111323","url_meta":{"origin":67329,"position":3},"title":"Los pilotos vuelven a protestar en Aeroparque","author":"AF","date":"25\/07\/2019","format":false,"excerpt":"El jefe de Uni\u00f3n de Aviadores de L\u00edneas A\u00e9reas, Cristian Erhardt, encabez\u00f3 una peque\u00f1a conferencia de prensa antes de repartir volantes a los pasajeros en Aeroparque. En medio del conflicto con Aerol\u00edneas Argentinas, los pilotos de aviones iniciaron una nueva jornada de protestas que no afecta a ning\u00fan vuelo, para\u2026","rel":"","context":"En \u00abSociedad\u00bb","block_context":{"text":"Sociedad","link":"http:\/\/www.24baires.com\/?cat=1"},"img":{"alt_text":"","src":"https:\/\/i0.wp.com\/www.24baires.com\/wp-content\/uploads\/2019\/07\/piloto-aeroparque.jpg?resize=350%2C200","width":350,"height":200,"srcset":"https:\/\/i0.wp.com\/www.24baires.com\/wp-content\/uploads\/2019\/07\/piloto-aeroparque.jpg?resize=350%2C200 1x, https:\/\/i0.wp.com\/www.24baires.com\/wp-content\/uploads\/2019\/07\/piloto-aeroparque.jpg?resize=525%2C300 1.5x"},"classes":[]},{"id":42784,"url":"http:\/\/www.24baires.com\/?p=42784","url_meta":{"origin":67329,"position":4},"title":"Cristina y la esperada inauguraci\u00f3n de obras en Aeroparque","author":"Grupo Sierra","date":"26\/03\/2014","format":false,"excerpt":"La presidenta Cristina Fern\u00e1ndez de Kirchner mostrar\u00e1 esta tarde las obras de ampliaci\u00f3n del aeroparque metropolitano Jorge Newbery, y luego recibir\u00e1 en Olivos a directivos de la firma DirecTV por inversiones en Argentina. En primer lugar, la mandataria encabezar\u00e1 a las 18 la inauguraci\u00f3n dos nuevos edificios en el Aeroparque\u2026","rel":"","context":"En \u00abGeneral\u00bb","block_context":{"text":"General","link":"http:\/\/www.24baires.com\/?cat=67"},"img":{"alt_text":"cristina sesiones 2014","src":"https:\/\/i0.wp.com\/www.24baires.com\/wp-content\/uploads\/2014\/03\/cristina-sesiones-2014.jpg?resize=350%2C200","width":350,"height":200,"srcset":"https:\/\/i0.wp.com\/www.24baires.com\/wp-content\/uploads\/2014\/03\/cristina-sesiones-2014.jpg?resize=350%2C200 1x, https:\/\/i0.wp.com\/www.24baires.com\/wp-content\/uploads\/2014\/03\/cristina-sesiones-2014.jpg?resize=525%2C300 1.5x"},"classes":[]},{"id":42815,"url":"http:\/\/www.24baires.com\/?p=42815","url_meta":{"origin":67329,"position":5},"title":"La presidenta inaugur\u00f3 los nuevos edificios del aeroparque porte\u00f1o","author":"GB","date":"26\/03\/2014","format":false,"excerpt":"La presidenta inaugur\u00f3 obras que duplicar\u00e1n la capacidad operativa de Aeroparque Jorge Newbery, y luego recibir\u00e1 en Olivos a directivos de la firma DirecTV por inversiones en Argentina. La presidenta Cristina Fern\u00e1ndez de Kirchner destac\u00f3 \"la transformaci\u00f3n del Aeroparque desde que se increment\u00f3 la econom\u00eda y el turismo\" a partir\u2026","rel":"","context":"En \u00abPol\u00edtica\u00bb","block_context":{"text":"Pol\u00edtica","link":"http:\/\/www.24baires.com\/?cat=51"},"img":{"alt_text":"cristina aeroparque","src":"https:\/\/i0.wp.com\/www.24baires.com\/wp-content\/uploads\/2014\/03\/cristina-aeroparque-300x199.jpg?resize=350%2C200","width":350,"height":200},"classes":[]}],"jetpack_sharing_enabled":true,"jetpack_likes_enabled":true,"jetpack_featured_media_url":"","_links":{"self":[{"href":"http:\/\/www.24baires.com\/index.php?rest_route=\/wp\/v2\/posts\/67329","targetHints":{"allow":["GET"]}}],"collection":[{"href":"http:\/\/www.24baires.com\/index.php?rest_route=\/wp\/v2\/posts"}],"about":[{"href":"http:\/\/www.24baires.com\/index.php?rest_route=\/wp\/v2\/types\/post"}],"author":[{"embeddable":true,"href":"http:\/\/www.24baires.com\/index.php?rest_route=\/wp\/v2\/users\/8"}],"replies":[{"embeddable":true,"href":"http:\/\/www.24baires.com\/index.php?rest_route=%2Fwp%2Fv2%2Fcomments&post=67329"}],"version-history":[{"count":1,"href":"http:\/\/www.24baires.com\/index.php?rest_route=\/wp\/v2\/posts\/67329\/revisions"}],"predecessor-version":[{"id":67330,"href":"http:\/\/www.24baires.com\/index.php?rest_route=\/wp\/v2\/posts\/67329\/revisions\/67330"}],"wp:attachment":[{"href":"http:\/\/www.24baires.com\/index.php?rest_route=%2Fwp%2Fv2%2Fmedia&parent=67329"}],"wp:term":[{"taxonomy":"category","embeddable":true,"href":"http:\/\/www.24baires.com\/index.php?rest_route=%2Fwp%2Fv2%2Fcategories&post=67329"},{"taxonomy":"post_tag","embeddable":true,"href":"http:\/\/www.24baires.com\/index.php?rest_route=%2Fwp%2Fv2%2Ftags&post=67329"}],"curies":[{"name":"wp","href":"https:\/\/api.w.org\/{rel}","templated":true}]}}