{"id":67320,"date":"2015-06-10T12:00:57","date_gmt":"2015-06-10T15:00:57","guid":{"rendered":"http:\/\/www.24baires.com\/?p=67320"},"modified":"2015-06-10T11:56:56","modified_gmt":"2015-06-10T14:56:56","slug":"docentes-denunciaran-al-gobierno-bonaerense-por-irregularidades-en-el-pago-de-sueldos","status":"publish","type":"post","link":"http:\/\/www.24baires.com\/?p=67320","title":{"rendered":"Docentes denunciar\u00e1n al gobierno bonaerense por \u00abirregularidades\u00bb en el pago de sueldos"},"content":{"rendered":"<p><img data-recalc-dims=\"1\" loading=\"lazy\" decoding=\"async\" class=\"alignleft size-full wp-image-2635\" src=\"https:\/\/i0.wp.com\/www.24baires.com\/wp-content\/uploads\/2012\/10\/SUTEBA-BARADEL.jpg?resize=320%2C200\" alt=\"SUTEBA BARADEL\" width=\"320\" height=\"200\" srcset=\"https:\/\/i0.wp.com\/www.24baires.com\/wp-content\/uploads\/2012\/10\/SUTEBA-BARADEL.jpg?w=320 320w, https:\/\/i0.wp.com\/www.24baires.com\/wp-content\/uploads\/2012\/10\/SUTEBA-BARADEL.jpg?resize=300%2C187 300w\" sizes=\"auto, (max-width: 320px) 100vw, 320px\" \/>Docentes bonaerenses nucleados en el Sindicato Unificado de Trabajadores de la Educaci\u00f3n de Buenos Aires (Suteba) anunciaron hoy que realizar\u00e1n una presentaci\u00f3n en la justicia contencioso administrativa por \u201cirregularidades\u201d en la liquidaci\u00f3n de haberes de \u00abm\u00e1s de 20 mil docentes\u00bb.<!--more--><\/p>\n<p>\u201cVenimos subsanando esta situaci\u00f3n con alcances y liquidaciones extraordinarias para que los docentes no dejen de cobrar el mismo mes pero se hace insoportable que todos los meses pase lo mismo\u201d, dijo Roberto Baradel, titular del gremio, en conferencia de prensa.<\/p>\n<p>El gremialista indic\u00f3 que esta situaci\u00f3n se debe a que \u201clos equipamientos que tiene la Direcci\u00f3n General de Cultura y Educaci\u00f3n son obsoletos y hay que renovarlos y hay que descentralizar para que en los distritos se puedan cargar las novedades para que los docentes cobren en tiempo y forma\u201d.<\/p>\n<p>\u201cVamos a ir a la justicia y al Ministerio de Trabajo\u201d, afirm\u00f3 Baradel.<\/p>\n<p>Asimismo , remarc\u00f3 que el sindicato est\u00e1 \u201cen desacuerdo con el proyecto de ley del c\u00f3digo educativo\u201d que se pretende llevar adelante en la provincia de Buenos Aires \u201cporque modifica y avanza sobre las condiciones laborales de los docentes\u201d.<\/p>\n<p>\u201cConsideramos que este no es el camino, lo que tienen que hacer los legisladores es votar una ley de financiamiento educativo que pueda dar las condiciones adecuadas para una educaci\u00f3n inclusiva y de calidad\u201d, dijo.<\/p>\n<p>Por \u00faltimo, Baradel denunci\u00f3 \u201clas dificultades que los docentes y trabajadores estatales tienen con la atenci\u00f3n primaria de la salud en cuando al Ioma (Instituto de Obra M\u00e9dico Asistencial) que, en practicas de alta complejidad act\u00faa bien, pero cuando se trata de la atenci\u00f3n primaria de la salud, de pedir turnos, an\u00e1lisis de laboratorio o radiograf\u00eda los turnos, te los dan a mas de un mes\u201d.\u201cVenimos subsanando esta situaci\u00f3n con alcances y liquidaciones extraordinarias para que los docentes no dejen de cobrar el mismo mes pero se hace insoportable que todos los meses pase lo mismo\u201d, dijo Roberto Baradel, titular del gremio, en conferencia de prensa.<\/p>\n<p>El gremialista indic\u00f3 que esta situaci\u00f3n se debe a que \u201clos equipamientos que tiene la Direcci\u00f3n General de Cultura y Educaci\u00f3n son obsoletos y hay que renovarlos y hay que descentralizar para que en los distritos se puedan cargar las novedades para que los docentes cobren en tiempo y forma\u201d.<\/p>\n<p>\u201cVamos a ir a la justicia y al Ministerio de Trabajo\u201d, afirm\u00f3 Baradel.<\/p>\n<p>Asimismo , remarc\u00f3 que el sindicato est\u00e1 \u201cen desacuerdo con el proyecto de ley del c\u00f3digo educativo\u201d que se pretende llevar adelante en la provincia de Buenos Aires \u201cporque modifica y avanza sobre las condiciones laborales de los docentes\u201d.<\/p>\n<p>\u201cConsideramos que este no es el camino, lo que tienen que hacer los legisladores es votar una ley de financiamiento educativo que pueda dar las condiciones adecuadas para una educaci\u00f3n inclusiva y de calidad\u201d, dijo.<\/p>\n<p>Por \u00faltimo, Baradel denunci\u00f3 \u201clas dificultades que los docentes y trabajadores estatales tienen con la atenci\u00f3n primaria de la salud en cuando al Ioma (Instituto de Obra M\u00e9dico Asistencial) que, en practicas de alta complejidad act\u00faa bien, pero cuando se trata de la atenci\u00f3n primaria de la salud, de pedir turnos, an\u00e1lisis de laboratorio o radiograf\u00eda los turnos, te los dan a mas de un mes\u201d.<\/p>\n<p>&nbsp;<\/p>\n<p>&nbsp;<\/p>\n<p>&nbsp;<\/p>\n<p>&nbsp;<\/p>\n<p>&nbsp;<\/p>\n<p>&nbsp;<\/p>\n<p>&nbsp;<\/p>\n<p>&nbsp;<\/p>\n<p>&nbsp;<\/p>\n<p>&nbsp;<\/p>\n<p>&nbsp;<\/p>\n<p>&nbsp;<\/p>\n<p>&nbsp;<\/p>\n<p>&nbsp;<\/p>\n<p>&nbsp;<\/p>\n<p>&nbsp;<\/p>\n<p>&nbsp;<\/p>\n<p>&nbsp;<\/p>\n<p>&nbsp;<\/p>\n","protected":false},"excerpt":{"rendered":"<p>Docentes bonaerenses nucleados en el Sindicato Unificado de Trabajadores de la Educaci\u00f3n de Buenos Aires (Suteba) anunciaron hoy que realizar\u00e1n una presentaci\u00f3n en la justicia contencioso administrativa por \u201cirregularidades\u201d en la liquidaci\u00f3n de haberes de \u00abm\u00e1s de 20 mil docentes\u00bb.<\/p>\n","protected":false},"author":8,"featured_media":0,"comment_status":"open","ping_status":"open","sticky":false,"template":"","format":"standard","meta":{"_jetpack_newsletter_access":"","_jetpack_dont_email_post_to_subs":false,"_jetpack_newsletter_tier_id":0,"_jetpack_memberships_contains_paywalled_content":false,"_jetpack_memberships_contains_paid_content":false,"footnotes":""},"categories":[51],"tags":[],"class_list":["post-67320","post","type-post","status-publish","format-standard","hentry","category-politica"],"jetpack_shortlink":"https:\/\/wp.me\/p2JWE0-hvO","jetpack-related-posts":[{"id":107550,"url":"http:\/\/www.24baires.com\/?p=107550","url_meta":{"origin":67320,"position":0},"title":"Docentes bonaerenses denuncian \u00abdescuentos indiscriminados y arbitrarios\u00bb en sus sueldos","author":"GB","date":"06\/04\/2019","format":false,"excerpt":"Desde Suteba y la FEB sostienen que en los recientes dep\u00f3sitos se aplicaron quitas en varios distritos, incluso en maestros que no hicieron paro. Presentaron la denuncia a la Direcci\u00f3n General de Cultura y Educaci\u00f3n. En principio, la Federaci\u00f3n de Educadores Bonaerenses (FEB) que conduce Mirta Petrocini denunci\u00f3 hoy numerosas\u2026","rel":"","context":"En \u00abProvincia\u00bb","block_context":{"text":"Provincia","link":"http:\/\/www.24baires.com\/?cat=40"},"img":{"alt_text":"","src":"https:\/\/i0.wp.com\/www.24baires.com\/wp-content\/uploads\/2013\/06\/docentes-ultima-300x200.jpg?resize=350%2C200","width":350,"height":200},"classes":[]},{"id":108629,"url":"http:\/\/www.24baires.com\/?p=108629","url_meta":{"origin":67320,"position":1},"title":"Docentes denuncian que siguen los descuentos por los paros y reclaman devoluci\u00f3n","author":"GB","date":"07\/06\/2019","format":false,"excerpt":"Docentes bonaerenses denunciaron hoy que contin\u00faan los descuentos por los d\u00edas de paro y reclamaron este viernes a la Direcci\u00f3n General de Cultura y Educaci\u00f3n la inmediata devoluci\u00f3n, tras se\u00f1alar que esa era una condici\u00f3n del acta paritaria firmada en abril pasado. \"Generaron confusi\u00f3n y malestar\", afirmaron. \"Exigimos la urgente\u2026","rel":"","context":"En \u00abProvincia\u00bb","block_context":{"text":"Provincia","link":"http:\/\/www.24baires.com\/?cat=40"},"img":{"alt_text":"","src":"https:\/\/i0.wp.com\/www.24baires.com\/wp-content\/uploads\/2017\/03\/marcha-federal-docente.jpg?resize=350%2C200","width":350,"height":200,"srcset":"https:\/\/i0.wp.com\/www.24baires.com\/wp-content\/uploads\/2017\/03\/marcha-federal-docente.jpg?resize=350%2C200 1x, https:\/\/i0.wp.com\/www.24baires.com\/wp-content\/uploads\/2017\/03\/marcha-federal-docente.jpg?resize=525%2C300 1.5x"},"classes":[]},{"id":20844,"url":"http:\/\/www.24baires.com\/?p=20844","url_meta":{"origin":67320,"position":2},"title":"Petrocini revela que llegan cientos de quejas por irregularidades en liquidaciones a docentes y Provincia lo reconoce","author":"Grupo Sierra","date":"12\/04\/2013","format":false,"excerpt":"Luego de la solicitud que realiz\u00f3 este viernes la FEB junto al Frente Gremial, pidiendo una inmediata reuni\u00f3n por reiteradas deudas en sueldos y liquidaciones incorrectas, Mirta Petrocini destac\u00f3 que \u201ccada irregularidad del gobierno termine impactando en el flaco bolsillo de los docentes\u201d. Mientras tanto la Direcci\u00f3n de Cultura y\u2026","rel":"","context":"En \u00abProvincia\u00bb","block_context":{"text":"Provincia","link":"http:\/\/www.24baires.com\/?cat=40"},"img":{"alt_text":"","src":"","width":0,"height":0},"classes":[]},{"id":20798,"url":"http:\/\/www.24baires.com\/?p=20798","url_meta":{"origin":67320,"position":3},"title":"\u00abLa situaci\u00f3n no da para m\u00e1s\u00bb, le dijo Baradel a De Luc\u00eda","author":"AF","date":"12\/04\/2013","format":false,"excerpt":"El secretario General de Suteba, adelant\u00f3 que se detectaron nuevas irregularidades en la liquidaci\u00f3n de haberes de los maestros por parte de la Direcci\u00f3n General de Cultura y Educaci\u00f3n, raz\u00f3n por la cual exigieron una reuni\u00f3n de car\u00e1cter urgente con la titular de esa cartera, Nora de Luc\u00eda.\u00a0 En el\u2026","rel":"","context":"En \u00abLocales\u00bb","block_context":{"text":"Locales","link":"http:\/\/www.24baires.com\/?cat=38"},"img":{"alt_text":"","src":"","width":0,"height":0},"classes":[]},{"id":21039,"url":"http:\/\/www.24baires.com\/?p=21039","url_meta":{"origin":67320,"position":4},"title":"Docentes se re\u00fanen esta tarde con De Luc\u00eda por irregularidades en las liquidaciones","author":"AF","date":"15\/04\/2013","format":false,"excerpt":"Los docentes bonaerenses volver\u00e1n a reunirse este lunes a las 17 con funcionarios del gobierno provincial, en el marco del renovado reclamo por la reapertura de la paritaria salarial, pero tambi\u00e9n ante las irregularidades en la liquidaci\u00f3n de salarios, producto de un error por parte de la Direcci\u00f3n de Cultura\u2026","rel":"","context":"En \u00abSociedad\u00bb","block_context":{"text":"Sociedad","link":"http:\/\/www.24baires.com\/?cat=1"},"img":{"alt_text":"de luc\u00eda y docentes","src":"https:\/\/i0.wp.com\/www.24baires.com\/wp-content\/uploads\/2012\/11\/de-luc%C3%ADa-y-docentes-300x196.jpg?resize=350%2C200","width":350,"height":200},"classes":[]},{"id":105987,"url":"http:\/\/www.24baires.com\/?p=105987","url_meta":{"origin":67320,"position":5},"title":"Suteba denunci\u00f3 \u00absumarios masivos\u00bb a docentes que realizaron paro","author":"GB","date":"18\/12\/2018","format":false,"excerpt":"El secretario general de Suteba, Roberto Baradel, denunci\u00f3 hoy que el Gobierno provincial realiz\u00f3 \"sumarios masivos\" a docentes que se adhirieron a los paros que llevaron adelante desde el Frente de Unidad Bonaerense (FUDB), y anunciaron una movilizaci\u00f3n para el jueves a la Direcci\u00f3n General de Cultura y Educaci\u00f3n. \"Denunciamos\u2026","rel":"","context":"En \u00abProvincia\u00bb","block_context":{"text":"Provincia","link":"http:\/\/www.24baires.com\/?cat=40"},"img":{"alt_text":"","src":"https:\/\/i0.wp.com\/www.24baires.com\/wp-content\/uploads\/2017\/04\/baradel-suteba.jpg?resize=350%2C200","width":350,"height":200,"srcset":"https:\/\/i0.wp.com\/www.24baires.com\/wp-content\/uploads\/2017\/04\/baradel-suteba.jpg?resize=350%2C200 1x, https:\/\/i0.wp.com\/www.24baires.com\/wp-content\/uploads\/2017\/04\/baradel-suteba.jpg?resize=525%2C300 1.5x"},"classes":[]}],"jetpack_sharing_enabled":true,"jetpack_likes_enabled":true,"jetpack_featured_media_url":"","_links":{"self":[{"href":"http:\/\/www.24baires.com\/index.php?rest_route=\/wp\/v2\/posts\/67320","targetHints":{"allow":["GET"]}}],"collection":[{"href":"http:\/\/www.24baires.com\/index.php?rest_route=\/wp\/v2\/posts"}],"about":[{"href":"http:\/\/www.24baires.com\/index.php?rest_route=\/wp\/v2\/types\/post"}],"author":[{"embeddable":true,"href":"http:\/\/www.24baires.com\/index.php?rest_route=\/wp\/v2\/users\/8"}],"replies":[{"embeddable":true,"href":"http:\/\/www.24baires.com\/index.php?rest_route=%2Fwp%2Fv2%2Fcomments&post=67320"}],"version-history":[{"count":1,"href":"http:\/\/www.24baires.com\/index.php?rest_route=\/wp\/v2\/posts\/67320\/revisions"}],"predecessor-version":[{"id":67321,"href":"http:\/\/www.24baires.com\/index.php?rest_route=\/wp\/v2\/posts\/67320\/revisions\/67321"}],"wp:attachment":[{"href":"http:\/\/www.24baires.com\/index.php?rest_route=%2Fwp%2Fv2%2Fmedia&parent=67320"}],"wp:term":[{"taxonomy":"category","embeddable":true,"href":"http:\/\/www.24baires.com\/index.php?rest_route=%2Fwp%2Fv2%2Fcategories&post=67320"},{"taxonomy":"post_tag","embeddable":true,"href":"http:\/\/www.24baires.com\/index.php?rest_route=%2Fwp%2Fv2%2Ftags&post=67320"}],"curies":[{"name":"wp","href":"https:\/\/api.w.org\/{rel}","templated":true}]}}