{"id":67297,"date":"2015-06-09T20:26:36","date_gmt":"2015-06-09T23:26:36","guid":{"rendered":"http:\/\/www.24baires.com\/?p=67297"},"modified":"2015-06-09T20:26:36","modified_gmt":"2015-06-09T23:26:36","slug":"los-dichos-de-barrionuevo-son-una-confesion-que-habria-que-investigar","status":"publish","type":"post","link":"http:\/\/www.24baires.com\/?p=67297","title":{"rendered":"\u201cLos dichos de Barrionuevo son una confesi\u00f3n que habr\u00eda que investigar\u201d"},"content":{"rendered":"<p><img data-recalc-dims=\"1\" loading=\"lazy\" decoding=\"async\" class=\"aligncenter size-full wp-image-21749\" src=\"https:\/\/i0.wp.com\/www.24baires.com\/wp-content\/uploads\/2013\/04\/estela-carlotto.jpg?resize=560%2C420\" alt=\"estela carlotto\" width=\"560\" height=\"420\" srcset=\"https:\/\/i0.wp.com\/www.24baires.com\/wp-content\/uploads\/2013\/04\/estela-carlotto.jpg?w=560 560w, https:\/\/i0.wp.com\/www.24baires.com\/wp-content\/uploads\/2013\/04\/estela-carlotto.jpg?resize=300%2C225 300w\" sizes=\"auto, (max-width: 560px) 100vw, 560px\" \/>La presidenta de Abuelas de Plaza de Mayo expres\u00f3 su repudi\u00f3 y rechaz\u00f3 a las declaraciones elogiosas del dirigente gastron\u00f3mico Luis Barrionuevo sobre la dictadura c\u00edvico-militar.<!--more--><\/p>\n<p>\u201cCuando \u00e9l est\u00e1 tan seguro de decir que estaba mejor hay que ver por qu\u00e9. Habr\u00eda que pedir a la Justicia que investigue en qu\u00e9 se benefici\u00f3\u201d, indic\u00f3 Carlotto en declaraciones al canal C5N. \u201cA lo mejor tiene para decir algo que no sabemos y que lo ata ideol\u00f3gicamente a ese Proceso aberrante\u201d, agreg\u00f3.<\/p>\n<p>Carlotto se\u00f1al\u00f3, adem\u00e1s, que en su opini\u00f3n el sindicalista \u201cha hecho apolog\u00eda del delito ya que toda dictadura es un acto delictivo y no podemos reivindicar lo inmoral o lo il\u00edcito\u201d.<br \/>\nPor otra parte, la titular de Abuelas si bien aclar\u00f3 que no puede dar \u201cnombres espec\u00edficos\u201d, asegur\u00f3 que \u201cdentro del proceso del terrorismo c\u00edvico \u2013 militar hubo complicidades, sospechas y realidades\u201d.<\/p>\n<p>Finalmente, Carlotto consider\u00f3 que Barrionuevo \u201cse olvida de sus compa\u00f1eros si es que los consider\u00f3 as\u00ed, ya que centenares de trabajadores fueron desaparecidos\u201d<\/p>\n","protected":false},"excerpt":{"rendered":"<p>La presidenta de Abuelas de Plaza de Mayo expres\u00f3 su repudi\u00f3 y rechaz\u00f3 a las declaraciones elogiosas del dirigente gastron\u00f3mico Luis Barrionuevo sobre la dictadura c\u00edvico-militar.<\/p>\n","protected":false},"author":8,"featured_media":0,"comment_status":"open","ping_status":"open","sticky":false,"template":"","format":"standard","meta":{"_jetpack_newsletter_access":"","_jetpack_dont_email_post_to_subs":false,"_jetpack_newsletter_tier_id":0,"_jetpack_memberships_contains_paywalled_content":false,"_jetpack_memberships_contains_paid_content":false,"footnotes":""},"categories":[51],"tags":[],"class_list":["post-67297","post","type-post","status-publish","format-standard","hentry","category-politica"],"jetpack_shortlink":"https:\/\/wp.me\/p2JWE0-hvr","jetpack-related-posts":[{"id":101248,"url":"http:\/\/www.24baires.com\/?p=101248","url_meta":{"origin":67297,"position":0},"title":"Vidal inaugur\u00f3 un Espacio para la Memoria junto a Carlotto","author":"AF","date":"23\/03\/2018","format":false,"excerpt":"La gobernadora bonaerense inaugur\u00f3 un Espacio para la Memoria junto a la titular de Abuelas de Plaza de Mayo. En v\u00edsperas de un nuevo aniversario del golpe de Estado de 1976, la presidenta de Abuelas, Estela de Carlotto, acompa\u00f1\u00f3 a la gobernadora bonaerense, Mar\u00eda Eugenia Vidal, en la inauguraci\u00f3n de\u2026","rel":"","context":"En \u00abSociedad\u00bb","block_context":{"text":"Sociedad","link":"http:\/\/www.24baires.com\/?cat=1"},"img":{"alt_text":"","src":"https:\/\/i0.wp.com\/www.24baires.com\/wp-content\/uploads\/2018\/03\/vidal-carlotto.png?resize=350%2C200","width":350,"height":200,"srcset":"https:\/\/i0.wp.com\/www.24baires.com\/wp-content\/uploads\/2018\/03\/vidal-carlotto.png?resize=350%2C200 1x, https:\/\/i0.wp.com\/www.24baires.com\/wp-content\/uploads\/2018\/03\/vidal-carlotto.png?resize=525%2C300 1.5x"},"classes":[]},{"id":21623,"url":"http:\/\/www.24baires.com\/?p=21623","url_meta":{"origin":67297,"position":1},"title":"Estela de Carlotto visitar\u00e1 este mi\u00e9rcoles al Papa","author":"AF","date":"22\/04\/2013","format":false,"excerpt":"La reuni\u00f3n tendr\u00e1 lugar este mi\u00e9rcoles tras la audiencia general que se celebra en el Vaticano. La presidenta de Abuelas de Plaza de Mayo hab\u00eda pedido en marzo \"un gesto\" del pont\u00edfice argentino a favor del trabajo de esta organizaci\u00f3n en la b\u00fasqueda de los nietos apropiados durante la dictadura\u2026","rel":"","context":"En \u00abSociedad\u00bb","block_context":{"text":"Sociedad","link":"http:\/\/www.24baires.com\/?cat=1"},"img":{"alt_text":"carlotto","src":"https:\/\/i0.wp.com\/www.24baires.com\/wp-content\/uploads\/2012\/12\/carlotto.jpg?resize=350%2C200","width":350,"height":200},"classes":[]},{"id":47444,"url":"http:\/\/www.24baires.com\/?p=47444","url_meta":{"origin":67297,"position":2},"title":"\u00abHay que tener memoria porque el peligro todav\u00eda existe\u00bb advirti\u00f3 Carlotto","author":"GB","date":"05\/06\/2014","format":false,"excerpt":"Lo dijo la presidenta de Abuelas de Plaza de Mayo y critic\u00f3 a los medios de comunicaci\u00f3n que \"ignoran o desvirtuan\" el desarrollo de los juicios que investigan delitos de lesa humanidad durante la dictadura c\u00edvico-militar. Carlotto brind\u00f3 ayer su testimonio ante el Tribunal Oral Federal 1 de La Plata,\u2026","rel":"","context":"En \u00abMemoria\u00bb","block_context":{"text":"Memoria","link":"http:\/\/www.24baires.com\/?cat=50"},"img":{"alt_text":"carlotto","src":"https:\/\/i0.wp.com\/www.24baires.com\/wp-content\/uploads\/2012\/10\/carlotto-300x179.jpg?resize=350%2C200","width":350,"height":200},"classes":[]},{"id":41688,"url":"http:\/\/www.24baires.com\/?p=41688","url_meta":{"origin":67297,"position":3},"title":"Estela de Carlotto en el D\u00eda de la Mujer: \u00abPara la dictadura eramos tontas\u00bb","author":"Grupo Sierra","date":"07\/03\/2014","format":false,"excerpt":"La titular de Abuelas de Plaza de Mayo destac\u00f3 el valor de la lucha femenina y colectiva para enfrentar al r\u00e9gimen c\u00edvico militar y reclamar justicia. La titular de Abuelas de Plaza de Mayo, Estela de Carlotto, asegur\u00f3 que su lucha no es individual sino colectiva. \u201cNo hubiera hecho nada\u2026","rel":"","context":"En \u00abPol\u00edtica\u00bb","block_context":{"text":"Pol\u00edtica","link":"http:\/\/www.24baires.com\/?cat=51"},"img":{"alt_text":"estela carlotto","src":"https:\/\/i0.wp.com\/www.24baires.com\/wp-content\/uploads\/2013\/04\/estela-carlotto.jpg?resize=350%2C200","width":350,"height":200,"srcset":"https:\/\/i0.wp.com\/www.24baires.com\/wp-content\/uploads\/2013\/04\/estela-carlotto.jpg?resize=350%2C200 1x, https:\/\/i0.wp.com\/www.24baires.com\/wp-content\/uploads\/2013\/04\/estela-carlotto.jpg?resize=525%2C300 1.5x"},"classes":[]},{"id":28395,"url":"http:\/\/www.24baires.com\/?p=28395","url_meta":{"origin":67297,"position":4},"title":"Estela de Carlotto: que \u00abaporten pruebas a la Justicia\u00bb quienes denuncian al jefe del Ej\u00e9rcito","author":"AF","date":"16\/07\/2013","format":false,"excerpt":"La titular de Abuelas de Plaza de Mayo afirm\u00f3 que la instituci\u00f3n \"no cuenta hasta el momento\" con informaci\u00f3n acerca de la vinculaci\u00f3n de C\u00e9sar Milani con delitos de lesa humanidad y pidi\u00f3 a quienes hicieron la denuncia que \"acerquen las pruebas\". Carlotto se refiri\u00f3 as\u00ed a la controversia que\u2026","rel":"","context":"En \u00abSociedad\u00bb","block_context":{"text":"Sociedad","link":"http:\/\/www.24baires.com\/?cat=1"},"img":{"alt_text":"","src":"","width":0,"height":0},"classes":[]},{"id":102322,"url":"http:\/\/www.24baires.com\/?p=102322","url_meta":{"origin":67297,"position":5},"title":"La asociaci\u00f3n Abuelas de Plaza de Mayo fue nominada al Premio Nobel de la Paz 2018","author":"AF","date":"23\/05\/2018","format":false,"excerpt":"Ya son varias las ocasiones en que la asociaci\u00f3n que preside Estela de Carlotto recibe la nominaci\u00f3n. El Comit\u00e9 Noruego acept\u00f3 a la asociaci\u00f3n Abuelas de Plaza de Mayo entre los nominados al Premio Nobel de la Paz edici\u00f3n 2018. La presidenta de Abuelas, Estela de Carlotto, har\u00e1 el anuncio\u2026","rel":"","context":"En \u00abSociedad\u00bb","block_context":{"text":"Sociedad","link":"http:\/\/www.24baires.com\/?cat=1"},"img":{"alt_text":"","src":"https:\/\/i0.wp.com\/www.24baires.com\/wp-content\/uploads\/2012\/11\/madres-abuelas-circuito-camps.jpg?resize=350%2C200","width":350,"height":200,"srcset":"https:\/\/i0.wp.com\/www.24baires.com\/wp-content\/uploads\/2012\/11\/madres-abuelas-circuito-camps.jpg?resize=350%2C200 1x, https:\/\/i0.wp.com\/www.24baires.com\/wp-content\/uploads\/2012\/11\/madres-abuelas-circuito-camps.jpg?resize=525%2C300 1.5x"},"classes":[]}],"jetpack_sharing_enabled":true,"jetpack_likes_enabled":true,"jetpack_featured_media_url":"","_links":{"self":[{"href":"http:\/\/www.24baires.com\/index.php?rest_route=\/wp\/v2\/posts\/67297","targetHints":{"allow":["GET"]}}],"collection":[{"href":"http:\/\/www.24baires.com\/index.php?rest_route=\/wp\/v2\/posts"}],"about":[{"href":"http:\/\/www.24baires.com\/index.php?rest_route=\/wp\/v2\/types\/post"}],"author":[{"embeddable":true,"href":"http:\/\/www.24baires.com\/index.php?rest_route=\/wp\/v2\/users\/8"}],"replies":[{"embeddable":true,"href":"http:\/\/www.24baires.com\/index.php?rest_route=%2Fwp%2Fv2%2Fcomments&post=67297"}],"version-history":[{"count":1,"href":"http:\/\/www.24baires.com\/index.php?rest_route=\/wp\/v2\/posts\/67297\/revisions"}],"predecessor-version":[{"id":67298,"href":"http:\/\/www.24baires.com\/index.php?rest_route=\/wp\/v2\/posts\/67297\/revisions\/67298"}],"wp:attachment":[{"href":"http:\/\/www.24baires.com\/index.php?rest_route=%2Fwp%2Fv2%2Fmedia&parent=67297"}],"wp:term":[{"taxonomy":"category","embeddable":true,"href":"http:\/\/www.24baires.com\/index.php?rest_route=%2Fwp%2Fv2%2Fcategories&post=67297"},{"taxonomy":"post_tag","embeddable":true,"href":"http:\/\/www.24baires.com\/index.php?rest_route=%2Fwp%2Fv2%2Ftags&post=67297"}],"curies":[{"name":"wp","href":"https:\/\/api.w.org\/{rel}","templated":true}]}}